{"id":1303,"date":"2013-05-09T07:24:23","date_gmt":"2013-05-09T06:24:23","guid":{"rendered":"http:\/\/ielesvinyes.net\/?p=1303"},"modified":"2022-09-28T07:05:42","modified_gmt":"2022-09-28T05:05:42","slug":"vaga-general-deducacio","status":"publish","type":"post","link":"https:\/\/agora.xtec.cat\/ielesvinyes\/2012-13\/vaga-general-deducacio\/","title":{"rendered":"Vaga General d&#039;Educaci\u00f3"},"content":{"rendered":"<figure id=\"attachment_1309\" aria-describedby=\"caption-attachment-1309\" style=\"width: 192px\" class=\"wp-caption alignleft\"><a href=\"http:\/\/agora.xtec.cat\/ielesvinyes\/wp-content\/uploads\/usu1433\/2013\/05\/soseducaci\u00f3.jpg\"><img loading=\"lazy\" decoding=\"async\" class=\" wp-image-1309 \" alt=\"soseducaci\u00f3\" src=\"http:\/\/agora.xtec.cat\/ielesvinyes\/wp-content\/uploads\/usu1433\/2013\/05\/soseducaci\u00f3.jpg\" width=\"192\" height=\"182\" srcset=\"https:\/\/agora.xtec.cat\/ielesvinyes\/wp-content\/uploads\/usu1433\/2013\/05\/soseducaci\u00f3.jpg 320w, https:\/\/agora.xtec.cat\/ielesvinyes\/wp-content\/uploads\/usu1433\/2013\/05\/soseducaci\u00f3-300x285.jpg 300w\" sizes=\"auto, (max-width: 192px) 100vw, 192px\" \/><\/a><figcaption id=\"caption-attachment-1309\" class=\"wp-caption-text\">Vaga General d&#8217;Educaci\u00f3 9\/5\/2013<\/figcaption><\/figure>\n<p>Les mestres i el professorat de l\u2019Institut Escola Les Vinyes<strong> estem totalment en desacord amb les <em>contrareformes educatives<\/em> que volen aplicar el \u201cMinisterio de Educaci\u00f3n\u201d, la cont\u00ednua reducci\u00f3 dels pressupostos educatius i les pol\u00edtiques d\u2019austeritat que perjudiquen greument l&#8217;educaci\u00f3.<\/strong><\/p>\n<p>Creiem, per\u00f2, que no s\u00f3n mesures que ens afecten exclusivament a nosaltres com a professionals de l\u2019Educaci\u00f3, sin\u00f3 que van molt m\u00e9s enll\u00e0, i que haurien de preocupar tamb\u00e9, i molt, a tots els pares i mares, ja que incideixen directament en la situaci\u00f3 actual de les fam\u00edlies, i en el present i futur de tots els nens, nenes, nois i noies de la nostra societat.<\/p>\n<p>El claustre de l\u2019Institut Escola Les Vinyes, tot i tenir motius suficients per afegir-nos a la convocat\u00f2ria de vaga, considera que potser no \u00e9s la millor manera, o la m\u00e9s efectiva, de mostrar el nostre descontentament. Per tant, els docents <strong>hem decidit venir a treballar, per\u00f2 dedicar gran part de l\u2019horari lectiu a fer activitats relacionades amb aquest tema:<\/strong><\/p>\n<p style=\"padding-left: 30px;\">&#8211; Xerrades, debats i reflexions amb els alumnes sobre el futur que ens espera i el que voldr\u00edem.<br \/>\n&#8211; Confecci\u00f3 de r\u00e8tols amb reflexions i frases reivindicatives.<br \/>\n&#8211; Cassolada r\u00edtmico-reivindicativa conjunta de tot el centre.<\/p>\n<p>Per tant, des del Claustre de l\u2019Institut Escola demanem a tota la comunitat educativa la vostra participaci\u00f3 i col\u2022laboraci\u00f3 al llarg del dia, assistint al centre amb <strong>la samarreta groga<\/strong>, per a que se\u2019ns vegi!, \u00a0i amb <strong>una cassola, tapa de cassola, pot o qualsevol estri que faci soroll,<\/strong> per a que se\u2019ns senti!<\/p>\n<p><strong><span style=\"color: #008000;\">Per aix\u00f2, us convoquem de les\u00a016:15 a les 16:30h per a fer una lectura del text o manifest elaborat amb els alumnes i a participar de la cassolada amb les fam\u00edlies al pati d\u2019Educaci\u00f3 Infantil.<\/span><\/strong><\/p>\n<p>Actualitzaci\u00f3 les 12 h:<\/p>\n<p style=\"text-align: center;\"><a href=\"http:\/\/agora.xtec.cat\/ielesvinyes\/wp-content\/uploads\/usu1433\/2013\/05\/Tamborilada-infantil.jpg\"><img loading=\"lazy\" decoding=\"async\" class=\"size-full wp-image-1319 aligncenter\" alt=\"Tamborilada infantil\" src=\"http:\/\/agora.xtec.cat\/ielesvinyes\/wp-content\/uploads\/usu1433\/2013\/05\/Tamborilada-infantil.jpg\" width=\"367\" height=\"275\" srcset=\"https:\/\/agora.xtec.cat\/ielesvinyes\/wp-content\/uploads\/usu1433\/2013\/05\/Tamborilada-infantil.jpg 367w, https:\/\/agora.xtec.cat\/ielesvinyes\/wp-content\/uploads\/usu1433\/2013\/05\/Tamborilada-infantil-300x225.jpg 300w, https:\/\/agora.xtec.cat\/ielesvinyes\/wp-content\/uploads\/usu1433\/2013\/05\/Tamborilada-infantil-200x150.jpg 200w\" sizes=\"auto, (max-width: 367px) 100vw, 367px\" \/><\/a><\/p>\n","protected":false},"excerpt":{"rendered":"<p>Les mestres i el professorat de l\u2019Institut Escola Les Vinyes estem totalment en desacord amb les contrareformes educatives que volen aplicar el \u201cMinisterio de Educaci\u00f3n\u201d, la cont\u00ednua reducci\u00f3 dels pressupostos educatius i les pol\u00edtiques d\u2019austeritat que perjudiquen greument l&#8217;educaci\u00f3. Creiem, per\u00f2, que no s\u00f3n mesures que ens afecten exclusivament a nosaltres com a professionals de [&hellip;]<\/p>\n","protected":false},"author":1,"featured_media":1309,"comment_status":"open","ping_status":"open","sticky":false,"template":"","format":"standard","meta":{"_bbp_topic_count":0,"_bbp_reply_count":0,"_bbp_total_topic_count":0,"_bbp_total_reply_count":0,"_bbp_voice_count":0,"_bbp_anonymous_reply_count":0,"_bbp_topic_count_hidden":0,"_bbp_reply_count_hidden":0,"_bbp_forum_subforum_count":0,"site-sidebar-layout":"default","site-content-layout":"","ast-site-content-layout":"","site-content-style":"default","site-sidebar-style":"default","ast-global-header-display":"","ast-banner-title-visibility":"","ast-main-header-display":"","ast-hfb-above-header-display":"","ast-hfb-below-header-display":"","ast-hfb-mobile-header-display":"","site-post-title":"","ast-breadcrumbs-content":"","ast-featured-img":"","footer-sml-layout":"","theme-transparent-header-meta":"","adv-header-id-meta":"","stick-header-meta":"","header-above-stick-meta":"","header-main-stick-meta":"","header-below-stick-meta":"","astra-migrate-meta-layouts":"default","ast-page-background-enabled":"default","ast-page-background-meta":{"desktop":{"background-color":"var(--ast-global-color-4)","background-image":"","background-repeat":"repeat","background-position":"center center","background-size":"auto","background-attachment":"scroll","background-type":"","background-media":"","overlay-type":"","overlay-color":"","overlay-opacity":"","overlay-gradient":""},"tablet":{"background-color":"","background-image":"","background-repeat":"repeat","background-position":"center center","background-size":"auto","background-attachment":"scroll","background-type":"","background-media":"","overlay-type":"","overlay-color":"","overlay-opacity":"","overlay-gradient":""},"mobile":{"background-color":"","background-image":"","background-repeat":"repeat","background-position":"center center","background-size":"auto","background-attachment":"scroll","background-type":"","background-media":"","overlay-type":"","overlay-color":"","overlay-opacity":"","overlay-gradient":""}},"ast-content-background-meta":{"desktop":{"background-color":"var(--ast-global-color-5)","background-image":"","background-repeat":"repeat","background-position":"center center","background-size":"auto","background-attachment":"scroll","background-type":"","background-media":"","overlay-type":"","overlay-color":"","overlay-opacity":"","overlay-gradient":""},"tablet":{"background-color":"var(--ast-global-color-5)","background-image":"","background-repeat":"repeat","background-position":"center center","background-size":"auto","background-attachment":"scroll","background-type":"","background-media":"","overlay-type":"","overlay-color":"","overlay-opacity":"","overlay-gradient":""},"mobile":{"background-color":"var(--ast-global-color-5)","background-image":"","background-repeat":"repeat","background-position":"center center","background-size":"auto","background-attachment":"scroll","background-type":"","background-media":"","overlay-type":"","overlay-color":"","overlay-opacity":"","overlay-gradient":""}},"footnotes":""},"categories":[109,301],"tags":[314],"class_list":["post-1303","post","type-post","status-publish","format-standard","has-post-thumbnail","hentry","category-2012-13","category-secundaria","tag-vaga"],"post_mailing_queue_ids":[],"_links":{"self":[{"href":"https:\/\/agora.xtec.cat\/ielesvinyes\/wp-json\/wp\/v2\/posts\/1303","targetHints":{"allow":["GET"]}}],"collection":[{"href":"https:\/\/agora.xtec.cat\/ielesvinyes\/wp-json\/wp\/v2\/posts"}],"about":[{"href":"https:\/\/agora.xtec.cat\/ielesvinyes\/wp-json\/wp\/v2\/types\/post"}],"author":[{"embeddable":true,"href":"https:\/\/agora.xtec.cat\/ielesvinyes\/wp-json\/wp\/v2\/users\/1"}],"replies":[{"embeddable":true,"href":"https:\/\/agora.xtec.cat\/ielesvinyes\/wp-json\/wp\/v2\/comments?post=1303"}],"version-history":[{"count":1,"href":"https:\/\/agora.xtec.cat\/ielesvinyes\/wp-json\/wp\/v2\/posts\/1303\/revisions"}],"predecessor-version":[{"id":7437,"href":"https:\/\/agora.xtec.cat\/ielesvinyes\/wp-json\/wp\/v2\/posts\/1303\/revisions\/7437"}],"wp:featuredmedia":[{"embeddable":true,"href":"https:\/\/agora.xtec.cat\/ielesvinyes\/wp-json\/wp\/v2\/media\/1309"}],"wp:attachment":[{"href":"https:\/\/agora.xtec.cat\/ielesvinyes\/wp-json\/wp\/v2\/media?parent=1303"}],"wp:term":[{"taxonomy":"category","embeddable":true,"href":"https:\/\/agora.xtec.cat\/ielesvinyes\/wp-json\/wp\/v2\/categories?post=1303"},{"taxonomy":"post_tag","embeddable":true,"href":"https:\/\/agora.xtec.cat\/ielesvinyes\/wp-json\/wp\/v2\/tags?post=1303"}],"curies":[{"name":"wp","href":"https:\/\/api.w.org\/{rel}","templated":true}]}}