{"id":1285,"date":"2013-05-06T09:02:52","date_gmt":"2013-05-06T08:02:52","guid":{"rendered":"http:\/\/ielesvinyes.net\/?p=1285"},"modified":"2022-09-28T07:05:42","modified_gmt":"2022-09-28T05:05:42","slug":"sortida-de-tot-el-centre-a-montserrat","status":"publish","type":"post","link":"https:\/\/agora.xtec.cat\/ielesvinyes\/general\/sortida-de-tot-el-centre-a-montserrat\/","title":{"rendered":"Sortida de tot el centre a Montserrat"},"content":{"rendered":"<p>Divendres passat, tot el centre vam anar a passar el dia a Montserrat: alumnat d&#8217;educaci\u00f3 infantil, d&#8217;educaci\u00f3 secund\u00e0ria, mestres, professors i monitors. Tot plegat, 250 persones,\u00a0 5 autocars i 22 instruments!<\/p>\n<figure style=\"width: 240px\" class=\"wp-caption alignleft\"><a title=\"P1080272 por Institut Escola Les Vinyes, en Flickr\" href=\"http:\/\/www.flickr.com\/photos\/ielesvinyes\/8711690366\/\"><img loading=\"lazy\" decoding=\"async\" alt=\"P1080272\" src=\"http:\/\/farm9.staticflickr.com\/8257\/8711690366_de0860d4e7_m.jpg\" width=\"240\" height=\"180\" \/><\/a><figcaption class=\"wp-caption-text\">Taller d&#8217;infantil<\/figcaption><\/figure>\n<p>Vam fer un taller de natura, &#8220;El bosc animat&#8221;,\u00a0amb els m\u00e9s petits, prop del monestir, tot el mat\u00ed. Ens van explicar com es va formar la muntanya, llegendes com la del Gegant encantat i vam con\u00e8ixer els animals que hi viuen.<\/p>\n<p>Els alumnes i professors de l&#8217;ESO vam pujar els 1500 graons de les anomenades &#8220;escales dels pobres&#8221;, per arribar a l&#8217;estaci\u00f3 superior del funicular de Sant Joan. Van visitar l&#8217;Aula de Natura i el mirador amb una impressionant vista panor\u00e0mica de la muntanya. Encara hi ha qui, a l&#8217;endem\u00e0, recordava les escales&#8230;<\/p>\n<figure style=\"width: 240px\" class=\"wp-caption alignleft\"><a title=\"Sortida a Montserrat - Abril 2013 por Institut Escola Les Vinyes, en Flickr\" href=\"http:\/\/www.flickr.com\/photos\/ielesvinyes\/8709871665\/\"><img loading=\"lazy\" decoding=\"async\" alt=\"Sortida a Montserrat - Abril 2013\" src=\"http:\/\/farm9.staticflickr.com\/8119\/8709871665_472495113d_m.jpg\" width=\"240\" height=\"173\" \/><\/a><figcaption class=\"wp-caption-text\">Cantada de can\u00e7ons<\/figcaption><\/figure>\n<p>Despr\u00e9s vam dinar plegats i vam fer una cantada de can\u00e7ons a la pla\u00e7a de Santa Maria. Una petita cantada que va esdevenir un espectacle sorprenent davant de la muni\u00f3 de turistes de tot el m\u00f3n que no s&#8217;ho acabaven de creure \ud83d\ude42<\/p>\n<p>Aqu\u00ed en teniu el reportatge fotogr\u00e0fic:<\/p>\n<p><object width=\"400\" height=\"300\" classid=\"clsid:d27cdb6e-ae6d-11cf-96b8-444553540000\" codebase=\"http:\/\/download.macromedia.com\/pub\/shockwave\/cabs\/flash\/swflash.cab#version=6,0,40,0\"><param name=\"flashvars\" value=\"offsite=true&amp;lang=es-us&amp;page_show_url=%2Fphotos%2Fielesvinyes%2Fsets%2F72157633424343604%2Fshow%2F&amp;page_show_back_url=%2Fphotos%2Fielesvinyes%2Fsets%2F72157633424343604%2F&amp;set_id=72157633424343604&amp;jump_to=\" \/><param name=\"allowFullScreen\" value=\"true\" \/><param name=\"src\" value=\"http:\/\/www.flickr.com\/apps\/slideshow\/show.swf?v=124984\" \/><param name=\"allowfullscreen\" value=\"true\" \/><embed width=\"400\" height=\"300\" type=\"application\/x-shockwave-flash\" src=\"http:\/\/www.flickr.com\/apps\/slideshow\/show.swf?v=124984\" flashvars=\"offsite=true&amp;lang=es-us&amp;page_show_url=%2Fphotos%2Fielesvinyes%2Fsets%2F72157633424343604%2Fshow%2F&amp;page_show_back_url=%2Fphotos%2Fielesvinyes%2Fsets%2F72157633424343604%2F&amp;set_id=72157633424343604&amp;jump_to=\" allowFullScreen=\"true\" allowfullscreen=\"true\" \/><\/object><\/p>\n<p>&nbsp;<\/p>\n","protected":false},"excerpt":{"rendered":"<p>Divendres passat, tot el centre vam anar a passar el dia a Montserrat: alumnat d&#8217;educaci\u00f3 infantil, d&#8217;educaci\u00f3 secund\u00e0ria, mestres, professors i monitors. Tot plegat, 250 persones,\u00a0 5 autocars i 22 instruments! Vam fer un taller de natura, &#8220;El bosc animat&#8221;,\u00a0amb els m\u00e9s petits, prop del monestir, tot el mat\u00ed. Ens van explicar com es va [&hellip;]<\/p>\n","protected":false},"author":1,"featured_media":0,"comment_status":"open","ping_status":"open","sticky":false,"template":"","format":"standard","meta":{"_bbp_topic_count":0,"_bbp_reply_count":0,"_bbp_total_topic_count":0,"_bbp_total_reply_count":0,"_bbp_voice_count":0,"_bbp_anonymous_reply_count":0,"_bbp_topic_count_hidden":0,"_bbp_reply_count_hidden":0,"_bbp_forum_subforum_count":0,"site-sidebar-layout":"default","site-content-layout":"","ast-site-content-layout":"","site-content-style":"default","site-sidebar-style":"default","ast-global-header-display":"","ast-banner-title-visibility":"","ast-main-header-display":"","ast-hfb-above-header-display":"","ast-hfb-below-header-display":"","ast-hfb-mobile-header-display":"","site-post-title":"","ast-breadcrumbs-content":"","ast-featured-img":"","footer-sml-layout":"","theme-transparent-header-meta":"","adv-header-id-meta":"","stick-header-meta":"","header-above-stick-meta":"","header-main-stick-meta":"","header-below-stick-meta":"","astra-migrate-meta-layouts":"default","ast-page-background-enabled":"default","ast-page-background-meta":{"desktop":{"background-color":"var(--ast-global-color-4)","background-image":"","background-repeat":"repeat","background-position":"center center","background-size":"auto","background-attachment":"scroll","background-type":"","background-media":"","overlay-type":"","overlay-color":"","overlay-opacity":"","overlay-gradient":""},"tablet":{"background-color":"","background-image":"","background-repeat":"repeat","background-position":"center center","background-size":"auto","background-attachment":"scroll","background-type":"","background-media":"","overlay-type":"","overlay-color":"","overlay-opacity":"","overlay-gradient":""},"mobile":{"background-color":"","background-image":"","background-repeat":"repeat","background-position":"center center","background-size":"auto","background-attachment":"scroll","background-type":"","background-media":"","overlay-type":"","overlay-color":"","overlay-opacity":"","overlay-gradient":""}},"ast-content-background-meta":{"desktop":{"background-color":"var(--ast-global-color-5)","background-image":"","background-repeat":"repeat","background-position":"center center","background-size":"auto","background-attachment":"scroll","background-type":"","background-media":"","overlay-type":"","overlay-color":"","overlay-opacity":"","overlay-gradient":""},"tablet":{"background-color":"var(--ast-global-color-5)","background-image":"","background-repeat":"repeat","background-position":"center center","background-size":"auto","background-attachment":"scroll","background-type":"","background-media":"","overlay-type":"","overlay-color":"","overlay-opacity":"","overlay-gradient":""},"mobile":{"background-color":"var(--ast-global-color-5)","background-image":"","background-repeat":"repeat","background-position":"center center","background-size":"auto","background-attachment":"scroll","background-type":"","background-media":"","overlay-type":"","overlay-color":"","overlay-opacity":"","overlay-gradient":""}},"footnotes":""},"categories":[109,1,301],"tags":[269],"class_list":["post-1285","post","type-post","status-publish","format-standard","hentry","category-2012-13","category-general","category-secundaria","tag-sortida"],"post_mailing_queue_ids":[],"_links":{"self":[{"href":"https:\/\/agora.xtec.cat\/ielesvinyes\/wp-json\/wp\/v2\/posts\/1285","targetHints":{"allow":["GET"]}}],"collection":[{"href":"https:\/\/agora.xtec.cat\/ielesvinyes\/wp-json\/wp\/v2\/posts"}],"about":[{"href":"https:\/\/agora.xtec.cat\/ielesvinyes\/wp-json\/wp\/v2\/types\/post"}],"author":[{"embeddable":true,"href":"https:\/\/agora.xtec.cat\/ielesvinyes\/wp-json\/wp\/v2\/users\/1"}],"replies":[{"embeddable":true,"href":"https:\/\/agora.xtec.cat\/ielesvinyes\/wp-json\/wp\/v2\/comments?post=1285"}],"version-history":[{"count":1,"href":"https:\/\/agora.xtec.cat\/ielesvinyes\/wp-json\/wp\/v2\/posts\/1285\/revisions"}],"predecessor-version":[{"id":7438,"href":"https:\/\/agora.xtec.cat\/ielesvinyes\/wp-json\/wp\/v2\/posts\/1285\/revisions\/7438"}],"wp:attachment":[{"href":"https:\/\/agora.xtec.cat\/ielesvinyes\/wp-json\/wp\/v2\/media?parent=1285"}],"wp:term":[{"taxonomy":"category","embeddable":true,"href":"https:\/\/agora.xtec.cat\/ielesvinyes\/wp-json\/wp\/v2\/categories?post=1285"},{"taxonomy":"post_tag","embeddable":true,"href":"https:\/\/agora.xtec.cat\/ielesvinyes\/wp-json\/wp\/v2\/tags?post=1285"}],"curies":[{"name":"wp","href":"https:\/\/api.w.org\/{rel}","templated":true}]}}