{"id":1268,"date":"2013-04-23T08:56:29","date_gmt":"2013-04-23T07:56:29","guid":{"rendered":"http:\/\/ielesvinyes.net\/?p=1268"},"modified":"2022-09-28T07:05:42","modified_gmt":"2022-09-28T05:05:42","slug":"sant-jordi-2013-a-linstitut-escola","status":"publish","type":"post","link":"https:\/\/agora.xtec.cat\/ielesvinyes\/general\/sant-jordi-2013-a-linstitut-escola\/","title":{"rendered":"Sant Jordi 2013 a l&#039;Institut Escola"},"content":{"rendered":"<p>Llibres i roses, naturalment!<\/p>\n<p>Per\u00f2 tamb\u00e9 concurs de poesia, narracions breus, haikus, cartes liter\u00e0ries entre el personatges del Sant Jordi, punts de llibre, obsequis entre tots els alumnes del centre, estrena de l\u2019obra de teatre, narraci\u00f3 del conte col\u2022lectiu a d\u2019Educaci\u00f3 Infantil, actuaci\u00f3 de la coral infantil i el conjunt instrumental de secund\u00e0ria, interpretacions de body percussion, recital de poesia de Salvador Espriu, intercanvi de contes i llibres a Infantil i ESO, concurs de cartells pel Sant Jordi 2014 i exposici\u00f3 \u201cAny Espriu\u201d, a la biblioteca del centre.<\/p>\n<figure id=\"attachment_1274\" aria-describedby=\"caption-attachment-1274\" style=\"width: 192px\" class=\"wp-caption alignleft\"><a href=\"http:\/\/agora.xtec.cat\/ielesvinyes\/wp-content\/uploads\/usu1433\/2013\/04\/Sant-Jordi.jpg\"><img loading=\"lazy\" decoding=\"async\" class=\" wp-image-1274\" alt=\"Sant Jordi 2013\" src=\"http:\/\/agora.xtec.cat\/ielesvinyes\/wp-content\/uploads\/usu1433\/2013\/04\/Sant-Jordi.jpg\" width=\"192\" height=\"144\" \/><\/a><figcaption id=\"caption-attachment-1274\" class=\"wp-caption-text\">Parades de l&#8217;AMPA<\/figcaption><\/figure>\n<p>Tot acompanyat de parades de llibres a dins del pati petit i uns magn\u00edfics pastissos, magdalenes i altres llaminadures elaborades per les fam\u00edlies de l\u2019Institut Escola per a esmorzar i per a berenar a la tarda. <strong>Hi sou tots convidats!<\/strong><\/p>\n<p><strong><span style=\"color: #008000;\"> Moltes gr\u00e0cies i bona diada de Sant Jordi a tothom!<\/span><\/strong><\/p>\n<p><iframe loading=\"lazy\" src=\"http:\/\/player.vimeo.com\/video\/64445403?byline=0&amp;portrait=0\" height=\"375\" width=\"500\" allowfullscreen=\"\" frameborder=\"0\"><\/iframe><\/p>\n<p><a href=\"http:\/\/vimeo.com\/64445403\">La rosa vermella &#8211; Sant Jordi 2013<\/a> de\u00a0<a href=\"http:\/\/vimeo.com\/ielesvinyes\">Institut Escola Les Vinyes<\/a>\u00a0a\u00a0<a href=\"http:\/\/vimeo.com\">Vimeo<\/a>.<\/p>\n<p>Punts de llibre dels alumnes de 1r d&#8217;ESO pels alumnes d&#8217;educaci\u00f3 infantil en motiu de l&#8217;intercanvi d&#8217;obsequis de Sant Jordi 2013. La m\u00fasica \u00e9s un fragment de la can\u00e7\u00f3 &#8220;Personatges&#8221; que interpretem plegats en la festa de Sant Jordi 2013<\/p>\n","protected":false},"excerpt":{"rendered":"<p>Llibres i roses, naturalment! Per\u00f2 tamb\u00e9 concurs de poesia, narracions breus, haikus, cartes liter\u00e0ries entre el personatges del Sant Jordi, punts de llibre, obsequis entre tots els alumnes del centre, estrena de l\u2019obra de teatre, narraci\u00f3 del conte col\u2022lectiu a d\u2019Educaci\u00f3 Infantil, actuaci\u00f3 de la coral infantil i el conjunt instrumental de secund\u00e0ria, interpretacions de [&hellip;]<\/p>\n","protected":false},"author":1,"featured_media":0,"comment_status":"open","ping_status":"open","sticky":false,"template":"","format":"standard","meta":{"_bbp_topic_count":0,"_bbp_reply_count":0,"_bbp_total_topic_count":0,"_bbp_total_reply_count":0,"_bbp_voice_count":0,"_bbp_anonymous_reply_count":0,"_bbp_topic_count_hidden":0,"_bbp_reply_count_hidden":0,"_bbp_forum_subforum_count":0,"site-sidebar-layout":"default","site-content-layout":"","ast-site-content-layout":"","site-content-style":"default","site-sidebar-style":"default","ast-global-header-display":"","ast-banner-title-visibility":"","ast-main-header-display":"","ast-hfb-above-header-display":"","ast-hfb-below-header-display":"","ast-hfb-mobile-header-display":"","site-post-title":"","ast-breadcrumbs-content":"","ast-featured-img":"","footer-sml-layout":"","theme-transparent-header-meta":"","adv-header-id-meta":"","stick-header-meta":"","header-above-stick-meta":"","header-main-stick-meta":"","header-below-stick-meta":"","astra-migrate-meta-layouts":"default","ast-page-background-enabled":"default","ast-page-background-meta":{"desktop":{"background-color":"var(--ast-global-color-4)","background-image":"","background-repeat":"repeat","background-position":"center center","background-size":"auto","background-attachment":"scroll","background-type":"","background-media":"","overlay-type":"","overlay-color":"","overlay-opacity":"","overlay-gradient":""},"tablet":{"background-color":"","background-image":"","background-repeat":"repeat","background-position":"center center","background-size":"auto","background-attachment":"scroll","background-type":"","background-media":"","overlay-type":"","overlay-color":"","overlay-opacity":"","overlay-gradient":""},"mobile":{"background-color":"","background-image":"","background-repeat":"repeat","background-position":"center center","background-size":"auto","background-attachment":"scroll","background-type":"","background-media":"","overlay-type":"","overlay-color":"","overlay-opacity":"","overlay-gradient":""}},"ast-content-background-meta":{"desktop":{"background-color":"var(--ast-global-color-5)","background-image":"","background-repeat":"repeat","background-position":"center center","background-size":"auto","background-attachment":"scroll","background-type":"","background-media":"","overlay-type":"","overlay-color":"","overlay-opacity":"","overlay-gradient":""},"tablet":{"background-color":"var(--ast-global-color-5)","background-image":"","background-repeat":"repeat","background-position":"center center","background-size":"auto","background-attachment":"scroll","background-type":"","background-media":"","overlay-type":"","overlay-color":"","overlay-opacity":"","overlay-gradient":""},"mobile":{"background-color":"var(--ast-global-color-5)","background-image":"","background-repeat":"repeat","background-position":"center center","background-size":"auto","background-attachment":"scroll","background-type":"","background-media":"","overlay-type":"","overlay-color":"","overlay-opacity":"","overlay-gradient":""}},"footnotes":""},"categories":[109,1,301],"tags":[310,38,322],"class_list":["post-1268","post","type-post","status-publish","format-standard","hentry","category-2012-13","category-general","category-secundaria","tag-festa","tag-sant-jordi","tag-santjordi2013"],"post_mailing_queue_ids":[],"_links":{"self":[{"href":"https:\/\/agora.xtec.cat\/ielesvinyes\/wp-json\/wp\/v2\/posts\/1268","targetHints":{"allow":["GET"]}}],"collection":[{"href":"https:\/\/agora.xtec.cat\/ielesvinyes\/wp-json\/wp\/v2\/posts"}],"about":[{"href":"https:\/\/agora.xtec.cat\/ielesvinyes\/wp-json\/wp\/v2\/types\/post"}],"author":[{"embeddable":true,"href":"https:\/\/agora.xtec.cat\/ielesvinyes\/wp-json\/wp\/v2\/users\/1"}],"replies":[{"embeddable":true,"href":"https:\/\/agora.xtec.cat\/ielesvinyes\/wp-json\/wp\/v2\/comments?post=1268"}],"version-history":[{"count":1,"href":"https:\/\/agora.xtec.cat\/ielesvinyes\/wp-json\/wp\/v2\/posts\/1268\/revisions"}],"predecessor-version":[{"id":7439,"href":"https:\/\/agora.xtec.cat\/ielesvinyes\/wp-json\/wp\/v2\/posts\/1268\/revisions\/7439"}],"wp:attachment":[{"href":"https:\/\/agora.xtec.cat\/ielesvinyes\/wp-json\/wp\/v2\/media?parent=1268"}],"wp:term":[{"taxonomy":"category","embeddable":true,"href":"https:\/\/agora.xtec.cat\/ielesvinyes\/wp-json\/wp\/v2\/categories?post=1268"},{"taxonomy":"post_tag","embeddable":true,"href":"https:\/\/agora.xtec.cat\/ielesvinyes\/wp-json\/wp\/v2\/tags?post=1268"}],"curies":[{"name":"wp","href":"https:\/\/api.w.org\/{rel}","templated":true}]}}