{"id":1265,"date":"2014-06-22T09:50:59","date_gmt":"2014-06-22T07:50:59","guid":{"rendered":"http:\/\/ampa.ielesvinyes.net\/stage1\/?p=1265"},"modified":"2025-11-18T10:09:46","modified_gmt":"2025-11-18T09:09:46","slug":"quina-festassa","status":"publish","type":"post","link":"https:\/\/agora.xtec.cat\/ielesvinyes\/afa\/quina-festassa\/","title":{"rendered":"QUINA FESTASSA!!!"},"content":{"rendered":"<p>Ahir, a la tarda,\u00a0va ser una jornada molt completa!!!!<\/p>\n<p><strong>Esperem que tots us hagueu quedat amb un bon record d&#8217;aquest dia&#8230;<\/strong><\/p>\n<p>El <strong>projecte de CoCreaci\u00f3 del patis, l&#8217;EmPATItza&#8217;t<\/strong>, ens ha acompanyat durant tot el curs, i calia acomiadar-lo amb tots els honors:<\/p>\n<p><a href=\"http:\/\/ampa.ielesvinyes.net\/stage1\/wp-content\/uploads\/2015\/02\/empatitzat.jpg\"><img loading=\"lazy\" decoding=\"async\" class=\" size-full wp-image-1266 aligncenter\" src=\"http:\/\/ampa.ielesvinyes.net\/stage1\/wp-content\/uploads\/2015\/02\/empatitzat.jpg\" alt=\"empatitzat\" width=\"581\" height=\"423\" \/><\/a><\/p>\n<p style=\"text-align: justify;\">Despr\u00e9s de passejar per veure tots els espais cocreats, vam poder veure un v\u00eddeo amb totes les imatges del proc\u00e9s, passant per tres de les quatre fases: Con\u00e8ixer, Cocrear, Construir, i, per concloure l&#8217;activitat,\u00a0vam dur a terme\u00a0la quarta fase, Celebrar!<\/p>\n<p>I, com a punt final a la jornada&#8230;<\/p>\n<p><img loading=\"lazy\" decoding=\"async\" class=\"  wp-image-1267 aligncenter\" src=\"http:\/\/ampa.ielesvinyes.net\/stage1\/wp-content\/uploads\/2015\/02\/SOPAR-DE-GERMANOR.jpg\" alt=\"SOPAR DE GERMANOR\" width=\"579\" height=\"46\" \/><\/p>\n<p style=\"text-align: justify;\">Tota la Comunitat Educativa de Les Vinyes (mares, pares, alumnes, mestres, professors i personal no docent) vam\u00a0poder gaudir d&#8217;una vetllada molt agradable.\u00a0Prop de 500 persones vam omplir les pistes del nostre Centre.<\/p>\n<p><img loading=\"lazy\" decoding=\"async\" class=\" size-full wp-image-1268 aligncenter\" src=\"http:\/\/ampa.ielesvinyes.net\/stage1\/wp-content\/uploads\/2015\/02\/IMG-20140621-WA0000.jpg\" alt=\"IMG-20140621-WA0000\" width=\"816\" height=\"460\" \/><\/p>\n<p><strong>Gr\u00e0cies a tots!!!!<\/strong><\/p>\n<h5 style=\"text-align: center;\"><span style=\"color: #ff6600;\"><strong>L&#8217;AMPA de l&#8217;Institut-Escola Les Vinyes us desitgem\u00a0<\/strong><strong style=\"line-height: 1.5;\">que gaudiu molt de les vacances d&#8217;estiu<\/strong><strong><span style=\"line-height: 1.5;\">!<\/span><\/strong><\/span><\/h5>\n","protected":false},"excerpt":{"rendered":"<p>Ahir, a la tarda,\u00a0va ser una jornada molt completa!!!! Esperem que tots us hagueu quedat amb un bon record d&#8217;aquest dia&#8230; El projecte de CoCreaci\u00f3 del patis, l&#8217;EmPATItza&#8217;t, ens ha acompanyat durant tot el curs, i calia acomiadar-lo amb tots els honors: Despr\u00e9s de passejar per veure tots els espais cocreats, vam poder veure un [&hellip;]<\/p>\n","protected":false},"author":52,"featured_media":0,"comment_status":"open","ping_status":"closed","sticky":false,"template":"","format":"standard","meta":{"_bbp_topic_count":0,"_bbp_reply_count":0,"_bbp_total_topic_count":0,"_bbp_total_reply_count":0,"_bbp_voice_count":0,"_bbp_anonymous_reply_count":0,"_bbp_topic_count_hidden":0,"_bbp_reply_count_hidden":0,"_bbp_forum_subforum_count":0,"site-sidebar-layout":"default","site-content-layout":"","ast-site-content-layout":"","site-content-style":"default","site-sidebar-style":"default","ast-global-header-display":"","ast-banner-title-visibility":"","ast-main-header-display":"","ast-hfb-above-header-display":"","ast-hfb-below-header-display":"","ast-hfb-mobile-header-display":"","site-post-title":"","ast-breadcrumbs-content":"","ast-featured-img":"","footer-sml-layout":"","theme-transparent-header-meta":"","adv-header-id-meta":"","stick-header-meta":"","header-above-stick-meta":"","header-main-stick-meta":"","header-below-stick-meta":"","astra-migrate-meta-layouts":"default","ast-page-background-enabled":"default","ast-page-background-meta":{"desktop":{"background-color":"var(--ast-global-color-4)","background-image":"","background-repeat":"repeat","background-position":"center center","background-size":"auto","background-attachment":"scroll","background-type":"","background-media":"","overlay-type":"","overlay-color":"","overlay-opacity":"","overlay-gradient":""},"tablet":{"background-color":"","background-image":"","background-repeat":"repeat","background-position":"center center","background-size":"auto","background-attachment":"scroll","background-type":"","background-media":"","overlay-type":"","overlay-color":"","overlay-opacity":"","overlay-gradient":""},"mobile":{"background-color":"","background-image":"","background-repeat":"repeat","background-position":"center center","background-size":"auto","background-attachment":"scroll","background-type":"","background-media":"","overlay-type":"","overlay-color":"","overlay-opacity":"","overlay-gradient":""}},"ast-content-background-meta":{"desktop":{"background-color":"var(--ast-global-color-5)","background-image":"","background-repeat":"repeat","background-position":"center center","background-size":"auto","background-attachment":"scroll","background-type":"","background-media":"","overlay-type":"","overlay-color":"","overlay-opacity":"","overlay-gradient":""},"tablet":{"background-color":"var(--ast-global-color-5)","background-image":"","background-repeat":"repeat","background-position":"center center","background-size":"auto","background-attachment":"scroll","background-type":"","background-media":"","overlay-type":"","overlay-color":"","overlay-opacity":"","overlay-gradient":""},"mobile":{"background-color":"var(--ast-global-color-5)","background-image":"","background-repeat":"repeat","background-position":"center center","background-size":"auto","background-attachment":"scroll","background-type":"","background-media":"","overlay-type":"","overlay-color":"","overlay-opacity":"","overlay-gradient":""}},"footnotes":""},"categories":[110,31,466],"tags":[201],"class_list":["post-1265","post","type-post","status-publish","format-standard","hentry","category-2013-14","category-afa","category-participacio","tag-empatitzat"],"post_mailing_queue_ids":[],"_links":{"self":[{"href":"https:\/\/agora.xtec.cat\/ielesvinyes\/wp-json\/wp\/v2\/posts\/1265","targetHints":{"allow":["GET"]}}],"collection":[{"href":"https:\/\/agora.xtec.cat\/ielesvinyes\/wp-json\/wp\/v2\/posts"}],"about":[{"href":"https:\/\/agora.xtec.cat\/ielesvinyes\/wp-json\/wp\/v2\/types\/post"}],"author":[{"embeddable":true,"href":"https:\/\/agora.xtec.cat\/ielesvinyes\/wp-json\/wp\/v2\/users\/52"}],"replies":[{"embeddable":true,"href":"https:\/\/agora.xtec.cat\/ielesvinyes\/wp-json\/wp\/v2\/comments?post=1265"}],"version-history":[{"count":1,"href":"https:\/\/agora.xtec.cat\/ielesvinyes\/wp-json\/wp\/v2\/posts\/1265\/revisions"}],"predecessor-version":[{"id":5441,"href":"https:\/\/agora.xtec.cat\/ielesvinyes\/wp-json\/wp\/v2\/posts\/1265\/revisions\/5441"}],"wp:attachment":[{"href":"https:\/\/agora.xtec.cat\/ielesvinyes\/wp-json\/wp\/v2\/media?parent=1265"}],"wp:term":[{"taxonomy":"category","embeddable":true,"href":"https:\/\/agora.xtec.cat\/ielesvinyes\/wp-json\/wp\/v2\/categories?post=1265"},{"taxonomy":"post_tag","embeddable":true,"href":"https:\/\/agora.xtec.cat\/ielesvinyes\/wp-json\/wp\/v2\/tags?post=1265"}],"curies":[{"name":"wp","href":"https:\/\/api.w.org\/{rel}","templated":true}]}}