{"id":1252,"date":"2013-04-11T16:07:01","date_gmt":"2013-04-11T15:07:01","guid":{"rendered":"http:\/\/ielesvinyes.net\/?p=1252"},"modified":"2022-09-28T07:05:43","modified_gmt":"2022-09-28T05:05:43","slug":"participacio-de-les-families-al-centre","status":"publish","type":"post","link":"https:\/\/agora.xtec.cat\/ielesvinyes\/general\/participacio-de-les-families-al-centre\/","title":{"rendered":"Participaci\u00f3 de les fam\u00edlies al centre"},"content":{"rendered":"<figure id=\"attachment_1254\" aria-describedby=\"caption-attachment-1254\" style=\"width: 314px\" class=\"wp-caption alignleft\"><a href=\"http:\/\/www.flickr.com\/photos\/rosasensat\/8623473161\/in\/set-72157633178460408\" target=\"_blank\" rel=\"noopener\"><img loading=\"lazy\" decoding=\"async\" class=\" wp-image-1254    \" alt=\"El debat del nostre grup de treball\" src=\"http:\/\/agora.xtec.cat\/ielesvinyes\/wp-content\/uploads\/usu1433\/2013\/04\/A-Rosa-Sensat.jpg\" width=\"314\" height=\"189\" srcset=\"https:\/\/agora.xtec.cat\/ielesvinyes\/wp-content\/uploads\/usu1433\/2013\/04\/A-Rosa-Sensat.jpg 640w, https:\/\/agora.xtec.cat\/ielesvinyes\/wp-content\/uploads\/usu1433\/2013\/04\/A-Rosa-Sensat-300x181.jpg 300w\" sizes=\"auto, (max-width: 314px) 100vw, 314px\" \/><\/a><figcaption id=\"caption-attachment-1254\" class=\"wp-caption-text\">El debat del nostre grup de treball<\/figcaption><\/figure>\n<p>El passat dissabte l&#8217;equip directiu va assistir, en representaci\u00f3 del centre, a la <a href=\"http:\/\/www2.rosasensat.org\/post\/el-6-d-abril-jornada-d-educacio-sobre-la-participacio-l-aprenentatge-de-la-democracia\">VI Jornada\u00a0d&#8217;Educaci\u00f3\u00a0de\u00a0l&#8217;Associaci\u00f3\u00a0de Mestres Rosa Sensat<\/a>. El nostre Institut Escola va ser convidat a explicar quina \u00e9s la nostra visi\u00f3 de la participaci\u00f3 i quines accions fem amb les fam\u00edlies dels alumnes d&#8217;educaci\u00f3 secund\u00e0ria.<\/p>\n<p>Vam centrar la nostra aportaci\u00f3 en tres aspectes: <strong>la informaci\u00f3 a les fam\u00edlies<\/strong> (institucional i personal), <strong>la seva participaci\u00f3<\/strong> (institucional i personal) i , finalment, <strong>la seva corresponsabilitat i comprom\u00eds<\/strong> amb l&#8217;educaci\u00f3 dels fills. La jornada va alternar <a href=\"http:\/\/www.flickr.com\/photos\/rosasensat\/sets\/72157633178460408\/\" target=\"_blank\" rel=\"noopener\">espais generals i grups de debat<\/a>, en qu\u00e8 es van tractar els diferents \u00e0mbits de participaci\u00f3: els docents, les fam\u00edlies i els alumnes.<\/p>\n<p>Pensem que el primer pas \u00e9s <strong>informar<\/strong>\u00a0les fam\u00edlies de <a href=\"http:\/\/eso.ielesvinyes.net\/\" target=\"_blank\" rel=\"noopener\">tot el que fan i\u00a0aprenen<\/a>\u00a0els seus fills i fer un esfor\u00e7 de <a href=\"http:\/\/www.flickr.com\/photos\/ielesvinyes\/collections\/72157631928768637\/\" target=\"_blank\" rel=\"noopener\">transpar\u00e8ncia<\/a> i de comunicaci\u00f3 permanent. D&#8217;aquest coneixement,\u00a0se&#8217;n\u00a0pot derivar\u00a0una <strong>participaci\u00f3<\/strong> responsable i, finalment, un <strong>comprom\u00eds<\/strong>.<\/p>\n<p>Aquesta \u00e9s la presentaci\u00f3 que va acompanyar la nostra exposici\u00f3. Segur que vosaltres sabreu afegir-hi les paraules, amb tot el que coneixeu del centre.<\/p>\n<p><iframe loading=\"lazy\" src=\"https:\/\/docs.google.com\/presentation\/d\/1zjvASmA_uJ7lPFzd9ZzO6qztQ1i-OZ1bdLN3djpNr8o\/embed?start=true&amp;loop=false&amp;delayms=3000\" height=\"389\" width=\"480\" allowfullscreen=\"true\" frameborder=\"0\"><\/iframe><\/p>\n<p>Aprofitem aquesta\u00a0comunicaci\u00f3\u00a0per\u00a0agrair sincerament la participaci\u00f3 del les fam\u00edlies al centre, fent &#8220;d&#8217;experts&#8221;, fent &#8220;<a href=\"https:\/\/vimeo.com\/album\/2301138\/sort:preset\/format:thumbnail\" target=\"_blank\" rel=\"noopener\">de protagonistes<\/a>&#8221; o de &#8220;p\u00fablic\/jurat&#8221;! Esperem seguir aprofundint en la\u00a0participaci\u00f3\u00a0i col\u00b7laboraci\u00f3\u00a0m\u00fatua, tan necess\u00e0ria en un centre\u00a0nou que aspira a millorar cada dia.<\/p>\n<p>Ep, i confiem que en una altra ocasi\u00f3 puguem anar a explicar la participaci\u00f3 de les fam\u00edlies d&#8217;Educaci\u00f3 Infantil, que tamb\u00e9 \u00e9s formidable. \ud83d\ude42<\/p>\n","protected":false},"excerpt":{"rendered":"<p>El passat dissabte l&#8217;equip directiu va assistir, en representaci\u00f3 del centre, a la VI Jornada\u00a0d&#8217;Educaci\u00f3\u00a0de\u00a0l&#8217;Associaci\u00f3\u00a0de Mestres Rosa Sensat. El nostre Institut Escola va ser convidat a explicar quina \u00e9s la nostra visi\u00f3 de la participaci\u00f3 i quines accions fem amb les fam\u00edlies dels alumnes d&#8217;educaci\u00f3 secund\u00e0ria. Vam centrar la nostra aportaci\u00f3 en tres aspectes: la [&hellip;]<\/p>\n","protected":false},"author":1,"featured_media":0,"comment_status":"open","ping_status":"open","sticky":false,"template":"","format":"standard","meta":{"_bbp_topic_count":0,"_bbp_reply_count":0,"_bbp_total_topic_count":0,"_bbp_total_reply_count":0,"_bbp_voice_count":0,"_bbp_anonymous_reply_count":0,"_bbp_topic_count_hidden":0,"_bbp_reply_count_hidden":0,"_bbp_forum_subforum_count":0,"site-sidebar-layout":"default","site-content-layout":"","ast-site-content-layout":"","site-content-style":"default","site-sidebar-style":"default","ast-global-header-display":"","ast-banner-title-visibility":"","ast-main-header-display":"","ast-hfb-above-header-display":"","ast-hfb-below-header-display":"","ast-hfb-mobile-header-display":"","site-post-title":"","ast-breadcrumbs-content":"","ast-featured-img":"","footer-sml-layout":"","theme-transparent-header-meta":"","adv-header-id-meta":"","stick-header-meta":"","header-above-stick-meta":"","header-main-stick-meta":"","header-below-stick-meta":"","astra-migrate-meta-layouts":"default","ast-page-background-enabled":"default","ast-page-background-meta":{"desktop":{"background-color":"var(--ast-global-color-4)","background-image":"","background-repeat":"repeat","background-position":"center center","background-size":"auto","background-attachment":"scroll","background-type":"","background-media":"","overlay-type":"","overlay-color":"","overlay-opacity":"","overlay-gradient":""},"tablet":{"background-color":"","background-image":"","background-repeat":"repeat","background-position":"center center","background-size":"auto","background-attachment":"scroll","background-type":"","background-media":"","overlay-type":"","overlay-color":"","overlay-opacity":"","overlay-gradient":""},"mobile":{"background-color":"","background-image":"","background-repeat":"repeat","background-position":"center center","background-size":"auto","background-attachment":"scroll","background-type":"","background-media":"","overlay-type":"","overlay-color":"","overlay-opacity":"","overlay-gradient":""}},"ast-content-background-meta":{"desktop":{"background-color":"var(--ast-global-color-5)","background-image":"","background-repeat":"repeat","background-position":"center center","background-size":"auto","background-attachment":"scroll","background-type":"","background-media":"","overlay-type":"","overlay-color":"","overlay-opacity":"","overlay-gradient":""},"tablet":{"background-color":"var(--ast-global-color-5)","background-image":"","background-repeat":"repeat","background-position":"center center","background-size":"auto","background-attachment":"scroll","background-type":"","background-media":"","overlay-type":"","overlay-color":"","overlay-opacity":"","overlay-gradient":""},"mobile":{"background-color":"var(--ast-global-color-5)","background-image":"","background-repeat":"repeat","background-position":"center center","background-size":"auto","background-attachment":"scroll","background-type":"","background-media":"","overlay-type":"","overlay-color":"","overlay-opacity":"","overlay-gradient":""}},"footnotes":""},"categories":[109,1,301],"tags":[320,321],"class_list":["post-1252","post","type-post","status-publish","format-standard","hentry","category-2012-13","category-general","category-secundaria","tag-participacio","tag-rosa-sensat"],"post_mailing_queue_ids":[],"_links":{"self":[{"href":"https:\/\/agora.xtec.cat\/ielesvinyes\/wp-json\/wp\/v2\/posts\/1252","targetHints":{"allow":["GET"]}}],"collection":[{"href":"https:\/\/agora.xtec.cat\/ielesvinyes\/wp-json\/wp\/v2\/posts"}],"about":[{"href":"https:\/\/agora.xtec.cat\/ielesvinyes\/wp-json\/wp\/v2\/types\/post"}],"author":[{"embeddable":true,"href":"https:\/\/agora.xtec.cat\/ielesvinyes\/wp-json\/wp\/v2\/users\/1"}],"replies":[{"embeddable":true,"href":"https:\/\/agora.xtec.cat\/ielesvinyes\/wp-json\/wp\/v2\/comments?post=1252"}],"version-history":[{"count":1,"href":"https:\/\/agora.xtec.cat\/ielesvinyes\/wp-json\/wp\/v2\/posts\/1252\/revisions"}],"predecessor-version":[{"id":7440,"href":"https:\/\/agora.xtec.cat\/ielesvinyes\/wp-json\/wp\/v2\/posts\/1252\/revisions\/7440"}],"wp:attachment":[{"href":"https:\/\/agora.xtec.cat\/ielesvinyes\/wp-json\/wp\/v2\/media?parent=1252"}],"wp:term":[{"taxonomy":"category","embeddable":true,"href":"https:\/\/agora.xtec.cat\/ielesvinyes\/wp-json\/wp\/v2\/categories?post=1252"},{"taxonomy":"post_tag","embeddable":true,"href":"https:\/\/agora.xtec.cat\/ielesvinyes\/wp-json\/wp\/v2\/tags?post=1252"}],"curies":[{"name":"wp","href":"https:\/\/api.w.org\/{rel}","templated":true}]}}