{"id":1179,"date":"2013-03-11T09:31:07","date_gmt":"2013-03-11T08:31:07","guid":{"rendered":"http:\/\/ielesvinyes.net\/?p=1179"},"modified":"2022-09-28T07:05:53","modified_gmt":"2022-09-28T05:05:53","slug":"calendari-de-preinscripcio-pel-curs-2013-2014","status":"publish","type":"post","link":"https:\/\/agora.xtec.cat\/ielesvinyes\/general\/calendari-de-preinscripcio-pel-curs-2013-2014\/","title":{"rendered":"Calendari de preinscripci\u00f3 pel curs 2013-2014"},"content":{"rendered":"<p>Despr\u00e9s de la <a href=\"http:\/\/ielesvinyes.net\/2013\/02\/19\/gracies\/\">jornada de portes obertes<\/a> s&#8217;obre el calendari de\u00a0preinscripci\u00f3\u00a0al nostre centre. Aquest calendari \u00e9s v\u00e0lid pels nous a alumnes d&#8217;educaci\u00f3 infantil i l&#8217;ESO.<\/p>\n<p><strong>Calendari de preinscripci\u00f3 pel curs 2013-2014<\/strong><\/p>\n<ul>\n<li>Presentaci\u00f3 de sol\u2022licituds: <strong>de l&#8217;11 al 22 de mar\u00e7<\/strong>\n<ul>\n<li><span style=\"color: #ff0000;\">Horari de matins: de dilluns a divendres de 9 h a 13 h<\/span><\/li>\n<li><span style=\"color: #ff0000;\">Horari de tarda: dimarts de 15 h a 17 h<\/span><\/li>\n<\/ul>\n<\/li>\n<li>Tramesa de sol\u2022licituds per Internet: <strong>de l\u201911 fins a les 24 h del 21 de mar\u00e7<\/strong><\/li>\n<li>Publicaci\u00f3 de llistes amb el barem:\u00a0<strong>11 d\u2019abril<\/strong><\/li>\n<li>Sorteig:\u00a0<strong>12 d\u2019abril<\/strong><\/li>\n<li>Reclamacions:\u00a0<strong>12, 15 i 16 d\u2019abril<\/strong><\/li>\n<li>Llistes amb el barem un cop resoltes les reclamacions:\u00a0<strong>22 d\u2019abril<\/strong><\/li>\n<li>Publicaci\u00f3 de les llistes\u00a0d&#8217;admesos:\u00a0<strong>24 de maig<\/strong><\/li>\n<li>Per\u00edode de matriculaci\u00f3:\u00a0<strong>10 al 14 de juny<\/strong><\/li>\n<\/ul>\n<p><a style=\"line-height: 24px; color: #ff4b33;\" href=\"http:\/\/agora.xtec.cat\/ielesvinyes\/wp-content\/uploads\/usu1433\/2013\/03\/Preinscripcio2013-2014.jpg\"><img loading=\"lazy\" decoding=\"async\" class=\"alignleft size-full wp-image-1180\" alt=\"Preinscripcio2013-2014\" src=\"http:\/\/agora.xtec.cat\/ielesvinyes\/wp-content\/uploads\/usu1433\/2013\/03\/Preinscripcio2013-2014.jpg\" width=\"710\" height=\"110\" srcset=\"https:\/\/agora.xtec.cat\/ielesvinyes\/wp-content\/uploads\/usu1433\/2013\/03\/Preinscripcio2013-2014.jpg 710w, https:\/\/agora.xtec.cat\/ielesvinyes\/wp-content\/uploads\/usu1433\/2013\/03\/Preinscripcio2013-2014-300x46.jpg 300w\" sizes=\"auto, (max-width: 710px) 100vw, 710px\" \/><\/a><\/p>\n<p>Atenent al calendari oficial del Departament d&#8217;Ensenyament, cal fer els seg\u00fcents passos:<\/p>\n<ul>\n<li>Con\u00e8ixer i seguir el calendari de tot el proc\u00e9s<\/li>\n<li>Con\u00e8ixer i reunir la documentaci\u00f3 i els <a href=\"http:\/\/agora.xtec.cat\/ielesvinyes\/wp-content\/uploads\/usu1433\/2013\/03\/GENCAT-Full_informatiu_preinscripcio.pdf\">Criteris de prioritat<\/a>\u00a0amb qu\u00e8 s&#8217;ordenen les sol\u00b7licituds,<\/li>\n<li>Presentar la sol\u00b7licitud i la <a href=\"http:\/\/www20.gencat.cat\/portal\/site\/queestudiar\/menuitem.2f4f37c88e124629e85c7273b0c0e1a0\/?vgnextoid=a24b699e44af4310VgnVCM2000009b0c1e0aRCRD&amp;vgnextchannel=a24b699e44af4310VgnVCM2000009b0c1e0aRCRD&amp;vgnextfmt=default\" target=\"_blank\" rel=\"noopener\">documentaci\u00f3 <\/a>corresponent<\/li>\n<li>Consultar els resultats de la preinscripci\u00f3 quan es publiquen les llistes provisionals i quan es publiquen les llistes definitives, despr\u00e9s del per\u00edode per presentar reclamacions.<\/li>\n<li>Consultar el centre assignat i fer la matr\u00edcula.<\/li>\n<\/ul>\n<p><strong>Documentaci\u00f3<\/strong><\/p>\n<p>Juntament amb la sol\u00b7licitud, en tots els casos, cal presentar al centre demanat en primer lloc l\u2019original i una fotoc\u00f2pia dels documents seg\u00fcents:<\/p>\n<ul>\n<li>Llibre de fam\u00edlia (o un altre document relatiu a la filiaci\u00f3).<\/li>\n<li>Document nacional\u00a0d&#8217;identitat\u00a0de la persona sol\u00b7licitant.<\/li>\n<li>Document nacional\u00a0d&#8217;identitat\u00a0de l\u2019alumne o alumna si t\u00e9 mes de 14 anys, o si t\u00e9 DNI encara que sigui menor de 14 anys.<\/li>\n<li>Targeta sanit\u00e0ria individual (TSI ), si se\u2019n t\u00e9.<\/li>\n<\/ul>\n<p>A m\u00e9s a mes, les persones que a la sol\u00b7licitud han al\u00b7legat el compliment d&#8217;un o m\u00e9s\u00a0<a href=\"http:\/\/agora.xtec.cat\/ielesvinyes\/wp-content\/uploads\/usu1433\/2013\/03\/GENCAT-Full_informatiu_preinscripcio.pdf\">Criteris de prioritat<\/a><strong>,<\/strong>\u00a0han de presentar la\u00a0<a title=\"Aquest enlla\u00e7 s'obrir\u00e0 en una finestra nova\" href=\"http:\/\/www20.gencat.cat\/portal\/site\/queestudiar\/menuitem.2f4f37c88e124629e85c7273b0c0e1a0\/?vgnextoid=a24b699e44af4310VgnVCM2000009b0c1e0aRCRD&amp;vgnextchannel=a24b699e44af4310VgnVCM2000009b0c1e0aRCRD&amp;vgnextfmt=default\" rel=\"external;800;600\"><strong>documentaci\u00f3<\/strong><\/a>\u00a0que ho acrediti.<\/p>\n","protected":false},"excerpt":{"rendered":"<p>Despr\u00e9s de la jornada de portes obertes s&#8217;obre el calendari de\u00a0preinscripci\u00f3\u00a0al nostre centre. Aquest calendari \u00e9s v\u00e0lid pels nous a alumnes d&#8217;educaci\u00f3 infantil i l&#8217;ESO. Calendari de preinscripci\u00f3 pel curs 2013-2014 Presentaci\u00f3 de sol\u2022licituds: de l&#8217;11 al 22 de mar\u00e7 Horari de matins: de dilluns a divendres de 9 h a 13 h Horari de [&hellip;]<\/p>\n","protected":false},"author":1,"featured_media":0,"comment_status":"open","ping_status":"open","sticky":false,"template":"","format":"standard","meta":{"_bbp_topic_count":0,"_bbp_reply_count":0,"_bbp_total_topic_count":0,"_bbp_total_reply_count":0,"_bbp_voice_count":0,"_bbp_anonymous_reply_count":0,"_bbp_topic_count_hidden":0,"_bbp_reply_count_hidden":0,"_bbp_forum_subforum_count":0,"site-sidebar-layout":"default","site-content-layout":"","ast-site-content-layout":"","site-content-style":"default","site-sidebar-style":"default","ast-global-header-display":"","ast-banner-title-visibility":"","ast-main-header-display":"","ast-hfb-above-header-display":"","ast-hfb-below-header-display":"","ast-hfb-mobile-header-display":"","site-post-title":"","ast-breadcrumbs-content":"","ast-featured-img":"","footer-sml-layout":"","theme-transparent-header-meta":"","adv-header-id-meta":"","stick-header-meta":"","header-above-stick-meta":"","header-main-stick-meta":"","header-below-stick-meta":"","astra-migrate-meta-layouts":"default","ast-page-background-enabled":"default","ast-page-background-meta":{"desktop":{"background-color":"var(--ast-global-color-4)","background-image":"","background-repeat":"repeat","background-position":"center center","background-size":"auto","background-attachment":"scroll","background-type":"","background-media":"","overlay-type":"","overlay-color":"","overlay-opacity":"","overlay-gradient":""},"tablet":{"background-color":"","background-image":"","background-repeat":"repeat","background-position":"center center","background-size":"auto","background-attachment":"scroll","background-type":"","background-media":"","overlay-type":"","overlay-color":"","overlay-opacity":"","overlay-gradient":""},"mobile":{"background-color":"","background-image":"","background-repeat":"repeat","background-position":"center center","background-size":"auto","background-attachment":"scroll","background-type":"","background-media":"","overlay-type":"","overlay-color":"","overlay-opacity":"","overlay-gradient":""}},"ast-content-background-meta":{"desktop":{"background-color":"var(--ast-global-color-5)","background-image":"","background-repeat":"repeat","background-position":"center center","background-size":"auto","background-attachment":"scroll","background-type":"","background-media":"","overlay-type":"","overlay-color":"","overlay-opacity":"","overlay-gradient":""},"tablet":{"background-color":"var(--ast-global-color-5)","background-image":"","background-repeat":"repeat","background-position":"center center","background-size":"auto","background-attachment":"scroll","background-type":"","background-media":"","overlay-type":"","overlay-color":"","overlay-opacity":"","overlay-gradient":""},"mobile":{"background-color":"var(--ast-global-color-5)","background-image":"","background-repeat":"repeat","background-position":"center center","background-size":"auto","background-attachment":"scroll","background-type":"","background-media":"","overlay-type":"","overlay-color":"","overlay-opacity":"","overlay-gradient":""}},"footnotes":""},"categories":[109,110,1,301],"tags":[308],"class_list":["post-1179","post","type-post","status-publish","format-standard","hentry","category-2012-13","category-2013-14","category-general","category-secundaria","tag-preinscripcio"],"post_mailing_queue_ids":[],"_links":{"self":[{"href":"https:\/\/agora.xtec.cat\/ielesvinyes\/wp-json\/wp\/v2\/posts\/1179","targetHints":{"allow":["GET"]}}],"collection":[{"href":"https:\/\/agora.xtec.cat\/ielesvinyes\/wp-json\/wp\/v2\/posts"}],"about":[{"href":"https:\/\/agora.xtec.cat\/ielesvinyes\/wp-json\/wp\/v2\/types\/post"}],"author":[{"embeddable":true,"href":"https:\/\/agora.xtec.cat\/ielesvinyes\/wp-json\/wp\/v2\/users\/1"}],"replies":[{"embeddable":true,"href":"https:\/\/agora.xtec.cat\/ielesvinyes\/wp-json\/wp\/v2\/comments?post=1179"}],"version-history":[{"count":1,"href":"https:\/\/agora.xtec.cat\/ielesvinyes\/wp-json\/wp\/v2\/posts\/1179\/revisions"}],"predecessor-version":[{"id":7444,"href":"https:\/\/agora.xtec.cat\/ielesvinyes\/wp-json\/wp\/v2\/posts\/1179\/revisions\/7444"}],"wp:attachment":[{"href":"https:\/\/agora.xtec.cat\/ielesvinyes\/wp-json\/wp\/v2\/media?parent=1179"}],"wp:term":[{"taxonomy":"category","embeddable":true,"href":"https:\/\/agora.xtec.cat\/ielesvinyes\/wp-json\/wp\/v2\/categories?post=1179"},{"taxonomy":"post_tag","embeddable":true,"href":"https:\/\/agora.xtec.cat\/ielesvinyes\/wp-json\/wp\/v2\/tags?post=1179"}],"curies":[{"name":"wp","href":"https:\/\/api.w.org\/{rel}","templated":true}]}}