{"id":1139,"date":"2014-10-02T17:09:38","date_gmt":"2014-10-02T17:09:38","guid":{"rendered":"http:\/\/ampa.ielesvinyes.net\/stage1\/?p=1139"},"modified":"2014-10-02T17:09:38","modified_gmt":"2014-10-02T17:09:38","slug":"compartim-experiencies-amb-una-altra-ampa","status":"publish","type":"post","link":"https:\/\/agora.xtec.cat\/ielesvinyes\/afa\/compartim-experiencies-amb-una-altra-ampa\/","title":{"rendered":"Compartim experi\u00e8ncies amb una altra AMPA"},"content":{"rendered":"<p style=\"text-align: justify;\">Avui ens han vingut a visitar representants de l&#8217;AMPA de l&#8217;<strong>escola &#8220;Torre de la Llebre&#8221; de Rub\u00ed<\/strong>.<\/p>\n<p style=\"text-align: justify;\"><img loading=\"lazy\" decoding=\"async\" class=\" size-full wp-image-1143 aligncenter\" src=\"http:\/\/ampa.ielesvinyes.net\/stage1\/wp-content\/uploads\/2014\/10\/torre-de-la-llebre.jpg\" alt=\"torre de la llebre\" width=\"3061\" height=\"1726\" \/><\/p>\n<p style=\"text-align: justify;\">Volien con\u00e8ixer amb m\u00e9s detall com vam organitzar el <strong>projecte EmPATItza&#8217;t<\/strong>, quina va ser l&#8217;implicaci\u00f3 de l&#8217;AMPA i com es va\u00a0fer possible la participaci\u00f3\u00a0de tota la Comunitat Educativa.<\/p>\n<p style=\"text-align: justify;\"><img loading=\"lazy\" decoding=\"async\" class=\" size-full wp-image-1140 aligncenter\" src=\"http:\/\/ampa.ielesvinyes.net\/stage1\/wp-content\/uploads\/2015\/02\/torre-de-la-llebre-2.jpg\" alt=\"torre de la llebre 2\" width=\"2571\" height=\"1352\" \/><\/p>\n<p style=\"text-align: justify;\">Ens ha encantat poder transmetre les nostres viv\u00e8ncies.<\/p>\n<p style=\"text-align: justify;\"><strong>Gr\u00e0cies per venir a coneixe&#8217;ns!!!<\/strong><\/p>\n","protected":false},"excerpt":{"rendered":"<p>Avui ens han vingut a visitar representants de l&#8217;AMPA de l&#8217;escola &#8220;Torre de la Llebre&#8221; de Rub\u00ed. Volien con\u00e8ixer amb m\u00e9s detall com vam organitzar el projecte EmPATItza&#8217;t, quina va ser l&#8217;implicaci\u00f3 de l&#8217;AMPA i com es va\u00a0fer possible la participaci\u00f3\u00a0de tota la Comunitat Educativa. Ens ha encantat poder transmetre les nostres viv\u00e8ncies. Gr\u00e0cies per [&hellip;]<\/p>\n","protected":false},"author":52,"featured_media":0,"comment_status":"open","ping_status":"closed","sticky":false,"template":"","format":"standard","meta":{"_bbp_topic_count":0,"_bbp_reply_count":0,"_bbp_total_topic_count":0,"_bbp_total_reply_count":0,"_bbp_voice_count":0,"_bbp_anonymous_reply_count":0,"_bbp_topic_count_hidden":0,"_bbp_reply_count_hidden":0,"_bbp_forum_subforum_count":0,"site-sidebar-layout":"default","site-content-layout":"","ast-site-content-layout":"","site-content-style":"default","site-sidebar-style":"default","ast-global-header-display":"","ast-banner-title-visibility":"","ast-main-header-display":"","ast-hfb-above-header-display":"","ast-hfb-below-header-display":"","ast-hfb-mobile-header-display":"","site-post-title":"","ast-breadcrumbs-content":"","ast-featured-img":"","footer-sml-layout":"","theme-transparent-header-meta":"","adv-header-id-meta":"","stick-header-meta":"","header-above-stick-meta":"","header-main-stick-meta":"","header-below-stick-meta":"","astra-migrate-meta-layouts":"default","ast-page-background-enabled":"default","ast-page-background-meta":{"desktop":{"background-color":"var(--ast-global-color-4)","background-image":"","background-repeat":"repeat","background-position":"center center","background-size":"auto","background-attachment":"scroll","background-type":"","background-media":"","overlay-type":"","overlay-color":"","overlay-opacity":"","overlay-gradient":""},"tablet":{"background-color":"","background-image":"","background-repeat":"repeat","background-position":"center center","background-size":"auto","background-attachment":"scroll","background-type":"","background-media":"","overlay-type":"","overlay-color":"","overlay-opacity":"","overlay-gradient":""},"mobile":{"background-color":"","background-image":"","background-repeat":"repeat","background-position":"center center","background-size":"auto","background-attachment":"scroll","background-type":"","background-media":"","overlay-type":"","overlay-color":"","overlay-opacity":"","overlay-gradient":""}},"ast-content-background-meta":{"desktop":{"background-color":"var(--ast-global-color-5)","background-image":"","background-repeat":"repeat","background-position":"center center","background-size":"auto","background-attachment":"scroll","background-type":"","background-media":"","overlay-type":"","overlay-color":"","overlay-opacity":"","overlay-gradient":""},"tablet":{"background-color":"var(--ast-global-color-5)","background-image":"","background-repeat":"repeat","background-position":"center center","background-size":"auto","background-attachment":"scroll","background-type":"","background-media":"","overlay-type":"","overlay-color":"","overlay-opacity":"","overlay-gradient":""},"mobile":{"background-color":"var(--ast-global-color-5)","background-image":"","background-repeat":"repeat","background-position":"center center","background-size":"auto","background-attachment":"scroll","background-type":"","background-media":"","overlay-type":"","overlay-color":"","overlay-opacity":"","overlay-gradient":""}},"footnotes":""},"categories":[111,31,471],"tags":[],"class_list":["post-1139","post","type-post","status-publish","format-standard","hentry","category-2014-15","category-afa","category-noticies-afa"],"post_mailing_queue_ids":[],"_links":{"self":[{"href":"https:\/\/agora.xtec.cat\/ielesvinyes\/wp-json\/wp\/v2\/posts\/1139","targetHints":{"allow":["GET"]}}],"collection":[{"href":"https:\/\/agora.xtec.cat\/ielesvinyes\/wp-json\/wp\/v2\/posts"}],"about":[{"href":"https:\/\/agora.xtec.cat\/ielesvinyes\/wp-json\/wp\/v2\/types\/post"}],"author":[{"embeddable":true,"href":"https:\/\/agora.xtec.cat\/ielesvinyes\/wp-json\/wp\/v2\/users\/52"}],"replies":[{"embeddable":true,"href":"https:\/\/agora.xtec.cat\/ielesvinyes\/wp-json\/wp\/v2\/comments?post=1139"}],"version-history":[{"count":0,"href":"https:\/\/agora.xtec.cat\/ielesvinyes\/wp-json\/wp\/v2\/posts\/1139\/revisions"}],"wp:attachment":[{"href":"https:\/\/agora.xtec.cat\/ielesvinyes\/wp-json\/wp\/v2\/media?parent=1139"}],"wp:term":[{"taxonomy":"category","embeddable":true,"href":"https:\/\/agora.xtec.cat\/ielesvinyes\/wp-json\/wp\/v2\/categories?post=1139"},{"taxonomy":"post_tag","embeddable":true,"href":"https:\/\/agora.xtec.cat\/ielesvinyes\/wp-json\/wp\/v2\/tags?post=1139"}],"curies":[{"name":"wp","href":"https:\/\/api.w.org\/{rel}","templated":true}]}}