{"id":1135,"date":"2014-11-12T16:42:49","date_gmt":"2014-11-12T16:42:49","guid":{"rendered":"http:\/\/ampa.ielesvinyes.net\/stage1\/?p=1135"},"modified":"2025-11-18T10:09:40","modified_gmt":"2025-11-18T09:09:40","slug":"entrevista-amb-catalunya-radio","status":"publish","type":"post","link":"https:\/\/agora.xtec.cat\/ielesvinyes\/2014-15\/entrevista-amb-catalunya-radio\/","title":{"rendered":"Entrevista amb Catalunya R\u00e0dio"},"content":{"rendered":"<p style=\"text-align: justify;\">Com ja sabeu, l&#8217;EmPATItza&#8217;t ha estat un gran projecte de centre.\u00a0Tant ha sigut aix\u00ed, que fins i tot hem despertat l&#8217;inter\u00e8s d&#8217;un mitj\u00e0 de comunicaci\u00f3&#8230;<\/p>\n<p style=\"text-align: justify;\"><a href=\"http:\/\/ampa.ielesvinyes.net\/stage1\/wp-content\/uploads\/2014\/11\/Catalunya_R__diog.jpg\"><img loading=\"lazy\" decoding=\"async\" class=\"alignleft size-full wp-image-1922\" src=\"http:\/\/ampa.ielesvinyes.net\/stage1\/wp-content\/uploads\/2014\/11\/Catalunya_R__diog.jpg\" alt=\"Catalunya_R__diog\" width=\"200\" height=\"151\" \/><\/a><\/p>\n<p style=\"text-align: justify;\">El passat 6 de novembre vam ser entrevistats representants de tota la Comunitat Educativa, (mestres\/professors, alumnes i fam\u00edlies)\u00a0per al programa de r\u00e0dio <strong>&#8220;Blog de Mestres&#8221;<\/strong>, conduit per la periodista Montse Poblet als Informatius de<strong> Catalunya R\u00e0dio<\/strong>.<\/p>\n<p style=\"text-align: justify;\"><img loading=\"lazy\" decoding=\"async\" class=\"  wp-image-1146 aligncenter\" src=\"http:\/\/ampa.ielesvinyes.net\/stage1\/wp-content\/uploads\/2014\/11\/IMG_20141106_095942.jpg\" alt=\"ipp\" width=\"439\" height=\"328\" \/><\/p>\n<p style=\"text-align: justify;\">Si encara no heu tingut ocasi\u00f3 d&#8217;escoltar-la, podeu fer-ho en el seg\u00fcent enlla\u00e7:<br \/>\n<a href=\"http:\/\/www.ccma.cat\/catradio\/alacarta\/nom-programa\/Blog-de-Mestres-Un-pati-fet-entre-tots\/audio\/854815\/\"><img loading=\"lazy\" decoding=\"async\" class=\"  wp-image-1136 aligncenter\" src=\"http:\/\/ampa.ielesvinyes.net\/stage1\/wp-content\/uploads\/2015\/02\/catradio.jpg\" alt=\"catradio\" width=\"290\" height=\"206\" \/><\/a><\/p>\n","protected":false},"excerpt":{"rendered":"<p>Com ja sabeu, l&#8217;EmPATItza&#8217;t ha estat un gran projecte de centre.\u00a0Tant ha sigut aix\u00ed, que fins i tot hem despertat l&#8217;inter\u00e8s d&#8217;un mitj\u00e0 de comunicaci\u00f3&#8230; El passat 6 de novembre vam ser entrevistats representants de tota la Comunitat Educativa, (mestres\/professors, alumnes i fam\u00edlies)\u00a0per al programa de r\u00e0dio &#8220;Blog de Mestres&#8221;, conduit per la periodista Montse [&hellip;]<\/p>\n","protected":false},"author":52,"featured_media":0,"comment_status":"open","ping_status":"closed","sticky":false,"template":"","format":"standard","meta":{"_bbp_topic_count":0,"_bbp_reply_count":0,"_bbp_total_topic_count":0,"_bbp_total_reply_count":0,"_bbp_voice_count":0,"_bbp_anonymous_reply_count":0,"_bbp_topic_count_hidden":0,"_bbp_reply_count_hidden":0,"_bbp_forum_subforum_count":0,"site-sidebar-layout":"default","site-content-layout":"","ast-site-content-layout":"","site-content-style":"default","site-sidebar-style":"default","ast-global-header-display":"","ast-banner-title-visibility":"","ast-main-header-display":"","ast-hfb-above-header-display":"","ast-hfb-below-header-display":"","ast-hfb-mobile-header-display":"","site-post-title":"","ast-breadcrumbs-content":"","ast-featured-img":"","footer-sml-layout":"","theme-transparent-header-meta":"","adv-header-id-meta":"","stick-header-meta":"","header-above-stick-meta":"","header-main-stick-meta":"","header-below-stick-meta":"","astra-migrate-meta-layouts":"default","ast-page-background-enabled":"default","ast-page-background-meta":{"desktop":{"background-color":"var(--ast-global-color-4)","background-image":"","background-repeat":"repeat","background-position":"center center","background-size":"auto","background-attachment":"scroll","background-type":"","background-media":"","overlay-type":"","overlay-color":"","overlay-opacity":"","overlay-gradient":""},"tablet":{"background-color":"","background-image":"","background-repeat":"repeat","background-position":"center center","background-size":"auto","background-attachment":"scroll","background-type":"","background-media":"","overlay-type":"","overlay-color":"","overlay-opacity":"","overlay-gradient":""},"mobile":{"background-color":"","background-image":"","background-repeat":"repeat","background-position":"center center","background-size":"auto","background-attachment":"scroll","background-type":"","background-media":"","overlay-type":"","overlay-color":"","overlay-opacity":"","overlay-gradient":""}},"ast-content-background-meta":{"desktop":{"background-color":"var(--ast-global-color-5)","background-image":"","background-repeat":"repeat","background-position":"center center","background-size":"auto","background-attachment":"scroll","background-type":"","background-media":"","overlay-type":"","overlay-color":"","overlay-opacity":"","overlay-gradient":""},"tablet":{"background-color":"var(--ast-global-color-5)","background-image":"","background-repeat":"repeat","background-position":"center center","background-size":"auto","background-attachment":"scroll","background-type":"","background-media":"","overlay-type":"","overlay-color":"","overlay-opacity":"","overlay-gradient":""},"mobile":{"background-color":"var(--ast-global-color-5)","background-image":"","background-repeat":"repeat","background-position":"center center","background-size":"auto","background-attachment":"scroll","background-type":"","background-media":"","overlay-type":"","overlay-color":"","overlay-opacity":"","overlay-gradient":""}},"footnotes":""},"categories":[111,471],"tags":[201],"class_list":["post-1135","post","type-post","status-publish","format-standard","hentry","category-2014-15","category-noticies-afa","tag-empatitzat"],"post_mailing_queue_ids":[],"_links":{"self":[{"href":"https:\/\/agora.xtec.cat\/ielesvinyes\/wp-json\/wp\/v2\/posts\/1135","targetHints":{"allow":["GET"]}}],"collection":[{"href":"https:\/\/agora.xtec.cat\/ielesvinyes\/wp-json\/wp\/v2\/posts"}],"about":[{"href":"https:\/\/agora.xtec.cat\/ielesvinyes\/wp-json\/wp\/v2\/types\/post"}],"author":[{"embeddable":true,"href":"https:\/\/agora.xtec.cat\/ielesvinyes\/wp-json\/wp\/v2\/users\/52"}],"replies":[{"embeddable":true,"href":"https:\/\/agora.xtec.cat\/ielesvinyes\/wp-json\/wp\/v2\/comments?post=1135"}],"version-history":[{"count":1,"href":"https:\/\/agora.xtec.cat\/ielesvinyes\/wp-json\/wp\/v2\/posts\/1135\/revisions"}],"predecessor-version":[{"id":8469,"href":"https:\/\/agora.xtec.cat\/ielesvinyes\/wp-json\/wp\/v2\/posts\/1135\/revisions\/8469"}],"wp:attachment":[{"href":"https:\/\/agora.xtec.cat\/ielesvinyes\/wp-json\/wp\/v2\/media?parent=1135"}],"wp:term":[{"taxonomy":"category","embeddable":true,"href":"https:\/\/agora.xtec.cat\/ielesvinyes\/wp-json\/wp\/v2\/categories?post=1135"},{"taxonomy":"post_tag","embeddable":true,"href":"https:\/\/agora.xtec.cat\/ielesvinyes\/wp-json\/wp\/v2\/tags?post=1135"}],"curies":[{"name":"wp","href":"https:\/\/api.w.org\/{rel}","templated":true}]}}