{"id":1105,"date":"2014-11-11T06:35:23","date_gmt":"2014-11-11T06:35:23","guid":{"rendered":"http:\/\/ampa.ielesvinyes.net\/stage1\/?p=1105"},"modified":"2014-11-11T06:35:23","modified_gmt":"2014-11-11T06:35:23","slug":"mullat-per-lela","status":"publish","type":"post","link":"https:\/\/agora.xtec.cat\/ielesvinyes\/2014-15\/mullat-per-lela\/","title":{"rendered":"MULLA&#8217;T PER L&#8217;ELA"},"content":{"rendered":"<p id=\"yui_3_16_0_1_1424758655392_8806\" class=\"yiv1856999234\" style=\"text-align: justify;\"><span id=\"yui_3_16_0_1_1424758655392_8805\"><span id=\"yui_3_16_0_1_1424758655392_8807\" lang=\"CA\"><a href=\"http:\/\/ampa.ielesvinyes.net\/stage1\/wp-content\/uploads\/2015\/02\/ELA.jpg\"><img loading=\"lazy\" decoding=\"async\" class=\"alignleft size-full wp-image-1106\" src=\"http:\/\/ampa.ielesvinyes.net\/stage1\/wp-content\/uploads\/2015\/02\/ELA.jpg\" alt=\"ELA\" width=\"163\" height=\"167\" \/><\/a><\/span><\/span><\/p>\n<p class=\"yiv1856999234\" style=\"text-align: justify;\"><span id=\"yui_3_16_0_1_1424758655392_8807\" lang=\"CA\">La comunitat educativa de l\u2019Institut-Escola Les Vinyes estem cridats a participar a la campanya anomenada <b>\u201cMulla&#8217;t per l\u2019ELA\u201d,<\/b> una iniciativa engegada per<\/span><span id=\"yui_3_16_0_1_1424758655392_8804\" lang=\"CA\"> la Fundaci\u00f3 Catalana d\u2019ELA \u201cFundaci\u00f3 Miquel Valls\u201d per a recaptar fons i difondre el coneixement sobre la malaltia<b>.<\/b><\/span><\/p>\n<h3 id=\"yui_3_16_0_1_1424758655392_8802\" class=\"yiv1856999234MsoNormal\" style=\"text-align: center;\"><b><\/b><span id=\"yui_3_16_0_1_1424758655392_8803\" lang=\"CA\" style=\"color: #ff6600;\">La convocat\u00f2ria \u00e9s per aquest <b>dimecres a les 16:30h!<\/b><\/span><\/h3>\n<p id=\"yui_3_16_0_1_1424758655392_8801\" class=\"yiv1856999234MsoNormal\" style=\"text-align: justify;\"><span id=\"yui_3_16_0_1_1424758655392_8800\" lang=\"CA\"><strong>Es celebrar\u00e0 un berenar a c\u00e0rrec de l\u2019AMPA<\/strong> on vendrem porcions de coques i pastissos i on l\u2019alumnat del centre vendr\u00e0 petits gla\u00e7ons de gel, tot plegat <strong>per recaptar fons per la causa.<\/strong><\/span><\/p>\n<p id=\"yui_3_16_0_1_1424758655392_8799\" class=\"yiv1856999234MsoNormal\" style=\"text-align: justify;\"><strong>Com pots participar i col\u00b7laborar?<\/strong><br \/>\n\u00c9s molt f\u00e0cil, tens tres opcions que les pots combinar com vulguis!<\/p>\n<p class=\"yiv1856999234MsoNormal\" style=\"text-align: justify; padding-left: 30px;\"><b id=\"yui_3_16_0_1_1424758655392_9346\"><span id=\"yui_3_16_0_1_1424758655392_9345\" lang=\"CA\">1a.<\/span><\/b><span id=\"yui_3_16_0_1_1424758655392_9342\" lang=\"CA\"> Col\u00b7laborant amb l\u2019aportaci\u00f3 d\u2019una coca, magdalenes, galetes o past\u00eds, per vendre\u2019ls en porcions per recaptar fons. Es poden dur durant el mat\u00ed a consergeria\u00a0 i fins 10 minuts abans de les 16:30h.<\/span><\/p>\n<p id=\"yui_3_16_0_1_1424758655392_9336\" class=\"yiv3552080644\" style=\"text-align: justify; padding-left: 30px;\"><b><span lang=\"CA\">2a.<\/span><\/b><span id=\"yui_3_16_0_1_1424758655392_9335\" lang=\"CA\"> Comprant el berenar pels vostres fills i per vosaltres i\/o comprant gla\u00e7ons reutilitzables i impermeables.<\/span><\/p>\n<p id=\"yui_3_16_0_1_1424758655392_9337\" class=\"yiv3552080644\" style=\"text-align: justify; padding-left: 30px;\"><b><span lang=\"CA\">3a<\/span><\/b><span lang=\"CA\">. Remullant-nos amb un cubell amb aigua.<\/span><span lang=\"CA\"> (*)<\/span><\/p>\n<p id=\"yui_3_16_0_1_1424758655392_9334\" class=\"yiv3552080644\" style=\"text-align: justify; padding-left: 30px;\"><b><span lang=\"CA\">4a.<\/span><\/b><span id=\"yui_3_16_0_1_1424758655392_9333\" lang=\"CA\"> Fent una donaci\u00f3 econ\u00f2mica avui, o fins a finals de mes a consergeria.<\/span><\/p>\n<h6 id=\"yui_3_16_0_1_1424758655392_8814\" class=\"yiv1856999234MsoNormal\" style=\"text-align: center;\"><span style=\"color: #ff6600;\"><b id=\"yui_3_16_0_1_1424758655392_8813\"><span id=\"yui_3_16_0_1_1424758655392_8812\" lang=\"CA\">Us esperem a berenar i a remullar-vos aquest dimecres 12 de novembre!<\/span><\/b><\/span><\/h6>\n<p id=\"yui_3_16_0_1_1424758655392_8827\" class=\"yiv1856999234MsoNormal\" style=\"text-align: justify;\"><span id=\"yui_3_16_0_1_1424758655392_8826\" lang=\"CA\">Us demanem que porteu alguna galleda o cubell i, si us ve de gust, algun element divertit de platja o mar.\u00a0<\/span><\/p>\n<p id=\"yui_3_16_0_1_1424758655392_8825\" class=\"yiv1856999234MsoNormal\" style=\"text-align: justify;\"><span lang=\"CA\">\u00a0Es far\u00e0 un v\u00eddeo de tota la jornada, amb imatges de la preparaci\u00f3, del berenar i com no, de la gran remullada! I el v\u00eddeo finalitzar\u00e0 reptant a un altre col\u00b7lectiu A MULLAR-SE!<\/span><\/p>\n<p id=\"yui_3_16_0_1_1424758655392_8815\" class=\"yiv1856999234\" style=\"text-align: justify;\"><strong><span style=\"font-size: large;\"><span lang=\"CA\">Us hi esperem, la causa s\u2019ho mereix!<\/span><\/span><\/strong><\/p>\n<p id=\"yui_3_16_0_1_1424758655392_8816\" class=\"yiv1856999234\" style=\"text-align: justify;\"><span lang=\"CA\">\u00a0<\/span><\/p>\n<p id=\"yui_3_16_0_1_1424758655392_8817\" class=\"yiv1856999234\" style=\"text-align: justify;\"><span id=\"yui_3_16_0_1_1424758655392_8821\"><span id=\"yui_3_16_0_1_1424758655392_8820\" lang=\"CA\"><em>Podeu trobar m\u00e9s informaci\u00f3 sobre la malaltia clicant el seg\u00fcent enlla\u00e7: <b id=\"yui_3_16_0_1_1424758655392_8819\"><a id=\"yui_3_16_0_1_1424758655392_8818\" href=\"http:\/\/fundaciomiquelvalls.org\/ca\/ela_cat.html\" target=\"_blank\" rel=\"nofollow noopener noreferrer\">http:\/\/fundaciomiquelvalls.org\/ca\/ela_cat.html<\/a><\/b> <\/em><br \/>\n<\/span><\/span><\/p>\n<p id=\"yui_3_16_0_1_1424758655392_8788\" class=\"yiv1856999234MsoNormal\" style=\"text-align: justify;\">\n","protected":false},"excerpt":{"rendered":"<p>La comunitat educativa de l\u2019Institut-Escola Les Vinyes estem cridats a participar a la campanya anomenada \u201cMulla&#8217;t per l\u2019ELA\u201d, una iniciativa engegada per la Fundaci\u00f3 Catalana d\u2019ELA \u201cFundaci\u00f3 Miquel Valls\u201d per a recaptar fons i difondre el coneixement sobre la malaltia. La convocat\u00f2ria \u00e9s per aquest dimecres a les 16:30h! Es celebrar\u00e0 un berenar a c\u00e0rrec [&hellip;]<\/p>\n","protected":false},"author":52,"featured_media":0,"comment_status":"open","ping_status":"closed","sticky":false,"template":"","format":"standard","meta":{"_bbp_topic_count":0,"_bbp_reply_count":0,"_bbp_total_topic_count":0,"_bbp_total_reply_count":0,"_bbp_voice_count":0,"_bbp_anonymous_reply_count":0,"_bbp_topic_count_hidden":0,"_bbp_reply_count_hidden":0,"_bbp_forum_subforum_count":0,"site-sidebar-layout":"default","site-content-layout":"","ast-site-content-layout":"","site-content-style":"default","site-sidebar-style":"default","ast-global-header-display":"","ast-banner-title-visibility":"","ast-main-header-display":"","ast-hfb-above-header-display":"","ast-hfb-below-header-display":"","ast-hfb-mobile-header-display":"","site-post-title":"","ast-breadcrumbs-content":"","ast-featured-img":"","footer-sml-layout":"","theme-transparent-header-meta":"","adv-header-id-meta":"","stick-header-meta":"","header-above-stick-meta":"","header-main-stick-meta":"","header-below-stick-meta":"","astra-migrate-meta-layouts":"default","ast-page-background-enabled":"default","ast-page-background-meta":{"desktop":{"background-color":"var(--ast-global-color-4)","background-image":"","background-repeat":"repeat","background-position":"center center","background-size":"auto","background-attachment":"scroll","background-type":"","background-media":"","overlay-type":"","overlay-color":"","overlay-opacity":"","overlay-gradient":""},"tablet":{"background-color":"","background-image":"","background-repeat":"repeat","background-position":"center center","background-size":"auto","background-attachment":"scroll","background-type":"","background-media":"","overlay-type":"","overlay-color":"","overlay-opacity":"","overlay-gradient":""},"mobile":{"background-color":"","background-image":"","background-repeat":"repeat","background-position":"center center","background-size":"auto","background-attachment":"scroll","background-type":"","background-media":"","overlay-type":"","overlay-color":"","overlay-opacity":"","overlay-gradient":""}},"ast-content-background-meta":{"desktop":{"background-color":"var(--ast-global-color-5)","background-image":"","background-repeat":"repeat","background-position":"center center","background-size":"auto","background-attachment":"scroll","background-type":"","background-media":"","overlay-type":"","overlay-color":"","overlay-opacity":"","overlay-gradient":""},"tablet":{"background-color":"var(--ast-global-color-5)","background-image":"","background-repeat":"repeat","background-position":"center center","background-size":"auto","background-attachment":"scroll","background-type":"","background-media":"","overlay-type":"","overlay-color":"","overlay-opacity":"","overlay-gradient":""},"mobile":{"background-color":"var(--ast-global-color-5)","background-image":"","background-repeat":"repeat","background-position":"center center","background-size":"auto","background-attachment":"scroll","background-type":"","background-media":"","overlay-type":"","overlay-color":"","overlay-opacity":"","overlay-gradient":""}},"footnotes":""},"categories":[111,466],"tags":[],"class_list":["post-1105","post","type-post","status-publish","format-standard","hentry","category-2014-15","category-participacio"],"post_mailing_queue_ids":[],"_links":{"self":[{"href":"https:\/\/agora.xtec.cat\/ielesvinyes\/wp-json\/wp\/v2\/posts\/1105","targetHints":{"allow":["GET"]}}],"collection":[{"href":"https:\/\/agora.xtec.cat\/ielesvinyes\/wp-json\/wp\/v2\/posts"}],"about":[{"href":"https:\/\/agora.xtec.cat\/ielesvinyes\/wp-json\/wp\/v2\/types\/post"}],"author":[{"embeddable":true,"href":"https:\/\/agora.xtec.cat\/ielesvinyes\/wp-json\/wp\/v2\/users\/52"}],"replies":[{"embeddable":true,"href":"https:\/\/agora.xtec.cat\/ielesvinyes\/wp-json\/wp\/v2\/comments?post=1105"}],"version-history":[{"count":0,"href":"https:\/\/agora.xtec.cat\/ielesvinyes\/wp-json\/wp\/v2\/posts\/1105\/revisions"}],"wp:attachment":[{"href":"https:\/\/agora.xtec.cat\/ielesvinyes\/wp-json\/wp\/v2\/media?parent=1105"}],"wp:term":[{"taxonomy":"category","embeddable":true,"href":"https:\/\/agora.xtec.cat\/ielesvinyes\/wp-json\/wp\/v2\/categories?post=1105"},{"taxonomy":"post_tag","embeddable":true,"href":"https:\/\/agora.xtec.cat\/ielesvinyes\/wp-json\/wp\/v2\/tags?post=1105"}],"curies":[{"name":"wp","href":"https:\/\/api.w.org\/{rel}","templated":true}]}}