{"id":1072,"date":"2013-02-16T11:17:48","date_gmt":"2013-02-16T10:17:48","guid":{"rendered":"http:\/\/ielesvinyes.net\/?p=1072"},"modified":"2022-09-28T07:06:02","modified_gmt":"2022-09-28T05:06:02","slug":"jornada-de-portes-obertes","status":"publish","type":"post","link":"https:\/\/agora.xtec.cat\/ielesvinyes\/general\/jornada-de-portes-obertes\/","title":{"rendered":"Jornada de portes obertes"},"content":{"rendered":"<p>Aquest dilluns <strong><span style=\"color: #000080;\">18 de febrer de 2013, de les 17.30 a les 19.30,<\/span><\/strong> tindr\u00e0 lloc la<strong>\u00a0Jornada de portes obertes el centre<\/strong>. L\u2019equip docent i els alumnes del centre us presentarem el Projecte educatiu, els equipaments i instal\u00b7lacions de l&#8217;Institut Escola Les Vinyes.<\/p>\n<p>El proper curs 2013-2014 oferirem l&#8217;educaci\u00f3 infantil completa i encetarem l&#8217;etapa de l&#8217;Educaci\u00f3 Prim\u00e0ria al centre. De l&#8217;ESO, oferirem 1r, 2n i 3r curs, seguint el creixement\u00a0org\u00e0nic\u00a0del centre. Podeu consultar la pestanya &#8220;<a href=\"http:\/\/ielesvinyes.net\/com-treballem\/\">Com treballem<\/a>&#8221; per a tenir-ne m\u00e9s informaci\u00f3.<\/p>\n<p><object width=\"400\" height=\"300\" classid=\"clsid:d27cdb6e-ae6d-11cf-96b8-444553540000\" codebase=\"http:\/\/download.macromedia.com\/pub\/shockwave\/cabs\/flash\/swflash.cab#version=6,0,40,0\"><param name=\"flashvars\" value=\"offsite=true&amp;lang=es-us&amp;page_show_url=%2Fphotos%2Fielesvinyes%2Ftags%2Fportesobertes2013%2Fshow%2F&amp;page_show_back_url=%2Fphotos%2Fielesvinyes%2Ftags%2Fportesobertes2013%2F&amp;user_id=69119066@N05&amp;tags=portesobertes2013&amp;jump_to=&amp;start_index=\" \/><param name=\"allowFullScreen\" value=\"true\" \/><param name=\"src\" value=\"http:\/\/www.flickr.com\/apps\/slideshow\/show.swf?v=124984\" \/><param name=\"allowfullscreen\" value=\"true\" \/><embed width=\"400\" height=\"300\" type=\"application\/x-shockwave-flash\" src=\"http:\/\/www.flickr.com\/apps\/slideshow\/show.swf?v=124984\" flashvars=\"offsite=true&amp;lang=es-us&amp;page_show_url=%2Fphotos%2Fielesvinyes%2Ftags%2Fportesobertes2013%2Fshow%2F&amp;page_show_back_url=%2Fphotos%2Fielesvinyes%2Ftags%2Fportesobertes2013%2F&amp;user_id=69119066@N05&amp;tags=portesobertes2013&amp;jump_to=&amp;start_index=\" allowFullScreen=\"true\" allowfullscreen=\"true\" \/><\/object><\/p>\n<p>Aix\u00ed doncs, tindreu l\u2019oportunitat de visitar l&#8217;Institut Escola per dins, con\u00e8ixer el nostre projecte educatiu, i parlar amb les mestres i professorat, per informar-vos de primera m\u00e0 de com treballem i com acollim els vostres fills i filles.<\/p>\n<p><strong><span style=\"color: #ff0000;\">Us hi esperem!<\/span><\/strong><\/p>\n","protected":false},"excerpt":{"rendered":"<p>Aquest dilluns 18 de febrer de 2013, de les 17.30 a les 19.30, tindr\u00e0 lloc la\u00a0Jornada de portes obertes el centre. L\u2019equip docent i els alumnes del centre us presentarem el Projecte educatiu, els equipaments i instal\u00b7lacions de l&#8217;Institut Escola Les Vinyes. El proper curs 2013-2014 oferirem l&#8217;educaci\u00f3 infantil completa i encetarem l&#8217;etapa de l&#8217;Educaci\u00f3 [&hellip;]<\/p>\n","protected":false},"author":1,"featured_media":0,"comment_status":"open","ping_status":"open","sticky":false,"template":"","format":"standard","meta":{"_bbp_topic_count":0,"_bbp_reply_count":0,"_bbp_total_topic_count":0,"_bbp_total_reply_count":0,"_bbp_voice_count":0,"_bbp_anonymous_reply_count":0,"_bbp_topic_count_hidden":0,"_bbp_reply_count_hidden":0,"_bbp_forum_subforum_count":0,"site-sidebar-layout":"default","site-content-layout":"","ast-site-content-layout":"","site-content-style":"default","site-sidebar-style":"default","ast-global-header-display":"","ast-banner-title-visibility":"","ast-main-header-display":"","ast-hfb-above-header-display":"","ast-hfb-below-header-display":"","ast-hfb-mobile-header-display":"","site-post-title":"","ast-breadcrumbs-content":"","ast-featured-img":"","footer-sml-layout":"","theme-transparent-header-meta":"","adv-header-id-meta":"","stick-header-meta":"","header-above-stick-meta":"","header-main-stick-meta":"","header-below-stick-meta":"","astra-migrate-meta-layouts":"default","ast-page-background-enabled":"default","ast-page-background-meta":{"desktop":{"background-color":"var(--ast-global-color-4)","background-image":"","background-repeat":"repeat","background-position":"center center","background-size":"auto","background-attachment":"scroll","background-type":"","background-media":"","overlay-type":"","overlay-color":"","overlay-opacity":"","overlay-gradient":""},"tablet":{"background-color":"","background-image":"","background-repeat":"repeat","background-position":"center center","background-size":"auto","background-attachment":"scroll","background-type":"","background-media":"","overlay-type":"","overlay-color":"","overlay-opacity":"","overlay-gradient":""},"mobile":{"background-color":"","background-image":"","background-repeat":"repeat","background-position":"center center","background-size":"auto","background-attachment":"scroll","background-type":"","background-media":"","overlay-type":"","overlay-color":"","overlay-opacity":"","overlay-gradient":""}},"ast-content-background-meta":{"desktop":{"background-color":"var(--ast-global-color-5)","background-image":"","background-repeat":"repeat","background-position":"center center","background-size":"auto","background-attachment":"scroll","background-type":"","background-media":"","overlay-type":"","overlay-color":"","overlay-opacity":"","overlay-gradient":""},"tablet":{"background-color":"var(--ast-global-color-5)","background-image":"","background-repeat":"repeat","background-position":"center center","background-size":"auto","background-attachment":"scroll","background-type":"","background-media":"","overlay-type":"","overlay-color":"","overlay-opacity":"","overlay-gradient":""},"mobile":{"background-color":"var(--ast-global-color-5)","background-image":"","background-repeat":"repeat","background-position":"center center","background-size":"auto","background-attachment":"scroll","background-type":"","background-media":"","overlay-type":"","overlay-color":"","overlay-opacity":"","overlay-gradient":""}},"footnotes":""},"categories":[109,1],"tags":[307],"class_list":["post-1072","post","type-post","status-publish","format-standard","hentry","category-2012-13","category-general","tag-portes-obertes"],"post_mailing_queue_ids":[],"_links":{"self":[{"href":"https:\/\/agora.xtec.cat\/ielesvinyes\/wp-json\/wp\/v2\/posts\/1072","targetHints":{"allow":["GET"]}}],"collection":[{"href":"https:\/\/agora.xtec.cat\/ielesvinyes\/wp-json\/wp\/v2\/posts"}],"about":[{"href":"https:\/\/agora.xtec.cat\/ielesvinyes\/wp-json\/wp\/v2\/types\/post"}],"author":[{"embeddable":true,"href":"https:\/\/agora.xtec.cat\/ielesvinyes\/wp-json\/wp\/v2\/users\/1"}],"replies":[{"embeddable":true,"href":"https:\/\/agora.xtec.cat\/ielesvinyes\/wp-json\/wp\/v2\/comments?post=1072"}],"version-history":[{"count":1,"href":"https:\/\/agora.xtec.cat\/ielesvinyes\/wp-json\/wp\/v2\/posts\/1072\/revisions"}],"predecessor-version":[{"id":7451,"href":"https:\/\/agora.xtec.cat\/ielesvinyes\/wp-json\/wp\/v2\/posts\/1072\/revisions\/7451"}],"wp:attachment":[{"href":"https:\/\/agora.xtec.cat\/ielesvinyes\/wp-json\/wp\/v2\/media?parent=1072"}],"wp:term":[{"taxonomy":"category","embeddable":true,"href":"https:\/\/agora.xtec.cat\/ielesvinyes\/wp-json\/wp\/v2\/categories?post=1072"},{"taxonomy":"post_tag","embeddable":true,"href":"https:\/\/agora.xtec.cat\/ielesvinyes\/wp-json\/wp\/v2\/tags?post=1072"}],"curies":[{"name":"wp","href":"https:\/\/api.w.org\/{rel}","templated":true}]}}