{"id":6466,"date":"2026-01-05T08:15:44","date_gmt":"2026-01-05T07:15:44","guid":{"rendered":"https:\/\/agora.xtec.cat\/ieja\/?p=6466"},"modified":"2025-12-19T11:58:13","modified_gmt":"2025-12-19T10:58:13","slug":"analitzem-els-esmorzars-a-leso-%f0%9f%a5%aa%f0%9f%93%8a","status":"publish","type":"post","link":"https:\/\/agora.xtec.cat\/ieja\/eso\/analitzem-els-esmorzars-a-leso-%f0%9f%a5%aa%f0%9f%93%8a\/","title":{"rendered":"Analitzem els esmorzars a l\u2019ESO \ud83e\udd6a\ud83d\udcca"},"content":{"rendered":"<p><a href=\"https:\/\/agora.xtec.cat\/ieja\/wp-content\/uploads\/usu2185\/2025\/12\/EscolaVerda-Esmorzar.png\"><img loading=\"lazy\" decoding=\"async\" class=\" wp-image-6469 alignright\" src=\"https:\/\/agora.xtec.cat\/ieja\/wp-content\/uploads\/usu2185\/2025\/12\/EscolaVerda-Esmorzar-833x1024.png\" alt=\"\" width=\"152\" height=\"187\" srcset=\"https:\/\/agora.xtec.cat\/ieja\/wp-content\/uploads\/usu2185\/2025\/12\/EscolaVerda-Esmorzar-833x1024.png 833w, https:\/\/agora.xtec.cat\/ieja\/wp-content\/uploads\/usu2185\/2025\/12\/EscolaVerda-Esmorzar-244x300.png 244w, https:\/\/agora.xtec.cat\/ieja\/wp-content\/uploads\/usu2185\/2025\/12\/EscolaVerda-Esmorzar-768x945.png 768w, https:\/\/agora.xtec.cat\/ieja\/wp-content\/uploads\/usu2185\/2025\/12\/EscolaVerda-Esmorzar.png 918w\" sizes=\"auto, (max-width: 152px) 100vw, 152px\" \/><\/a>Un treball de l\u2019optativa de matem\u00e0tiques de 2n d\u2019ESO ha perm\u00e8s analitzar els h\u00e0bits d\u2019esmorzar i l\u2019\u00fas d\u2019embolcalls de l\u2019alumnat del centre, aportant dades rellevants per reflexionar sobre salut i sostenibilitat.<\/p>\n<p>Aquest estudi s\u2019ha dut a terme a partir d\u2019una mostra d\u2019alumnat de l\u2019ESO i ha tingut com a objectiu con\u00e8ixer quin tipus d\u2019embolcall s\u2019utilitza habitualment per a l\u2019esmorzar, aix\u00ed com detectar el percentatge d\u2019alumnes que no esmorzen. Les dades obtingudes, recollides i analitzades al llarg d\u2019una setmana, ofereixen una radiografia clara dels h\u00e0bits actuals.<\/p>\n<p>La infografia i l\u2019an\u00e0lisi estad\u00edstica han estat elaborades per tres alumnes de 2n d\u2019ESO dins l\u2019optativa de matem\u00e0tiques, en el marc del treball d\u2019estoc\u00e0stica. El projecte ha perm\u00e8s aplicar continguts matem\u00e0tics a una situaci\u00f3 real, interpretant dades, percentatges i gr\u00e0fics de manera significativa.<\/p>\n<p><a href=\"https:\/\/agora.xtec.cat\/ieja\/wp-content\/uploads\/usu2185\/2025\/12\/Infografia-Esmorzars.png\"><img loading=\"lazy\" decoding=\"async\" class=\"size-large wp-image-6467\" src=\"https:\/\/agora.xtec.cat\/ieja\/wp-content\/uploads\/usu2185\/2025\/12\/Infografia-Esmorzars-1024x583.png\" alt=\"Analitzem els esmorzars a l\u2019ESO \ud83e\udd6a\ud83d\udcca Un treball de l\u2019optativa de matem\u00e0tiques de 2n d\u2019ESO ha perm\u00e8s analitzar els h\u00e0bits d\u2019esmorzar i l\u2019\u00fas d\u2019embolcalls de l\u2019alumnat del centre, aportant dades rellevants per reflexionar sobre salut i sostenibilitat.\" width=\"1024\" height=\"583\" srcset=\"https:\/\/agora.xtec.cat\/ieja\/wp-content\/uploads\/usu2185\/2025\/12\/Infografia-Esmorzars-1024x583.png 1024w, https:\/\/agora.xtec.cat\/ieja\/wp-content\/uploads\/usu2185\/2025\/12\/Infografia-Esmorzars-300x171.png 300w, https:\/\/agora.xtec.cat\/ieja\/wp-content\/uploads\/usu2185\/2025\/12\/Infografia-Esmorzars-768x437.png 768w, https:\/\/agora.xtec.cat\/ieja\/wp-content\/uploads\/usu2185\/2025\/12\/Infografia-Esmorzars.png 1277w\" sizes=\"auto, (max-width: 1024px) 100vw, 1024px\" \/><\/a><\/p>\n<p>A m\u00e9s, aquesta iniciativa s\u2019emmarca dins del projecte d\u2019Escola Verda, ja que promou la reflexi\u00f3 sobre l\u2019\u00fas d\u2019embolcalls reutilitzables, la reducci\u00f3 del paper d\u2019alumini i la import\u00e0ncia de mantenir uns h\u00e0bits d\u2019alimentaci\u00f3 saludables.<\/p>\n<p>Un treball que demostra com les matem\u00e0tiques poden ser una eina \u00fatil per entendre la realitat, generar consci\u00e8ncia i impulsar petites millores en el dia a dia del centre. \ud83c\udf31\ud83d\udcc8<\/p>\n","protected":false},"excerpt":{"rendered":"<p>Un treball de l\u2019optativa de matem\u00e0tiques de 2n d\u2019ESO ha perm\u00e8s analitzar els h\u00e0bits d\u2019esmorzar i l\u2019\u00fas d\u2019embolcalls de l\u2019alumnat del centre, aportant dades rellevants per reflexionar sobre salut i sostenibilitat.<\/p>\n","protected":false},"author":36,"featured_media":6467,"comment_status":"closed","ping_status":"open","sticky":false,"template":"","format":"standard","meta":{"_bbp_topic_count":0,"_bbp_reply_count":0,"_bbp_total_topic_count":0,"_bbp_total_reply_count":0,"_bbp_voice_count":0,"_bbp_anonymous_reply_count":0,"_bbp_topic_count_hidden":0,"_bbp_reply_count_hidden":0,"_bbp_forum_subforum_count":0,"site-sidebar-layout":"default","site-content-layout":"","ast-site-content-layout":"default","site-content-style":"default","site-sidebar-style":"default","ast-global-header-display":"","ast-banner-title-visibility":"","ast-main-header-display":"","ast-hfb-above-header-display":"","ast-hfb-below-header-display":"","ast-hfb-mobile-header-display":"","site-post-title":"","ast-breadcrumbs-content":"","ast-featured-img":"","footer-sml-layout":"","theme-transparent-header-meta":"default","adv-header-id-meta":"","stick-header-meta":"","header-above-stick-meta":"","header-main-stick-meta":"","header-below-stick-meta":"","astra-migrate-meta-layouts":"set","ast-page-background-enabled":"default","ast-page-background-meta":{"desktop":{"background-color":"var(--ast-global-color-4)","background-image":"","background-repeat":"repeat","background-position":"center center","background-size":"auto","background-attachment":"scroll","background-type":"","background-media":"","overlay-type":"","overlay-color":"","overlay-opacity":"","overlay-gradient":""},"tablet":{"background-color":"","background-image":"","background-repeat":"repeat","background-position":"center center","background-size":"auto","background-attachment":"scroll","background-type":"","background-media":"","overlay-type":"","overlay-color":"","overlay-opacity":"","overlay-gradient":""},"mobile":{"background-color":"","background-image":"","background-repeat":"repeat","background-position":"center center","background-size":"auto","background-attachment":"scroll","background-type":"","background-media":"","overlay-type":"","overlay-color":"","overlay-opacity":"","overlay-gradient":""}},"ast-content-background-meta":{"desktop":{"background-color":"var(--ast-global-color-5)","background-image":"","background-repeat":"repeat","background-position":"center center","background-size":"auto","background-attachment":"scroll","background-type":"","background-media":"","overlay-type":"","overlay-color":"","overlay-opacity":"","overlay-gradient":""},"tablet":{"background-color":"var(--ast-global-color-5)","background-image":"","background-repeat":"repeat","background-position":"center center","background-size":"auto","background-attachment":"scroll","background-type":"","background-media":"","overlay-type":"","overlay-color":"","overlay-opacity":"","overlay-gradient":""},"mobile":{"background-color":"var(--ast-global-color-5)","background-image":"","background-repeat":"repeat","background-position":"center center","background-size":"auto","background-attachment":"scroll","background-type":"","background-media":"","overlay-type":"","overlay-color":"","overlay-opacity":"","overlay-gradient":""}},"footnotes":""},"categories":[224,3,29],"tags":[129,56,130,116,41,121,145,122],"class_list":["post-6466","post","type-post","status-publish","format-standard","has-post-thumbnail","hentry","category-escola-verda","category-eso","category-portada","tag-ciencies","tag-escola-verda","tag-eso","tag-institut-escola","tag-matematiques","tag-medi","tag-projecte","tag-treball-per-projectes"],"post_mailing_queue_ids":[],"_links":{"self":[{"href":"https:\/\/agora.xtec.cat\/ieja\/wp-json\/wp\/v2\/posts\/6466","targetHints":{"allow":["GET"]}}],"collection":[{"href":"https:\/\/agora.xtec.cat\/ieja\/wp-json\/wp\/v2\/posts"}],"about":[{"href":"https:\/\/agora.xtec.cat\/ieja\/wp-json\/wp\/v2\/types\/post"}],"author":[{"embeddable":true,"href":"https:\/\/agora.xtec.cat\/ieja\/wp-json\/wp\/v2\/users\/36"}],"replies":[{"embeddable":true,"href":"https:\/\/agora.xtec.cat\/ieja\/wp-json\/wp\/v2\/comments?post=6466"}],"version-history":[{"count":2,"href":"https:\/\/agora.xtec.cat\/ieja\/wp-json\/wp\/v2\/posts\/6466\/revisions"}],"predecessor-version":[{"id":6470,"href":"https:\/\/agora.xtec.cat\/ieja\/wp-json\/wp\/v2\/posts\/6466\/revisions\/6470"}],"wp:featuredmedia":[{"embeddable":true,"href":"https:\/\/agora.xtec.cat\/ieja\/wp-json\/wp\/v2\/media\/6467"}],"wp:attachment":[{"href":"https:\/\/agora.xtec.cat\/ieja\/wp-json\/wp\/v2\/media?parent=6466"}],"wp:term":[{"taxonomy":"category","embeddable":true,"href":"https:\/\/agora.xtec.cat\/ieja\/wp-json\/wp\/v2\/categories?post=6466"},{"taxonomy":"post_tag","embeddable":true,"href":"https:\/\/agora.xtec.cat\/ieja\/wp-json\/wp\/v2\/tags?post=6466"}],"curies":[{"name":"wp","href":"https:\/\/api.w.org\/{rel}","templated":true}]}}