{"id":6454,"date":"2025-12-15T08:15:02","date_gmt":"2025-12-15T07:15:02","guid":{"rendered":"https:\/\/agora.xtec.cat\/ieja\/?p=6454"},"modified":"2025-12-11T13:51:42","modified_gmt":"2025-12-11T12:51:42","slug":"creant-mapes-en-relleu-a-1r-deso-%f0%9f%8c%8d%f0%9f%8e%a8","status":"publish","type":"post","link":"https:\/\/agora.xtec.cat\/ieja\/eso\/creant-mapes-en-relleu-a-1r-deso-%f0%9f%8c%8d%f0%9f%8e%a8\/","title":{"rendered":"Creant mapes en relleu a 1r d\u2019ESO \ud83c\udf0d\ud83c\udfa8"},"content":{"rendered":"<p><a href=\"https:\/\/agora.xtec.cat\/ieja\/wp-content\/uploads\/usu2185\/2025\/12\/WhatsApp-Image-2025-12-11-at-13.05.20.jpeg\"><img loading=\"lazy\" decoding=\"async\" class=\" wp-image-6456\" src=\"https:\/\/agora.xtec.cat\/ieja\/wp-content\/uploads\/usu2185\/2025\/12\/WhatsApp-Image-2025-12-11-at-13.05.20-801x1024.jpeg\" alt=\"L\u2019alumnat de 1r d\u2019ESO ha treballat el relleu d\u2019una manera creativa elaborant talls topogr\u00e0fics a partir de mapes, combinant art, geometria i treball en equip.\" width=\"201\" height=\"257\" srcset=\"https:\/\/agora.xtec.cat\/ieja\/wp-content\/uploads\/usu2185\/2025\/12\/WhatsApp-Image-2025-12-11-at-13.05.20-801x1024.jpeg 801w, https:\/\/agora.xtec.cat\/ieja\/wp-content\/uploads\/usu2185\/2025\/12\/WhatsApp-Image-2025-12-11-at-13.05.20-235x300.jpeg 235w, https:\/\/agora.xtec.cat\/ieja\/wp-content\/uploads\/usu2185\/2025\/12\/WhatsApp-Image-2025-12-11-at-13.05.20-768x981.jpeg 768w, https:\/\/agora.xtec.cat\/ieja\/wp-content\/uploads\/usu2185\/2025\/12\/WhatsApp-Image-2025-12-11-at-13.05.20.jpeg 900w\" sizes=\"auto, (max-width: 201px) 100vw, 201px\" \/><\/a><\/p>\n<p>L\u2019alumnat de 1r d\u2019ESO ha treballat el relleu d\u2019una manera creativa elaborant talls topogr\u00e0fics a partir de mapes, combinant art, geometria i treball en equip.<\/p>\n<p>&nbsp;<\/p>\n<p>&nbsp;<\/p>\n<p>En aquesta activitat, els nois i noies han utilitzat cartr\u00f3, pintura i diferents materials per representar continents i formes de relleu. A trav\u00e9s del proc\u00e9s, han apr\u00e8s a interpretar mapes, identificar difer\u00e8ncies d\u2019altitud i entendre millor com es representa el territori.<\/p>\n<p>Treballar en grup els ha perm\u00e8s organitzar-se, repartir tasques i cooperar per donar forma a cada pe\u00e7a. El resultat ha estat una sessi\u00f3 plena de concentraci\u00f3, creativitat i aprenentatges significatius. \ud83d\uddfa\ufe0f\u2728<\/p>\n<p><a href=\"https:\/\/agora.xtec.cat\/ieja\/wp-content\/uploads\/usu2185\/2025\/12\/WhatsApp-Image-2025-12-11-at-13.05.21-1.jpeg\"><img loading=\"lazy\" decoding=\"async\" class=\"alignnone  wp-image-6457 aligncenter\" src=\"https:\/\/agora.xtec.cat\/ieja\/wp-content\/uploads\/usu2185\/2025\/12\/WhatsApp-Image-2025-12-11-at-13.05.21-1-786x1024.jpeg\" alt=\"\" width=\"148\" height=\"193\" srcset=\"https:\/\/agora.xtec.cat\/ieja\/wp-content\/uploads\/usu2185\/2025\/12\/WhatsApp-Image-2025-12-11-at-13.05.21-1-786x1024.jpeg 786w, https:\/\/agora.xtec.cat\/ieja\/wp-content\/uploads\/usu2185\/2025\/12\/WhatsApp-Image-2025-12-11-at-13.05.21-1-230x300.jpeg 230w, https:\/\/agora.xtec.cat\/ieja\/wp-content\/uploads\/usu2185\/2025\/12\/WhatsApp-Image-2025-12-11-at-13.05.21-1-768x1000.jpeg 768w, https:\/\/agora.xtec.cat\/ieja\/wp-content\/uploads\/usu2185\/2025\/12\/WhatsApp-Image-2025-12-11-at-13.05.21-1.jpeg 900w\" sizes=\"auto, (max-width: 148px) 100vw, 148px\" \/><\/a><\/p>\n<p>Una experi\u00e8ncia que els apropa a la geografia d\u2019una manera m\u00e9s vivencial i manipulativa!<\/p>\n<p><a href=\"https:\/\/agora.xtec.cat\/ieja\/wp-content\/uploads\/usu2185\/2025\/12\/WhatsApp-Image-2025-12-11-at-13.05.21.jpeg\"><img loading=\"lazy\" decoding=\"async\" class=\"alignnone  wp-image-6458 aligncenter\" src=\"https:\/\/agora.xtec.cat\/ieja\/wp-content\/uploads\/usu2185\/2025\/12\/WhatsApp-Image-2025-12-11-at-13.05.21-1024x648.jpeg\" alt=\"\" width=\"310\" height=\"196\" srcset=\"https:\/\/agora.xtec.cat\/ieja\/wp-content\/uploads\/usu2185\/2025\/12\/WhatsApp-Image-2025-12-11-at-13.05.21-1024x648.jpeg 1024w, https:\/\/agora.xtec.cat\/ieja\/wp-content\/uploads\/usu2185\/2025\/12\/WhatsApp-Image-2025-12-11-at-13.05.21-300x190.jpeg 300w, https:\/\/agora.xtec.cat\/ieja\/wp-content\/uploads\/usu2185\/2025\/12\/WhatsApp-Image-2025-12-11-at-13.05.21-768x486.jpeg 768w, https:\/\/agora.xtec.cat\/ieja\/wp-content\/uploads\/usu2185\/2025\/12\/WhatsApp-Image-2025-12-11-at-13.05.21.jpeg 1422w\" sizes=\"auto, (max-width: 310px) 100vw, 310px\" \/><\/a><\/p>\n","protected":false},"excerpt":{"rendered":"<p>L\u2019alumnat de 1r d\u2019ESO ha treballat el relleu d\u2019una manera creativa elaborant talls topogr\u00e0fics a partir de mapes, combinant art, geometria i treball en equip.<\/p>\n","protected":false},"author":36,"featured_media":6456,"comment_status":"closed","ping_status":"open","sticky":false,"template":"","format":"standard","meta":{"_bbp_topic_count":0,"_bbp_reply_count":0,"_bbp_total_topic_count":0,"_bbp_total_reply_count":0,"_bbp_voice_count":0,"_bbp_anonymous_reply_count":0,"_bbp_topic_count_hidden":0,"_bbp_reply_count_hidden":0,"_bbp_forum_subforum_count":0,"site-sidebar-layout":"default","site-content-layout":"","ast-site-content-layout":"default","site-content-style":"default","site-sidebar-style":"default","ast-global-header-display":"","ast-banner-title-visibility":"","ast-main-header-display":"","ast-hfb-above-header-display":"","ast-hfb-below-header-display":"","ast-hfb-mobile-header-display":"","site-post-title":"","ast-breadcrumbs-content":"","ast-featured-img":"","footer-sml-layout":"","theme-transparent-header-meta":"default","adv-header-id-meta":"","stick-header-meta":"","header-above-stick-meta":"","header-main-stick-meta":"","header-below-stick-meta":"","astra-migrate-meta-layouts":"set","ast-page-background-enabled":"default","ast-page-background-meta":{"desktop":{"background-color":"var(--ast-global-color-4)","background-image":"","background-repeat":"repeat","background-position":"center center","background-size":"auto","background-attachment":"scroll","background-type":"","background-media":"","overlay-type":"","overlay-color":"","overlay-opacity":"","overlay-gradient":""},"tablet":{"background-color":"","background-image":"","background-repeat":"repeat","background-position":"center center","background-size":"auto","background-attachment":"scroll","background-type":"","background-media":"","overlay-type":"","overlay-color":"","overlay-opacity":"","overlay-gradient":""},"mobile":{"background-color":"","background-image":"","background-repeat":"repeat","background-position":"center center","background-size":"auto","background-attachment":"scroll","background-type":"","background-media":"","overlay-type":"","overlay-color":"","overlay-opacity":"","overlay-gradient":""}},"ast-content-background-meta":{"desktop":{"background-color":"var(--ast-global-color-5)","background-image":"","background-repeat":"repeat","background-position":"center center","background-size":"auto","background-attachment":"scroll","background-type":"","background-media":"","overlay-type":"","overlay-color":"","overlay-opacity":"","overlay-gradient":""},"tablet":{"background-color":"var(--ast-global-color-5)","background-image":"","background-repeat":"repeat","background-position":"center center","background-size":"auto","background-attachment":"scroll","background-type":"","background-media":"","overlay-type":"","overlay-color":"","overlay-opacity":"","overlay-gradient":""},"mobile":{"background-color":"var(--ast-global-color-5)","background-image":"","background-repeat":"repeat","background-position":"center center","background-size":"auto","background-attachment":"scroll","background-type":"","background-media":"","overlay-type":"","overlay-color":"","overlay-opacity":"","overlay-gradient":""}},"footnotes":""},"categories":[3,29],"tags":[335,126,401,130,116],"class_list":["post-6454","post","type-post","status-publish","format-standard","has-post-thumbnail","hentry","category-eso","category-portada","tag-1r-deso","tag-activitats","tag-ciencies-socials","tag-eso","tag-institut-escola"],"post_mailing_queue_ids":[],"_links":{"self":[{"href":"https:\/\/agora.xtec.cat\/ieja\/wp-json\/wp\/v2\/posts\/6454","targetHints":{"allow":["GET"]}}],"collection":[{"href":"https:\/\/agora.xtec.cat\/ieja\/wp-json\/wp\/v2\/posts"}],"about":[{"href":"https:\/\/agora.xtec.cat\/ieja\/wp-json\/wp\/v2\/types\/post"}],"author":[{"embeddable":true,"href":"https:\/\/agora.xtec.cat\/ieja\/wp-json\/wp\/v2\/users\/36"}],"replies":[{"embeddable":true,"href":"https:\/\/agora.xtec.cat\/ieja\/wp-json\/wp\/v2\/comments?post=6454"}],"version-history":[{"count":1,"href":"https:\/\/agora.xtec.cat\/ieja\/wp-json\/wp\/v2\/posts\/6454\/revisions"}],"predecessor-version":[{"id":6459,"href":"https:\/\/agora.xtec.cat\/ieja\/wp-json\/wp\/v2\/posts\/6454\/revisions\/6459"}],"wp:featuredmedia":[{"embeddable":true,"href":"https:\/\/agora.xtec.cat\/ieja\/wp-json\/wp\/v2\/media\/6456"}],"wp:attachment":[{"href":"https:\/\/agora.xtec.cat\/ieja\/wp-json\/wp\/v2\/media?parent=6454"}],"wp:term":[{"taxonomy":"category","embeddable":true,"href":"https:\/\/agora.xtec.cat\/ieja\/wp-json\/wp\/v2\/categories?post=6454"},{"taxonomy":"post_tag","embeddable":true,"href":"https:\/\/agora.xtec.cat\/ieja\/wp-json\/wp\/v2\/tags?post=6454"}],"curies":[{"name":"wp","href":"https:\/\/api.w.org\/{rel}","templated":true}]}}