{"id":6448,"date":"2025-12-08T08:15:57","date_gmt":"2025-12-08T07:15:57","guid":{"rendered":"https:\/\/agora.xtec.cat\/ieja\/?p=6448"},"modified":"2025-12-05T04:17:03","modified_gmt":"2025-12-05T03:17:03","slug":"descobrint-la-biblioteca-municipal-de-cambrils-%f0%9f%93%9a","status":"publish","type":"post","link":"https:\/\/agora.xtec.cat\/ieja\/eso\/descobrint-la-biblioteca-municipal-de-cambrils-%f0%9f%93%9a\/","title":{"rendered":"Descobrint la Biblioteca Municipal de Cambrils \ud83d\udcda"},"content":{"rendered":"<p>L\u2019alumnat de 1r d\u2019ESO ha visitat la <a href=\"https:\/\/www.cambrils.cat\/ca\/serveis\/biblioteca\">Biblioteca Josep Salceda i Castells<\/a>, un espai proper i acollidor que ofereix m\u00faltiples recursos per aprendre, estudiar i gaudir de la lectura.<\/p>\n<p><a href=\"https:\/\/agora.xtec.cat\/ieja\/wp-content\/uploads\/usu2185\/2025\/12\/2025-12-04_-Sortida-1r-ESO-Biblioteca-municipal-1.jpg\"><img loading=\"lazy\" decoding=\"async\" class=\" wp-image-6451\" src=\"https:\/\/agora.xtec.cat\/ieja\/wp-content\/uploads\/usu2185\/2025\/12\/2025-12-04_-Sortida-1r-ESO-Biblioteca-municipal-1-1024x747.jpg\" alt=\"\" width=\"344\" height=\"251\" srcset=\"https:\/\/agora.xtec.cat\/ieja\/wp-content\/uploads\/usu2185\/2025\/12\/2025-12-04_-Sortida-1r-ESO-Biblioteca-municipal-1-1024x747.jpg 1024w, https:\/\/agora.xtec.cat\/ieja\/wp-content\/uploads\/usu2185\/2025\/12\/2025-12-04_-Sortida-1r-ESO-Biblioteca-municipal-1-300x219.jpg 300w, https:\/\/agora.xtec.cat\/ieja\/wp-content\/uploads\/usu2185\/2025\/12\/2025-12-04_-Sortida-1r-ESO-Biblioteca-municipal-1-768x560.jpg 768w, https:\/\/agora.xtec.cat\/ieja\/wp-content\/uploads\/usu2185\/2025\/12\/2025-12-04_-Sortida-1r-ESO-Biblioteca-municipal-1-1536x1120.jpg 1536w, https:\/\/agora.xtec.cat\/ieja\/wp-content\/uploads\/usu2185\/2025\/12\/2025-12-04_-Sortida-1r-ESO-Biblioteca-municipal-1-2048x1494.jpg 2048w\" sizes=\"auto, (max-width: 344px) 100vw, 344px\" \/><\/a><\/p>\n<p>El passat dijous 4 de desembre, van fer aquesta sortida per redescobrir la <a href=\"https:\/\/www.cambrils.cat\/ca\/serveis\/biblioteca\">biblioteca municipal<\/a>. Durant la visita va tenir l\u2019oportunitat d\u2019explorar les diferents seccions i descobrir la gran varietat de recursos disponibles: llibres, revistes, c\u00f2mics, m\u00fasica, v\u00eddeos i molt m\u00e9s. Alguns ja hi estaven familiaritzats i ja tenien el carnet, per\u00f2 d\u2019altres van descobrir la import\u00e0ncia de demanar-lo per poder gaudir de tots els serveis. M\u00e9s d\u2019un va aprofitar per endur-se un llibre que li va cridar l\u2019atenci\u00f3 mentre remenava entre les prestatgeries. \ud83d\udcd6<\/p>\n<p>&nbsp;<\/p>\n<p>Va ser una sortida profitosa i enriquidora que va ajudar l\u2019alumnat a valorar la biblioteca com un equipament p\u00fablic, un espai obert a tothom, \u00fatil, tranquil, proper al servei de tothom.\ud83d\udca1<\/p>\n<p><a href=\"https:\/\/agora.xtec.cat\/ieja\/wp-content\/uploads\/usu2185\/2025\/12\/2025-12-04_-Sortida-1r-ESO-Biblioteca-municipal-2.jpg\"><img loading=\"lazy\" decoding=\"async\" class=\" wp-image-6449\" src=\"https:\/\/agora.xtec.cat\/ieja\/wp-content\/uploads\/usu2185\/2025\/12\/2025-12-04_-Sortida-1r-ESO-Biblioteca-municipal-2-1024x783.jpg\" alt=\"Descobrint la Biblioteca Municipal de Cambrils \ud83d\udcda\" width=\"363\" height=\"277\" srcset=\"https:\/\/agora.xtec.cat\/ieja\/wp-content\/uploads\/usu2185\/2025\/12\/2025-12-04_-Sortida-1r-ESO-Biblioteca-municipal-2-1024x783.jpg 1024w, https:\/\/agora.xtec.cat\/ieja\/wp-content\/uploads\/usu2185\/2025\/12\/2025-12-04_-Sortida-1r-ESO-Biblioteca-municipal-2-300x229.jpg 300w, https:\/\/agora.xtec.cat\/ieja\/wp-content\/uploads\/usu2185\/2025\/12\/2025-12-04_-Sortida-1r-ESO-Biblioteca-municipal-2-768x587.jpg 768w, https:\/\/agora.xtec.cat\/ieja\/wp-content\/uploads\/usu2185\/2025\/12\/2025-12-04_-Sortida-1r-ESO-Biblioteca-municipal-2-1536x1174.jpg 1536w, https:\/\/agora.xtec.cat\/ieja\/wp-content\/uploads\/usu2185\/2025\/12\/2025-12-04_-Sortida-1r-ESO-Biblioteca-municipal-2.jpg 2003w\" sizes=\"auto, (max-width: 363px) 100vw, 363px\" \/><\/a><\/p>\n<p><a href=\"https:\/\/agora.xtec.cat\/ieja\/wp-content\/uploads\/usu2185\/2025\/12\/2025-12-04_-Sortida-1r-ESO-Biblioteca-municipal-3.jpg\"><img loading=\"lazy\" decoding=\"async\" class=\" wp-image-6452\" src=\"https:\/\/agora.xtec.cat\/ieja\/wp-content\/uploads\/usu2185\/2025\/12\/2025-12-04_-Sortida-1r-ESO-Biblioteca-municipal-3-1024x616.jpg\" alt=\"Descobrint la Biblioteca Municipal de Cambrils \ud83d\udcda\n\nL\u2019alumnat de 1r d\u2019ESO ha visitat la Biblioteca Josep Salceda i Castells, un espai proper i acollidor que ofereix m\u00faltiples recursos per aprendre, estudiar i gaudir de la lectura.\" width=\"365\" height=\"219\" srcset=\"https:\/\/agora.xtec.cat\/ieja\/wp-content\/uploads\/usu2185\/2025\/12\/2025-12-04_-Sortida-1r-ESO-Biblioteca-municipal-3-1024x616.jpg 1024w, https:\/\/agora.xtec.cat\/ieja\/wp-content\/uploads\/usu2185\/2025\/12\/2025-12-04_-Sortida-1r-ESO-Biblioteca-municipal-3-300x181.jpg 300w, https:\/\/agora.xtec.cat\/ieja\/wp-content\/uploads\/usu2185\/2025\/12\/2025-12-04_-Sortida-1r-ESO-Biblioteca-municipal-3-768x462.jpg 768w, https:\/\/agora.xtec.cat\/ieja\/wp-content\/uploads\/usu2185\/2025\/12\/2025-12-04_-Sortida-1r-ESO-Biblioteca-municipal-3-1536x924.jpg 1536w, https:\/\/agora.xtec.cat\/ieja\/wp-content\/uploads\/usu2185\/2025\/12\/2025-12-04_-Sortida-1r-ESO-Biblioteca-municipal-3-2048x1233.jpg 2048w\" sizes=\"auto, (max-width: 365px) 100vw, 365px\" \/><\/a><\/p>\n","protected":false},"excerpt":{"rendered":"<p>L\u2019alumnat de 1r d\u2019ESO ha visitat la Biblioteca Josep Salceda i Castells, un espai proper i acollidor que ofereix m\u00faltiples recursos per aprendre, estudiar i gaudir de la lectura.<\/p>\n","protected":false},"author":36,"featured_media":6449,"comment_status":"closed","ping_status":"open","sticky":false,"template":"","format":"standard","meta":{"_bbp_topic_count":0,"_bbp_reply_count":0,"_bbp_total_topic_count":0,"_bbp_total_reply_count":0,"_bbp_voice_count":0,"_bbp_anonymous_reply_count":0,"_bbp_topic_count_hidden":0,"_bbp_reply_count_hidden":0,"_bbp_forum_subforum_count":0,"site-sidebar-layout":"default","site-content-layout":"","ast-site-content-layout":"default","site-content-style":"default","site-sidebar-style":"default","ast-global-header-display":"","ast-banner-title-visibility":"","ast-main-header-display":"","ast-hfb-above-header-display":"","ast-hfb-below-header-display":"","ast-hfb-mobile-header-display":"","site-post-title":"","ast-breadcrumbs-content":"","ast-featured-img":"","footer-sml-layout":"","theme-transparent-header-meta":"default","adv-header-id-meta":"","stick-header-meta":"","header-above-stick-meta":"","header-main-stick-meta":"","header-below-stick-meta":"","astra-migrate-meta-layouts":"set","ast-page-background-enabled":"default","ast-page-background-meta":{"desktop":{"background-color":"var(--ast-global-color-4)","background-image":"","background-repeat":"repeat","background-position":"center center","background-size":"auto","background-attachment":"scroll","background-type":"","background-media":"","overlay-type":"","overlay-color":"","overlay-opacity":"","overlay-gradient":""},"tablet":{"background-color":"","background-image":"","background-repeat":"repeat","background-position":"center center","background-size":"auto","background-attachment":"scroll","background-type":"","background-media":"","overlay-type":"","overlay-color":"","overlay-opacity":"","overlay-gradient":""},"mobile":{"background-color":"","background-image":"","background-repeat":"repeat","background-position":"center center","background-size":"auto","background-attachment":"scroll","background-type":"","background-media":"","overlay-type":"","overlay-color":"","overlay-opacity":"","overlay-gradient":""}},"ast-content-background-meta":{"desktop":{"background-color":"var(--ast-global-color-5)","background-image":"","background-repeat":"repeat","background-position":"center center","background-size":"auto","background-attachment":"scroll","background-type":"","background-media":"","overlay-type":"","overlay-color":"","overlay-opacity":"","overlay-gradient":""},"tablet":{"background-color":"var(--ast-global-color-5)","background-image":"","background-repeat":"repeat","background-position":"center center","background-size":"auto","background-attachment":"scroll","background-type":"","background-media":"","overlay-type":"","overlay-color":"","overlay-opacity":"","overlay-gradient":""},"mobile":{"background-color":"var(--ast-global-color-5)","background-image":"","background-repeat":"repeat","background-position":"center center","background-size":"auto","background-attachment":"scroll","background-type":"","background-media":"","overlay-type":"","overlay-color":"","overlay-opacity":"","overlay-gradient":""}},"footnotes":""},"categories":[3,29],"tags":[335,126,184,130,116,157],"class_list":["post-6448","post","type-post","status-publish","format-standard","has-post-thumbnail","hentry","category-eso","category-portada","tag-1r-deso","tag-activitats","tag-cambrils","tag-eso","tag-institut-escola","tag-valors"],"post_mailing_queue_ids":[],"_links":{"self":[{"href":"https:\/\/agora.xtec.cat\/ieja\/wp-json\/wp\/v2\/posts\/6448","targetHints":{"allow":["GET"]}}],"collection":[{"href":"https:\/\/agora.xtec.cat\/ieja\/wp-json\/wp\/v2\/posts"}],"about":[{"href":"https:\/\/agora.xtec.cat\/ieja\/wp-json\/wp\/v2\/types\/post"}],"author":[{"embeddable":true,"href":"https:\/\/agora.xtec.cat\/ieja\/wp-json\/wp\/v2\/users\/36"}],"replies":[{"embeddable":true,"href":"https:\/\/agora.xtec.cat\/ieja\/wp-json\/wp\/v2\/comments?post=6448"}],"version-history":[{"count":1,"href":"https:\/\/agora.xtec.cat\/ieja\/wp-json\/wp\/v2\/posts\/6448\/revisions"}],"predecessor-version":[{"id":6453,"href":"https:\/\/agora.xtec.cat\/ieja\/wp-json\/wp\/v2\/posts\/6448\/revisions\/6453"}],"wp:featuredmedia":[{"embeddable":true,"href":"https:\/\/agora.xtec.cat\/ieja\/wp-json\/wp\/v2\/media\/6449"}],"wp:attachment":[{"href":"https:\/\/agora.xtec.cat\/ieja\/wp-json\/wp\/v2\/media?parent=6448"}],"wp:term":[{"taxonomy":"category","embeddable":true,"href":"https:\/\/agora.xtec.cat\/ieja\/wp-json\/wp\/v2\/categories?post=6448"},{"taxonomy":"post_tag","embeddable":true,"href":"https:\/\/agora.xtec.cat\/ieja\/wp-json\/wp\/v2\/tags?post=6448"}],"curies":[{"name":"wp","href":"https:\/\/api.w.org\/{rel}","templated":true}]}}