{"id":5985,"date":"2025-05-14T11:46:17","date_gmt":"2025-05-14T09:46:17","guid":{"rendered":"https:\/\/agora.xtec.cat\/ieja\/?p=5985"},"modified":"2025-05-14T18:58:34","modified_gmt":"2025-05-14T16:58:34","slug":"viatge-final-detapa-de-4t-deso","status":"publish","type":"post","link":"https:\/\/agora.xtec.cat\/ieja\/general\/viatge-final-detapa-de-4t-deso\/","title":{"rendered":"Viatge final d&#8217;etapa de 4t d&#8217;ESO"},"content":{"rendered":"<p><span style=\"font-weight: 400;\"><a href=\"https:\/\/agora.xtec.cat\/ieja\/wp-content\/uploads\/usu2185\/2025\/05\/WhatsApp-Image-2025-05-14-at-09.54.20-1.jpeg\"><img loading=\"lazy\" decoding=\"async\" class=\"alignnone size-large wp-image-5988\" src=\"https:\/\/agora.xtec.cat\/ieja\/wp-content\/uploads\/usu2185\/2025\/05\/WhatsApp-Image-2025-05-14-at-09.54.20-1-1024x769.jpeg\" alt=\"\" width=\"1024\" height=\"769\" srcset=\"https:\/\/agora.xtec.cat\/ieja\/wp-content\/uploads\/usu2185\/2025\/05\/WhatsApp-Image-2025-05-14-at-09.54.20-1-1024x769.jpeg 1024w, https:\/\/agora.xtec.cat\/ieja\/wp-content\/uploads\/usu2185\/2025\/05\/WhatsApp-Image-2025-05-14-at-09.54.20-1-300x225.jpeg 300w, https:\/\/agora.xtec.cat\/ieja\/wp-content\/uploads\/usu2185\/2025\/05\/WhatsApp-Image-2025-05-14-at-09.54.20-1-768x576.jpeg 768w, https:\/\/agora.xtec.cat\/ieja\/wp-content\/uploads\/usu2185\/2025\/05\/WhatsApp-Image-2025-05-14-at-09.54.20-1-1536x1153.jpeg 1536w, https:\/\/agora.xtec.cat\/ieja\/wp-content\/uploads\/usu2185\/2025\/05\/WhatsApp-Image-2025-05-14-at-09.54.20-1-200x150.jpeg 200w, https:\/\/agora.xtec.cat\/ieja\/wp-content\/uploads\/usu2185\/2025\/05\/WhatsApp-Image-2025-05-14-at-09.54.20-1.jpeg 2048w\" sizes=\"auto, (max-width: 1024px) 100vw, 1024px\" \/><\/a><\/span><\/p>\n<p><span style=\"font-weight: 400;\">La setmana passada, els alumnes de 4t d\u2019ESO es van despla\u00e7ar fins a Cant\u00e0bria per gaudir del seu viatge de final d\u2019etapa. Aquesta experi\u00e8ncia, molt esperada per l\u2019alumnat, ha suposat una magn\u00edfica oportunitat per a conviure, descobrir nous indrets i acomiadar una etapa educativa plena d\u2019aprenentatges i creixement personal.<\/span><\/p>\n<p><span style=\"font-weight: 400;\">Durant cinc dies, els alumnes han tingut l\u2019oportunitat de visitar alguns dels llocs m\u00e9s emblem\u00e0tics del nord de la pen\u00ednsula: com les coves d\u2019Altamira i el Parc de la Naturaleza de Cab\u00e1rceno. A m\u00e9s, han tingut ocasi\u00f3 de realitzar activitats esportives i culturals que han afavorit la cohesi\u00f3 de grup i el respecte per l\u2019entorn.<\/span><\/p>\n<p><span style=\"font-weight: 400;\">Des del centre volem felicitar-los i agrair tamb\u00e9 la tasca del professorat acompanyant, que ha vetllat per la seguretat i el bon desenvolupament de totes les activitats.<\/span><\/p>\n<p><span style=\"font-weight: 400;\">Aquest viatge ha sigut, sens dubte, una experi\u00e8ncia inoblidable que marcar\u00e0 el tancament d\u2019una etapa i l\u2019inici d\u2019un nou cam\u00ed en la vida educativa dels nostres alumnes. Enhorabona a totes i tots!<\/span><\/p>\n<p><a href=\"https:\/\/agora.xtec.cat\/ieja\/wp-content\/uploads\/usu2185\/2025\/05\/WhatsApp-Image-2025-05-14-at-09.54.08-1.jpeg\"><img loading=\"lazy\" decoding=\"async\" class=\"alignnone size-large wp-image-5989\" src=\"https:\/\/agora.xtec.cat\/ieja\/wp-content\/uploads\/usu2185\/2025\/05\/WhatsApp-Image-2025-05-14-at-09.54.08-1-1024x769.jpeg\" alt=\"\" width=\"1024\" height=\"769\" srcset=\"https:\/\/agora.xtec.cat\/ieja\/wp-content\/uploads\/usu2185\/2025\/05\/WhatsApp-Image-2025-05-14-at-09.54.08-1-1024x769.jpeg 1024w, https:\/\/agora.xtec.cat\/ieja\/wp-content\/uploads\/usu2185\/2025\/05\/WhatsApp-Image-2025-05-14-at-09.54.08-1-300x225.jpeg 300w, https:\/\/agora.xtec.cat\/ieja\/wp-content\/uploads\/usu2185\/2025\/05\/WhatsApp-Image-2025-05-14-at-09.54.08-1-768x576.jpeg 768w, https:\/\/agora.xtec.cat\/ieja\/wp-content\/uploads\/usu2185\/2025\/05\/WhatsApp-Image-2025-05-14-at-09.54.08-1-1536x1153.jpeg 1536w, https:\/\/agora.xtec.cat\/ieja\/wp-content\/uploads\/usu2185\/2025\/05\/WhatsApp-Image-2025-05-14-at-09.54.08-1-200x150.jpeg 200w, https:\/\/agora.xtec.cat\/ieja\/wp-content\/uploads\/usu2185\/2025\/05\/WhatsApp-Image-2025-05-14-at-09.54.08-1.jpeg 1600w\" sizes=\"auto, (max-width: 1024px) 100vw, 1024px\" \/><\/a><\/p>\n","protected":false},"excerpt":{"rendered":"<p>La setmana passada, els alumnes de 4t d\u2019ESO es van despla\u00e7ar fins a Cant\u00e0bria per gaudir del seu viatge de final d\u2019etapa. Aquesta experi\u00e8ncia, molt esperada per l\u2019alumnat, ha suposat una magn\u00edfica oportunitat per a conviure, descobrir nous indrets i acomiadar una etapa educativa plena d\u2019aprenentatges i creixement personal. Durant cinc dies, els alumnes han [&hellip;]<\/p>\n","protected":false},"author":31,"featured_media":5988,"comment_status":"closed","ping_status":"closed","sticky":false,"template":"","format":"standard","meta":{"_bbp_topic_count":0,"_bbp_reply_count":0,"_bbp_total_topic_count":0,"_bbp_total_reply_count":0,"_bbp_voice_count":0,"_bbp_anonymous_reply_count":0,"_bbp_topic_count_hidden":0,"_bbp_reply_count_hidden":0,"_bbp_forum_subforum_count":0,"site-sidebar-layout":"default","site-content-layout":"","ast-site-content-layout":"","site-content-style":"default","site-sidebar-style":"default","ast-global-header-display":"","ast-banner-title-visibility":"","ast-main-header-display":"","ast-hfb-above-header-display":"","ast-hfb-below-header-display":"","ast-hfb-mobile-header-display":"","site-post-title":"","ast-breadcrumbs-content":"","ast-featured-img":"","footer-sml-layout":"","theme-transparent-header-meta":"","adv-header-id-meta":"","stick-header-meta":"","header-above-stick-meta":"","header-main-stick-meta":"","header-below-stick-meta":"","astra-migrate-meta-layouts":"default","ast-page-background-enabled":"default","ast-page-background-meta":{"desktop":{"background-color":"var(--ast-global-color-4)","background-image":"","background-repeat":"repeat","background-position":"center center","background-size":"auto","background-attachment":"scroll","background-type":"","background-media":"","overlay-type":"","overlay-color":"","overlay-opacity":"","overlay-gradient":""},"tablet":{"background-color":"","background-image":"","background-repeat":"repeat","background-position":"center center","background-size":"auto","background-attachment":"scroll","background-type":"","background-media":"","overlay-type":"","overlay-color":"","overlay-opacity":"","overlay-gradient":""},"mobile":{"background-color":"","background-image":"","background-repeat":"repeat","background-position":"center center","background-size":"auto","background-attachment":"scroll","background-type":"","background-media":"","overlay-type":"","overlay-color":"","overlay-opacity":"","overlay-gradient":""}},"ast-content-background-meta":{"desktop":{"background-color":"var(--ast-global-color-5)","background-image":"","background-repeat":"repeat","background-position":"center center","background-size":"auto","background-attachment":"scroll","background-type":"","background-media":"","overlay-type":"","overlay-color":"","overlay-opacity":"","overlay-gradient":""},"tablet":{"background-color":"var(--ast-global-color-5)","background-image":"","background-repeat":"repeat","background-position":"center center","background-size":"auto","background-attachment":"scroll","background-type":"","background-media":"","overlay-type":"","overlay-color":"","overlay-opacity":"","overlay-gradient":""},"mobile":{"background-color":"var(--ast-global-color-5)","background-image":"","background-repeat":"repeat","background-position":"center center","background-size":"auto","background-attachment":"scroll","background-type":"","background-media":"","overlay-type":"","overlay-color":"","overlay-opacity":"","overlay-gradient":""}},"footnotes":""},"categories":[3,1,29],"tags":[],"class_list":["post-5985","post","type-post","status-publish","format-standard","has-post-thumbnail","hentry","category-eso","category-general","category-portada"],"post_mailing_queue_ids":[],"_links":{"self":[{"href":"https:\/\/agora.xtec.cat\/ieja\/wp-json\/wp\/v2\/posts\/5985","targetHints":{"allow":["GET"]}}],"collection":[{"href":"https:\/\/agora.xtec.cat\/ieja\/wp-json\/wp\/v2\/posts"}],"about":[{"href":"https:\/\/agora.xtec.cat\/ieja\/wp-json\/wp\/v2\/types\/post"}],"author":[{"embeddable":true,"href":"https:\/\/agora.xtec.cat\/ieja\/wp-json\/wp\/v2\/users\/31"}],"replies":[{"embeddable":true,"href":"https:\/\/agora.xtec.cat\/ieja\/wp-json\/wp\/v2\/comments?post=5985"}],"version-history":[{"count":4,"href":"https:\/\/agora.xtec.cat\/ieja\/wp-json\/wp\/v2\/posts\/5985\/revisions"}],"predecessor-version":[{"id":5993,"href":"https:\/\/agora.xtec.cat\/ieja\/wp-json\/wp\/v2\/posts\/5985\/revisions\/5993"}],"wp:featuredmedia":[{"embeddable":true,"href":"https:\/\/agora.xtec.cat\/ieja\/wp-json\/wp\/v2\/media\/5988"}],"wp:attachment":[{"href":"https:\/\/agora.xtec.cat\/ieja\/wp-json\/wp\/v2\/media?parent=5985"}],"wp:term":[{"taxonomy":"category","embeddable":true,"href":"https:\/\/agora.xtec.cat\/ieja\/wp-json\/wp\/v2\/categories?post=5985"},{"taxonomy":"post_tag","embeddable":true,"href":"https:\/\/agora.xtec.cat\/ieja\/wp-json\/wp\/v2\/tags?post=5985"}],"curies":[{"name":"wp","href":"https:\/\/api.w.org\/{rel}","templated":true}]}}