{"id":5298,"date":"2024-09-23T21:56:54","date_gmt":"2024-09-23T19:56:54","guid":{"rendered":"https:\/\/agora.xtec.cat\/ieja\/?p=5298"},"modified":"2024-09-25T21:59:59","modified_gmt":"2024-09-25T19:59:59","slug":"erasmus-intercanvi-amb-alemanya-3r-i-4t-eso","status":"publish","type":"post","link":"https:\/\/agora.xtec.cat\/ieja\/portada\/erasmus-intercanvi-amb-alemanya-3r-i-4t-eso\/","title":{"rendered":"ERASMUS+ Intercanvi amb Alemanya &#8211; 3r i 4t ESO"},"content":{"rendered":"<p>Benvolgudes fam\u00edlies de 3r i 4t d&#8217;ESO,<\/p>\n<div class=\"HOEnZb adL\">\n<div class=\"im\">\n<div>\n<p>En el marc del projecte Erasmus , hem establert cooperaci\u00f3 amb un <a href=\"https:\/\/www.igs-osnabrueck.de\/index.html\" target=\"_blank\" rel=\"noopener\">centre educatiu<\/a> situat a Alemanya, a la poblaci\u00f3 d&#8217;Osnabr\u00fcck, situat al NordOest d&#8217;Alemanya.<\/p>\n<p>Merc\u00e8s a la dotaci\u00f3 del projecte Erasmus, ser\u00e0 possible que es dugui a terme un intercanvi presencial entre els dos centres. Aix\u00ed doncs, alumnes de 3r i 4t d&#8217;ESO del nostre centre podran viatjar a Alemanya i, a la vegada, alumnes d&#8217;Alemanya podran viatjar a Cambrils. Els nostres alumnes viatjaran el mes de mar\u00e7 de 2025 i els alumnes d&#8217;Alemanya vindran la setmana del <b>21 d&#8217;octubre de 2024<\/b>. Els alumnes s&#8217;allotjaran amb fam\u00edlies de manera que podran conviure en entorns familiars similars als nostres, aprofundir en l&#8217;aprenentatge de la cultura del pa\u00eds i establir millor lligams.<\/p>\n<p>Ben aviat determinarem els alumnes que viatjaran i per aix\u00f2 ens cal saber la disponibilitat i voluntat de participar en aquesta mobilitat d&#8217;intercanvi. El fet d&#8217;acollir alumnes d&#8217;altres centres i pa\u00efsos implica una responsabilitat, coordinaci\u00f3 i comprom\u00eds tant nostre com de les fam\u00edlies d&#8217;intercanvi. El nombre d&#8217;alumnes que participaran de l&#8217;intercanvi ser\u00e0 de 10. Les despeses de les mobilitats (viatge, manutenci\u00f3, activitats) estan cobertes pel Projecte Erasmus i les fam\u00edlies nom\u00e9s hauran de fer-se c\u00e0rrec de l&#8217;asseguran\u00e7a del viatge. Cal tenir present que la base de la mobilitat \u00e9s l&#8217;intercanvi, de manera que els alumnes que vulguin anar a Alemanya hauran d&#8217;acollir, a la vegada, a un alumne.<\/p>\n<\/div>\n<p>Els criteris de selecci\u00f3 entre els candidats presentats seran els seg\u00fcents:<\/p>\n<ul>\n<li>actitud davant de l\u2019aprenentatge<\/li>\n<li>habilitats socials<\/li>\n<li>autonomia personal<\/li>\n<li>incid\u00e8ncies de comportament<\/li>\n<li>altres: situaci\u00f3 econ\u00f2mico-social, assist\u00e8ncia, puntualitat, treball en equip<\/li>\n<\/ul>\n<p>Aquests <a href=\"https:\/\/sites.google.com\/joanardevol.org\/ieja-erasmus\/criteris-de-selecci%C3%B3-de-lalumnat?authuser=0\" target=\"_blank\" rel=\"noopener\">criteris<\/a> estan publicat a la web del centre, a l&#8217;apartat ERASMUS .<\/p>\n<p>Per participar del projecte, cal que les fam\u00edlies respongueu a <strong>un\u00a0<\/strong><strong><a title=\"Formulari ERASMUS+\" href=\"https:\/\/forms.gle\/bN9ZUzFrTeMVAFv89\" target=\"_blank\" rel=\"noopener\" data-saferedirecturl=\"https:\/\/www.google.com\/url?q=https:\/\/forms.gle\/8GX6buc5oHeiRFt39&amp;source=gmail&amp;ust=1726907323023000&amp;usg=AOvVaw0e-BcSUTThK11ByN87fHM8\">formulari, clicant aqu\u00ed<\/a><\/strong>.<\/p>\n<p>A m\u00e9s, caldr\u00e0 que els alumnes que vulguin participar en el projecte d&#8217;intercanvi, lliurin al tutor i\/o a la comissi\u00f3 Erasmus :<\/p>\n<ul>\n<li>Carta de motivaci\u00f3<\/li>\n<li>V\u00eddeo de presentaci\u00f3<\/li>\n<\/ul>\n<p>Volem animar a tot l&#8217;alumnat de 6\u00e8 de Prim\u00e0ria i de 1r d&#8217;ESO a participar del projecte. Nosaltres estem molt il\u00b7lusionats de poder oferir aquesta oportunitat educativa.<\/p>\n<p>Cordialment,<\/p>\n<p>&nbsp;<\/p>\n<p>La direcci\u00f3<\/p>\n<\/div>\n<\/div>\n","protected":false},"excerpt":{"rendered":"<p>Benvolgudes fam\u00edlies de 3r i 4t d&#8217;ESO, En el marc del projecte Erasmus , hem establert cooperaci\u00f3 amb un centre educatiu situat a Alemanya, a la poblaci\u00f3 d&#8217;Osnabr\u00fcck, situat al NordOest d&#8217;Alemanya. Merc\u00e8s a la dotaci\u00f3 del projecte Erasmus, ser\u00e0 possible que es dugui a terme un intercanvi presencial entre els dos centres. Aix\u00ed doncs, [&hellip;]<\/p>\n","protected":false},"author":1,"featured_media":5295,"comment_status":"closed","ping_status":"closed","sticky":false,"template":"","format":"standard","meta":{"_bbp_topic_count":0,"_bbp_reply_count":0,"_bbp_total_topic_count":0,"_bbp_total_reply_count":0,"_bbp_voice_count":0,"_bbp_anonymous_reply_count":0,"_bbp_topic_count_hidden":0,"_bbp_reply_count_hidden":0,"_bbp_forum_subforum_count":0,"site-sidebar-layout":"default","site-content-layout":"","ast-site-content-layout":"","site-content-style":"default","site-sidebar-style":"default","ast-global-header-display":"","ast-banner-title-visibility":"","ast-main-header-display":"","ast-hfb-above-header-display":"","ast-hfb-below-header-display":"","ast-hfb-mobile-header-display":"","site-post-title":"","ast-breadcrumbs-content":"","ast-featured-img":"","footer-sml-layout":"","theme-transparent-header-meta":"","adv-header-id-meta":"","stick-header-meta":"","header-above-stick-meta":"","header-main-stick-meta":"","header-below-stick-meta":"","astra-migrate-meta-layouts":"default","ast-page-background-enabled":"default","ast-page-background-meta":{"desktop":{"background-color":"var(--ast-global-color-4)","background-image":"","background-repeat":"repeat","background-position":"center center","background-size":"auto","background-attachment":"scroll","background-type":"","background-media":"","overlay-type":"","overlay-color":"","overlay-opacity":"","overlay-gradient":""},"tablet":{"background-color":"","background-image":"","background-repeat":"repeat","background-position":"center center","background-size":"auto","background-attachment":"scroll","background-type":"","background-media":"","overlay-type":"","overlay-color":"","overlay-opacity":"","overlay-gradient":""},"mobile":{"background-color":"","background-image":"","background-repeat":"repeat","background-position":"center center","background-size":"auto","background-attachment":"scroll","background-type":"","background-media":"","overlay-type":"","overlay-color":"","overlay-opacity":"","overlay-gradient":""}},"ast-content-background-meta":{"desktop":{"background-color":"var(--ast-global-color-5)","background-image":"","background-repeat":"repeat","background-position":"center center","background-size":"auto","background-attachment":"scroll","background-type":"","background-media":"","overlay-type":"","overlay-color":"","overlay-opacity":"","overlay-gradient":""},"tablet":{"background-color":"var(--ast-global-color-5)","background-image":"","background-repeat":"repeat","background-position":"center center","background-size":"auto","background-attachment":"scroll","background-type":"","background-media":"","overlay-type":"","overlay-color":"","overlay-opacity":"","overlay-gradient":""},"mobile":{"background-color":"var(--ast-global-color-5)","background-image":"","background-repeat":"repeat","background-position":"center center","background-size":"auto","background-attachment":"scroll","background-type":"","background-media":"","overlay-type":"","overlay-color":"","overlay-opacity":"","overlay-gradient":""}},"footnotes":""},"categories":[287,29],"tags":[],"class_list":["post-5298","post","type-post","status-publish","format-standard","has-post-thumbnail","hentry","category-erasmus","category-portada"],"post_mailing_queue_ids":[],"_links":{"self":[{"href":"https:\/\/agora.xtec.cat\/ieja\/wp-json\/wp\/v2\/posts\/5298","targetHints":{"allow":["GET"]}}],"collection":[{"href":"https:\/\/agora.xtec.cat\/ieja\/wp-json\/wp\/v2\/posts"}],"about":[{"href":"https:\/\/agora.xtec.cat\/ieja\/wp-json\/wp\/v2\/types\/post"}],"author":[{"embeddable":true,"href":"https:\/\/agora.xtec.cat\/ieja\/wp-json\/wp\/v2\/users\/1"}],"replies":[{"embeddable":true,"href":"https:\/\/agora.xtec.cat\/ieja\/wp-json\/wp\/v2\/comments?post=5298"}],"version-history":[{"count":1,"href":"https:\/\/agora.xtec.cat\/ieja\/wp-json\/wp\/v2\/posts\/5298\/revisions"}],"predecessor-version":[{"id":5299,"href":"https:\/\/agora.xtec.cat\/ieja\/wp-json\/wp\/v2\/posts\/5298\/revisions\/5299"}],"wp:featuredmedia":[{"embeddable":true,"href":"https:\/\/agora.xtec.cat\/ieja\/wp-json\/wp\/v2\/media\/5295"}],"wp:attachment":[{"href":"https:\/\/agora.xtec.cat\/ieja\/wp-json\/wp\/v2\/media?parent=5298"}],"wp:term":[{"taxonomy":"category","embeddable":true,"href":"https:\/\/agora.xtec.cat\/ieja\/wp-json\/wp\/v2\/categories?post=5298"},{"taxonomy":"post_tag","embeddable":true,"href":"https:\/\/agora.xtec.cat\/ieja\/wp-json\/wp\/v2\/tags?post=5298"}],"curies":[{"name":"wp","href":"https:\/\/api.w.org\/{rel}","templated":true}]}}