{"id":4351,"date":"2023-12-12T10:09:11","date_gmt":"2023-12-12T09:09:11","guid":{"rendered":"https:\/\/agora.xtec.cat\/ieja\/?p=4351"},"modified":"2023-12-12T10:09:11","modified_gmt":"2023-12-12T09:09:11","slug":"lalumnat-de-6e-visita-mas-de-colom","status":"publish","type":"post","link":"https:\/\/agora.xtec.cat\/ieja\/general\/lalumnat-de-6e-visita-mas-de-colom\/","title":{"rendered":"L&#8217;alumnat de 6\u00e8 visita Mas de Colom"},"content":{"rendered":"<p>El passat 24 de novembre, l\u2019alumnat de 6\u00e8 de prim\u00e0ria va fer una sortida a Mas de Colom, situat a T\u00e0rrega, per gaudir d\u2019un entorn de biodiversitat \u00fanic.<\/p>\n<p>En aquesta activitat de descoberta ambiental, vam fer una excursi\u00f3 de 3,5 km per aquesta finca, tot coneixent els secrets amagats entre cultius de pistatxers, ametllers, oliveres i nogueres. A m\u00e9s, ens vam poder observar diferents formes de regadiu i diferents exemples per cuidar la biodiversitat d\u2019aquest espai (cases d\u2019ocells, hotels d\u2019insectes\u2026).<\/p>\n<p>Per culminar el dia, vam dinar al parc de Sant Eloi, on vam trobar un fant\u00e0stic mirador a la ciutat de T\u00e0rrega i una petita granja amb aus i ocells diversos. <a href=\"https:\/\/agora.xtec.cat\/ieja\/wp-content\/uploads\/usu2185\/2023\/12\/IMG_20231124_131546-scaled.jpg\"><img loading=\"lazy\" decoding=\"async\" class=\"alignnone size-large wp-image-4352\" src=\"https:\/\/agora.xtec.cat\/ieja\/wp-content\/uploads\/usu2185\/2023\/12\/IMG_20231124_131546-1024x461.jpg\" alt=\"\" width=\"1024\" height=\"461\" srcset=\"https:\/\/agora.xtec.cat\/ieja\/wp-content\/uploads\/usu2185\/2023\/12\/IMG_20231124_131546-1024x461.jpg 1024w, https:\/\/agora.xtec.cat\/ieja\/wp-content\/uploads\/usu2185\/2023\/12\/IMG_20231124_131546-300x135.jpg 300w, https:\/\/agora.xtec.cat\/ieja\/wp-content\/uploads\/usu2185\/2023\/12\/IMG_20231124_131546-768x346.jpg 768w, https:\/\/agora.xtec.cat\/ieja\/wp-content\/uploads\/usu2185\/2023\/12\/IMG_20231124_131546-1536x691.jpg 1536w, https:\/\/agora.xtec.cat\/ieja\/wp-content\/uploads\/usu2185\/2023\/12\/IMG_20231124_131546-2048x922.jpg 2048w\" sizes=\"auto, (max-width: 1024px) 100vw, 1024px\" \/><\/a>  <a href=\"https:\/\/agora.xtec.cat\/ieja\/wp-content\/uploads\/usu2185\/2023\/12\/IMG20231124101557-scaled.jpg\"><img loading=\"lazy\" decoding=\"async\" class=\"alignnone size-large wp-image-4354\" src=\"https:\/\/agora.xtec.cat\/ieja\/wp-content\/uploads\/usu2185\/2023\/12\/IMG20231124101557-1024x771.jpg\" alt=\"\" width=\"1024\" height=\"771\" srcset=\"https:\/\/agora.xtec.cat\/ieja\/wp-content\/uploads\/usu2185\/2023\/12\/IMG20231124101557-1024x771.jpg 1024w, https:\/\/agora.xtec.cat\/ieja\/wp-content\/uploads\/usu2185\/2023\/12\/IMG20231124101557-300x226.jpg 300w, https:\/\/agora.xtec.cat\/ieja\/wp-content\/uploads\/usu2185\/2023\/12\/IMG20231124101557-768x578.jpg 768w, https:\/\/agora.xtec.cat\/ieja\/wp-content\/uploads\/usu2185\/2023\/12\/IMG20231124101557-1536x1157.jpg 1536w, https:\/\/agora.xtec.cat\/ieja\/wp-content\/uploads\/usu2185\/2023\/12\/IMG20231124101557-2048x1542.jpg 2048w, https:\/\/agora.xtec.cat\/ieja\/wp-content\/uploads\/usu2185\/2023\/12\/IMG20231124101557-200x150.jpg 200w\" sizes=\"auto, (max-width: 1024px) 100vw, 1024px\" \/><\/a> <a href=\"https:\/\/agora.xtec.cat\/ieja\/wp-content\/uploads\/usu2185\/2023\/12\/IMG_20231124_145936-scaled.jpg\"><img loading=\"lazy\" decoding=\"async\" class=\"alignnone size-large wp-image-4353\" src=\"https:\/\/agora.xtec.cat\/ieja\/wp-content\/uploads\/usu2185\/2023\/12\/IMG_20231124_145936-1024x771.jpg\" alt=\"\" width=\"1024\" height=\"771\" srcset=\"https:\/\/agora.xtec.cat\/ieja\/wp-content\/uploads\/usu2185\/2023\/12\/IMG_20231124_145936-1024x771.jpg 1024w, https:\/\/agora.xtec.cat\/ieja\/wp-content\/uploads\/usu2185\/2023\/12\/IMG_20231124_145936-300x226.jpg 300w, https:\/\/agora.xtec.cat\/ieja\/wp-content\/uploads\/usu2185\/2023\/12\/IMG_20231124_145936-768x578.jpg 768w, https:\/\/agora.xtec.cat\/ieja\/wp-content\/uploads\/usu2185\/2023\/12\/IMG_20231124_145936-1536x1157.jpg 1536w, https:\/\/agora.xtec.cat\/ieja\/wp-content\/uploads\/usu2185\/2023\/12\/IMG_20231124_145936-2048x1542.jpg 2048w, https:\/\/agora.xtec.cat\/ieja\/wp-content\/uploads\/usu2185\/2023\/12\/IMG_20231124_145936-200x150.jpg 200w\" sizes=\"auto, (max-width: 1024px) 100vw, 1024px\" \/><\/a><\/p>\n","protected":false},"excerpt":{"rendered":"<p>El passat 24 de novembre, l\u2019alumnat de 6\u00e8 de prim\u00e0ria va fer una sortida a Mas de Colom, situat a T\u00e0rrega, per gaudir d\u2019un entorn de biodiversitat \u00fanic. En aquesta activitat de descoberta ambiental, vam fer una excursi\u00f3 de 3,5 km per aquesta finca, tot coneixent els secrets amagats entre cultius de pistatxers, ametllers, oliveres [&hellip;]<\/p>\n","protected":false},"author":27,"featured_media":4354,"comment_status":"closed","ping_status":"closed","sticky":false,"template":"","format":"standard","meta":{"_bbp_topic_count":0,"_bbp_reply_count":0,"_bbp_total_topic_count":0,"_bbp_total_reply_count":0,"_bbp_voice_count":0,"_bbp_anonymous_reply_count":0,"_bbp_topic_count_hidden":0,"_bbp_reply_count_hidden":0,"_bbp_forum_subforum_count":0,"site-sidebar-layout":"default","site-content-layout":"","ast-site-content-layout":"","site-content-style":"default","site-sidebar-style":"default","ast-global-header-display":"","ast-banner-title-visibility":"","ast-main-header-display":"","ast-hfb-above-header-display":"","ast-hfb-below-header-display":"","ast-hfb-mobile-header-display":"","site-post-title":"","ast-breadcrumbs-content":"","ast-featured-img":"","footer-sml-layout":"","theme-transparent-header-meta":"","adv-header-id-meta":"","stick-header-meta":"","header-above-stick-meta":"","header-main-stick-meta":"","header-below-stick-meta":"","astra-migrate-meta-layouts":"default","ast-page-background-enabled":"default","ast-page-background-meta":{"desktop":{"background-color":"var(--ast-global-color-4)","background-image":"","background-repeat":"repeat","background-position":"center center","background-size":"auto","background-attachment":"scroll","background-type":"","background-media":"","overlay-type":"","overlay-color":"","overlay-opacity":"","overlay-gradient":""},"tablet":{"background-color":"","background-image":"","background-repeat":"repeat","background-position":"center center","background-size":"auto","background-attachment":"scroll","background-type":"","background-media":"","overlay-type":"","overlay-color":"","overlay-opacity":"","overlay-gradient":""},"mobile":{"background-color":"","background-image":"","background-repeat":"repeat","background-position":"center center","background-size":"auto","background-attachment":"scroll","background-type":"","background-media":"","overlay-type":"","overlay-color":"","overlay-opacity":"","overlay-gradient":""}},"ast-content-background-meta":{"desktop":{"background-color":"var(--ast-global-color-5)","background-image":"","background-repeat":"repeat","background-position":"center center","background-size":"auto","background-attachment":"scroll","background-type":"","background-media":"","overlay-type":"","overlay-color":"","overlay-opacity":"","overlay-gradient":""},"tablet":{"background-color":"var(--ast-global-color-5)","background-image":"","background-repeat":"repeat","background-position":"center center","background-size":"auto","background-attachment":"scroll","background-type":"","background-media":"","overlay-type":"","overlay-color":"","overlay-opacity":"","overlay-gradient":""},"mobile":{"background-color":"var(--ast-global-color-5)","background-image":"","background-repeat":"repeat","background-position":"center center","background-size":"auto","background-attachment":"scroll","background-type":"","background-media":"","overlay-type":"","overlay-color":"","overlay-opacity":"","overlay-gradient":""}},"footnotes":""},"categories":[1,29,104],"tags":[126,177,115,125,183],"class_list":["post-4351","post","type-post","status-publish","format-standard","has-post-thumbnail","hentry","category-general","category-portada","category-pri","tag-activitats","tag-cicle-superior","tag-noticies","tag-primaria","tag-sortida"],"post_mailing_queue_ids":[],"_links":{"self":[{"href":"https:\/\/agora.xtec.cat\/ieja\/wp-json\/wp\/v2\/posts\/4351","targetHints":{"allow":["GET"]}}],"collection":[{"href":"https:\/\/agora.xtec.cat\/ieja\/wp-json\/wp\/v2\/posts"}],"about":[{"href":"https:\/\/agora.xtec.cat\/ieja\/wp-json\/wp\/v2\/types\/post"}],"author":[{"embeddable":true,"href":"https:\/\/agora.xtec.cat\/ieja\/wp-json\/wp\/v2\/users\/27"}],"replies":[{"embeddable":true,"href":"https:\/\/agora.xtec.cat\/ieja\/wp-json\/wp\/v2\/comments?post=4351"}],"version-history":[{"count":4,"href":"https:\/\/agora.xtec.cat\/ieja\/wp-json\/wp\/v2\/posts\/4351\/revisions"}],"predecessor-version":[{"id":4358,"href":"https:\/\/agora.xtec.cat\/ieja\/wp-json\/wp\/v2\/posts\/4351\/revisions\/4358"}],"wp:featuredmedia":[{"embeddable":true,"href":"https:\/\/agora.xtec.cat\/ieja\/wp-json\/wp\/v2\/media\/4354"}],"wp:attachment":[{"href":"https:\/\/agora.xtec.cat\/ieja\/wp-json\/wp\/v2\/media?parent=4351"}],"wp:term":[{"taxonomy":"category","embeddable":true,"href":"https:\/\/agora.xtec.cat\/ieja\/wp-json\/wp\/v2\/categories?post=4351"},{"taxonomy":"post_tag","embeddable":true,"href":"https:\/\/agora.xtec.cat\/ieja\/wp-json\/wp\/v2\/tags?post=4351"}],"curies":[{"name":"wp","href":"https:\/\/api.w.org\/{rel}","templated":true}]}}