{"id":3752,"date":"2023-05-17T15:33:58","date_gmt":"2023-05-17T13:33:58","guid":{"rendered":"https:\/\/agora.xtec.cat\/ieja\/?p=3752"},"modified":"2023-05-17T15:33:58","modified_gmt":"2023-05-17T13:33:58","slug":"aprenem-sobre-lentorn-mes-proper-el-port-de-cambrils","status":"publish","type":"post","link":"https:\/\/agora.xtec.cat\/ieja\/portada\/aprenem-sobre-lentorn-mes-proper-el-port-de-cambrils\/","title":{"rendered":"Aprenem sobre l&#8217;entorn m\u00e9s proper: el port de Cambrils"},"content":{"rendered":"<p>Dimarts passat els infants de P4 vam fer una petita sortida al port de Cambrils. All\u00ed ens vam trobar amb el pescador Marc, el qual hav\u00edem conegut en el marc de la situaci\u00f3 d&#8217;aprenentatge que hem dut a terme sobre la pesca. Al llarg d&#8217;aquest mes, hem conegut els peixos que m\u00e9s es pesquen a Cambrils, aix\u00ed com les barques d&#8217;arrossegament i l&#8217;ofici de pescador\/a. Per culminar la situaci\u00f3 d&#8217;aprenentatge, hem fet aquesta visita al port on el pescador Marc ens ha ensenyat les xarxes i les barques de pesca. Ens ho hem passat molt b\u00e9!<\/p>\n<p><a href=\"https:\/\/agora.xtec.cat\/ieja\/wp-content\/uploads\/usu2185\/2023\/05\/IMG_4961-1-1-scaled.jpg\"><img loading=\"lazy\" decoding=\"async\" class=\"alignnone size-full wp-image-3769\" src=\"https:\/\/agora.xtec.cat\/ieja\/wp-content\/uploads\/usu2185\/2023\/05\/IMG_4961-1-1-scaled.jpg\" alt=\"\" width=\"1920\" height=\"2560\" srcset=\"https:\/\/agora.xtec.cat\/ieja\/wp-content\/uploads\/usu2185\/2023\/05\/IMG_4961-1-1-scaled.jpg 1920w, https:\/\/agora.xtec.cat\/ieja\/wp-content\/uploads\/usu2185\/2023\/05\/IMG_4961-1-1-225x300.jpg 225w, https:\/\/agora.xtec.cat\/ieja\/wp-content\/uploads\/usu2185\/2023\/05\/IMG_4961-1-1-768x1024.jpg 768w, https:\/\/agora.xtec.cat\/ieja\/wp-content\/uploads\/usu2185\/2023\/05\/IMG_4961-1-1-1152x1536.jpg 1152w, https:\/\/agora.xtec.cat\/ieja\/wp-content\/uploads\/usu2185\/2023\/05\/IMG_4961-1-1-1536x2048.jpg 1536w\" sizes=\"auto, (max-width: 1920px) 100vw, 1920px\" \/><\/a><\/p>\n<p><a href=\"https:\/\/agora.xtec.cat\/ieja\/wp-content\/uploads\/usu2185\/2023\/05\/IMG_4946-1-scaled.jpg\"><img loading=\"lazy\" decoding=\"async\" class=\"alignnone size-full wp-image-3767\" src=\"https:\/\/agora.xtec.cat\/ieja\/wp-content\/uploads\/usu2185\/2023\/05\/IMG_4946-1-scaled.jpg\" alt=\"\" width=\"1920\" height=\"2560\" srcset=\"https:\/\/agora.xtec.cat\/ieja\/wp-content\/uploads\/usu2185\/2023\/05\/IMG_4946-1-scaled.jpg 1920w, https:\/\/agora.xtec.cat\/ieja\/wp-content\/uploads\/usu2185\/2023\/05\/IMG_4946-1-225x300.jpg 225w, https:\/\/agora.xtec.cat\/ieja\/wp-content\/uploads\/usu2185\/2023\/05\/IMG_4946-1-768x1024.jpg 768w, https:\/\/agora.xtec.cat\/ieja\/wp-content\/uploads\/usu2185\/2023\/05\/IMG_4946-1-1152x1536.jpg 1152w, https:\/\/agora.xtec.cat\/ieja\/wp-content\/uploads\/usu2185\/2023\/05\/IMG_4946-1-1536x2048.jpg 1536w\" sizes=\"auto, (max-width: 1920px) 100vw, 1920px\" \/><\/a><\/p>\n","protected":false},"excerpt":{"rendered":"<p>Dimarts passat els infants de P4 vam fer una petita sortida al port de Cambrils. All\u00ed ens vam trobar amb el pescador Marc, el qual hav\u00edem conegut en el marc de la situaci\u00f3 d&#8217;aprenentatge que hem dut a terme sobre la pesca. Al llarg d&#8217;aquest mes, hem conegut els peixos que m\u00e9s es pesquen a [&hellip;]<\/p>\n","protected":false},"author":21,"featured_media":3753,"comment_status":"closed","ping_status":"closed","sticky":false,"template":"","format":"standard","meta":{"_bbp_topic_count":0,"_bbp_reply_count":0,"_bbp_total_topic_count":0,"_bbp_total_reply_count":0,"_bbp_voice_count":0,"_bbp_anonymous_reply_count":0,"_bbp_topic_count_hidden":0,"_bbp_reply_count_hidden":0,"_bbp_forum_subforum_count":0,"site-sidebar-layout":"default","site-content-layout":"","ast-site-content-layout":"","site-content-style":"default","site-sidebar-style":"default","ast-global-header-display":"","ast-banner-title-visibility":"","ast-main-header-display":"","ast-hfb-above-header-display":"","ast-hfb-below-header-display":"","ast-hfb-mobile-header-display":"","site-post-title":"","ast-breadcrumbs-content":"","ast-featured-img":"","footer-sml-layout":"","theme-transparent-header-meta":"","adv-header-id-meta":"","stick-header-meta":"","header-above-stick-meta":"","header-main-stick-meta":"","header-below-stick-meta":"","astra-migrate-meta-layouts":"default","ast-page-background-enabled":"default","ast-page-background-meta":{"desktop":{"background-color":"var(--ast-global-color-4)","background-image":"","background-repeat":"repeat","background-position":"center center","background-size":"auto","background-attachment":"scroll","background-type":"","background-media":"","overlay-type":"","overlay-color":"","overlay-opacity":"","overlay-gradient":""},"tablet":{"background-color":"","background-image":"","background-repeat":"repeat","background-position":"center center","background-size":"auto","background-attachment":"scroll","background-type":"","background-media":"","overlay-type":"","overlay-color":"","overlay-opacity":"","overlay-gradient":""},"mobile":{"background-color":"","background-image":"","background-repeat":"repeat","background-position":"center center","background-size":"auto","background-attachment":"scroll","background-type":"","background-media":"","overlay-type":"","overlay-color":"","overlay-opacity":"","overlay-gradient":""}},"ast-content-background-meta":{"desktop":{"background-color":"var(--ast-global-color-5)","background-image":"","background-repeat":"repeat","background-position":"center center","background-size":"auto","background-attachment":"scroll","background-type":"","background-media":"","overlay-type":"","overlay-color":"","overlay-opacity":"","overlay-gradient":""},"tablet":{"background-color":"var(--ast-global-color-5)","background-image":"","background-repeat":"repeat","background-position":"center center","background-size":"auto","background-attachment":"scroll","background-type":"","background-media":"","overlay-type":"","overlay-color":"","overlay-opacity":"","overlay-gradient":""},"mobile":{"background-color":"var(--ast-global-color-5)","background-image":"","background-repeat":"repeat","background-position":"center center","background-size":"auto","background-attachment":"scroll","background-type":"","background-media":"","overlay-type":"","overlay-color":"","overlay-opacity":"","overlay-gradient":""}},"footnotes":""},"categories":[105,29],"tags":[156,302],"class_list":["post-3752","post","type-post","status-publish","format-standard","has-post-thumbnail","hentry","category-inf","category-portada","tag-educacio-infantil","tag-port-de-cambrils"],"post_mailing_queue_ids":[],"_links":{"self":[{"href":"https:\/\/agora.xtec.cat\/ieja\/wp-json\/wp\/v2\/posts\/3752","targetHints":{"allow":["GET"]}}],"collection":[{"href":"https:\/\/agora.xtec.cat\/ieja\/wp-json\/wp\/v2\/posts"}],"about":[{"href":"https:\/\/agora.xtec.cat\/ieja\/wp-json\/wp\/v2\/types\/post"}],"author":[{"embeddable":true,"href":"https:\/\/agora.xtec.cat\/ieja\/wp-json\/wp\/v2\/users\/21"}],"replies":[{"embeddable":true,"href":"https:\/\/agora.xtec.cat\/ieja\/wp-json\/wp\/v2\/comments?post=3752"}],"version-history":[{"count":1,"href":"https:\/\/agora.xtec.cat\/ieja\/wp-json\/wp\/v2\/posts\/3752\/revisions"}],"predecessor-version":[{"id":3770,"href":"https:\/\/agora.xtec.cat\/ieja\/wp-json\/wp\/v2\/posts\/3752\/revisions\/3770"}],"wp:featuredmedia":[{"embeddable":true,"href":"https:\/\/agora.xtec.cat\/ieja\/wp-json\/wp\/v2\/media\/3753"}],"wp:attachment":[{"href":"https:\/\/agora.xtec.cat\/ieja\/wp-json\/wp\/v2\/media?parent=3752"}],"wp:term":[{"taxonomy":"category","embeddable":true,"href":"https:\/\/agora.xtec.cat\/ieja\/wp-json\/wp\/v2\/categories?post=3752"},{"taxonomy":"post_tag","embeddable":true,"href":"https:\/\/agora.xtec.cat\/ieja\/wp-json\/wp\/v2\/tags?post=3752"}],"curies":[{"name":"wp","href":"https:\/\/api.w.org\/{rel}","templated":true}]}}