{"id":877,"date":"2024-11-05T12:56:36","date_gmt":"2024-11-05T11:56:36","guid":{"rendered":"https:\/\/agora.xtec.cat\/iefeixes\/?p=877"},"modified":"2024-11-19T13:05:50","modified_gmt":"2024-11-19T12:05:50","slug":"lafa-i-linstitut-escola-feixes-ens-sumem-a-la-solidaritat-amb-valencia","status":"publish","type":"post","link":"https:\/\/agora.xtec.cat\/iefeixes\/general\/lafa-i-linstitut-escola-feixes-ens-sumem-a-la-solidaritat-amb-valencia\/","title":{"rendered":"L&#8217;AFA i l&#8217;Institut Escola Feixes ens sumem a la solidaritat amb Val\u00e8ncia"},"content":{"rendered":"<p style=\"text-align: justify;\">Arrel de les afectacions de la DANA a la Comunitat Valenciana aquest passat dissabte 3 de novembre el Recinte Firal de Terrassa ha organitzat una recaptaci\u00f3 de materials i aliments per a ajudar les v\u00edctimes de l&#8217;\u00e0rea metropolitana de Val\u00e8ncia. Ve\u00efns, establiments i entitats de Terrassa s\u2019han organitzat per fer una recollida d\u2019aliments, aigua, mantes i donacions econ\u00f2miques amb l\u2019objectiu de proporcionar un suport urgent a les persones afectades per la DANA. S&#8217;ha habilitat un n\u00famero de tel\u00e8fon (33512) a trav\u00e9s del qual tothom qui vulgui o pugui tindr\u00e0 la possibilitat de fer donacions econ\u00f2miques mitjan\u00e7ant BIZUM.<\/p>\n<p style=\"text-align: justify;\">Des de l&#8217;IE Feixes ens solidaritzem i expressem el nostre suport als familiars i amics de les m\u00e9s de 200 v\u00edctimes mortals i a tots els desapareguts, aix\u00ed com les persones damnificades per les devastadores inundacions d&#8217;aquesta darrera setmana d&#8217;octubre.<\/p>\n<p style=\"text-align: justify;\">Animem a la comunitat del nostre centre educatiu a participar, en la mesura del possible, a la recaptaci\u00f3 solid\u00e0ria de materials i aliments per tal que Val\u00e8ncia recuperi la normalitat tan aviat com sigui possible.<\/p>\n<p style=\"text-align: justify;\">\n","protected":false},"excerpt":{"rendered":"<p>L&#8217;AFA i l&#8217;Institut Escola Feixes ens sumem a la solidaritat amb Val\u00e8ncia<\/p>\n","protected":false},"author":1,"featured_media":917,"comment_status":"closed","ping_status":"closed","sticky":false,"template":"","format":"standard","meta":{"_bbp_topic_count":0,"_bbp_reply_count":0,"_bbp_total_topic_count":0,"_bbp_total_reply_count":0,"_bbp_voice_count":0,"_bbp_anonymous_reply_count":0,"_bbp_topic_count_hidden":0,"_bbp_reply_count_hidden":0,"_bbp_forum_subforum_count":0,"site-sidebar-layout":"default","site-content-layout":"","ast-site-content-layout":"","site-content-style":"default","site-sidebar-style":"default","ast-global-header-display":"","ast-banner-title-visibility":"","ast-main-header-display":"","ast-hfb-above-header-display":"","ast-hfb-below-header-display":"","ast-hfb-mobile-header-display":"","site-post-title":"","ast-breadcrumbs-content":"","ast-featured-img":"","footer-sml-layout":"","theme-transparent-header-meta":"","adv-header-id-meta":"","stick-header-meta":"","header-above-stick-meta":"","header-main-stick-meta":"","header-below-stick-meta":"","astra-migrate-meta-layouts":"default","ast-page-background-enabled":"default","ast-page-background-meta":{"desktop":{"background-color":"var(--ast-global-color-4)","background-image":"","background-repeat":"repeat","background-position":"center center","background-size":"auto","background-attachment":"scroll","background-type":"","background-media":"","overlay-type":"","overlay-color":"","overlay-opacity":"","overlay-gradient":""},"tablet":{"background-color":"","background-image":"","background-repeat":"repeat","background-position":"center center","background-size":"auto","background-attachment":"scroll","background-type":"","background-media":"","overlay-type":"","overlay-color":"","overlay-opacity":"","overlay-gradient":""},"mobile":{"background-color":"","background-image":"","background-repeat":"repeat","background-position":"center center","background-size":"auto","background-attachment":"scroll","background-type":"","background-media":"","overlay-type":"","overlay-color":"","overlay-opacity":"","overlay-gradient":""}},"ast-content-background-meta":{"desktop":{"background-color":"var(--ast-global-color-5)","background-image":"","background-repeat":"repeat","background-position":"center center","background-size":"auto","background-attachment":"scroll","background-type":"","background-media":"","overlay-type":"","overlay-color":"","overlay-opacity":"","overlay-gradient":""},"tablet":{"background-color":"var(--ast-global-color-5)","background-image":"","background-repeat":"repeat","background-position":"center center","background-size":"auto","background-attachment":"scroll","background-type":"","background-media":"","overlay-type":"","overlay-color":"","overlay-opacity":"","overlay-gradient":""},"mobile":{"background-color":"var(--ast-global-color-5)","background-image":"","background-repeat":"repeat","background-position":"center center","background-size":"auto","background-attachment":"scroll","background-type":"","background-media":"","overlay-type":"","overlay-color":"","overlay-opacity":"","overlay-gradient":""}},"footnotes":""},"categories":[31,1,29],"tags":[114,112,110,113,115,116,111],"class_list":["post-877","post","type-post","status-publish","format-standard","has-post-thumbnail","hentry","category-afa","category-general","category-portada","tag-afa","tag-comunitat-educativa","tag-dana","tag-recaptacio-solidaria","tag-recinte-firal","tag-terrassa","tag-valencia"],"post_mailing_queue_ids":[],"_links":{"self":[{"href":"https:\/\/agora.xtec.cat\/iefeixes\/wp-json\/wp\/v2\/posts\/877","targetHints":{"allow":["GET"]}}],"collection":[{"href":"https:\/\/agora.xtec.cat\/iefeixes\/wp-json\/wp\/v2\/posts"}],"about":[{"href":"https:\/\/agora.xtec.cat\/iefeixes\/wp-json\/wp\/v2\/types\/post"}],"author":[{"embeddable":true,"href":"https:\/\/agora.xtec.cat\/iefeixes\/wp-json\/wp\/v2\/users\/1"}],"replies":[{"embeddable":true,"href":"https:\/\/agora.xtec.cat\/iefeixes\/wp-json\/wp\/v2\/comments?post=877"}],"version-history":[{"count":4,"href":"https:\/\/agora.xtec.cat\/iefeixes\/wp-json\/wp\/v2\/posts\/877\/revisions"}],"predecessor-version":[{"id":916,"href":"https:\/\/agora.xtec.cat\/iefeixes\/wp-json\/wp\/v2\/posts\/877\/revisions\/916"}],"wp:featuredmedia":[{"embeddable":true,"href":"https:\/\/agora.xtec.cat\/iefeixes\/wp-json\/wp\/v2\/media\/917"}],"wp:attachment":[{"href":"https:\/\/agora.xtec.cat\/iefeixes\/wp-json\/wp\/v2\/media?parent=877"}],"wp:term":[{"taxonomy":"category","embeddable":true,"href":"https:\/\/agora.xtec.cat\/iefeixes\/wp-json\/wp\/v2\/categories?post=877"},{"taxonomy":"post_tag","embeddable":true,"href":"https:\/\/agora.xtec.cat\/iefeixes\/wp-json\/wp\/v2\/tags?post=877"}],"curies":[{"name":"wp","href":"https:\/\/api.w.org\/{rel}","templated":true}]}}