{"id":1263,"date":"2026-04-21T13:16:39","date_gmt":"2026-04-21T11:16:39","guid":{"rendered":"https:\/\/agora.xtec.cat\/iefeixes\/?p=1263"},"modified":"2026-04-21T13:18:50","modified_gmt":"2026-04-21T11:18:50","slug":"xxxi-concurs-el-gust-per-la-lectura","status":"publish","type":"post","link":"https:\/\/agora.xtec.cat\/iefeixes\/general\/xxxi-concurs-el-gust-per-la-lectura\/","title":{"rendered":"XXXI CONCURS \u201cEL GUST PER LA LECTURA\u201d"},"content":{"rendered":"<p align=\"justify\"><span style=\"font-size: x-large;\"><span lang=\"ca-ES\">Aquest curs l\u2019alumnat de 2n de Prim\u00e0ria ha participat en el concurs que organitza el Departament d\u2019Educaci\u00f3 al voltant de la lectura.<\/span><\/span><\/p>\n<p align=\"justify\"><span style=\"font-size: x-large;\"><span lang=\"ca-ES\">Dels llibres proposats en el concurs, s\u2019ha escollit l\u2019\u00e0lbum il\u00b7lustrat \u201cUn <\/span><\/span><span style=\"font-size: x-large;\"><span lang=\"ca-ES\">sopar de por\u201d de la Meritxell Mart\u00ed i il\u00b7lustrat per en Xavier Salom\u00f3.<\/span><\/span><\/p>\n<p align=\"justify\"><span style=\"color: #444444;\"><span style=\"font-size: x-large;\"><span lang=\"ca-ES\">En aquest \u00e0lbum ens presenten a nou personatges malvats i temuts del m\u00f3n dels contes que es reuneixen en un sopar de gala. El xef del restaurant on es troben els ha preparat un men\u00fa molt especial per a cada un d\u2019ells, nom\u00e9s cal aixecar les solapes per desvelar els plats que menjaran cada un dels personatges. <\/span><\/span><\/span><\/p>\n<p align=\"justify\"><span style=\"color: #444444;\"><span style=\"font-size: x-large;\"><span lang=\"ca-ES\">El treball que l\u2019alumnat ha fet per presentar al concurs segueix el fil de la hist\u00f2ria d\u2019aquest \u00e0lbum. Han hagut d\u2019inventar-se un monstre, pensar quin \u00e9s el seu plat preferit i posar-li un nom relacionat amb el seu menjar preferit. Ha estat tot un repte, per\u00f2 s\u2019ho han passat genial!!! Ara nom\u00e9s cal esperar el veredicte del jurat del concurs. Molta sort!!!<\/span><\/span><\/span><\/p>\n<p align=\"justify\">Clika <a href=\"https:\/\/drive.google.com\/file\/d\/1PX6zCp4xoRDjjfzAmROKGvhaScp4ObCx\/view?usp=drive_link\" target=\"_blank\" rel=\"noopener\">AQU\u00cd<\/a> PER VEURE&#8217;N EL V\u00cdDEO<\/p>\n<p><a href=\"https:\/\/agora.xtec.cat\/iefeixes\/wp-content\/uploads\/usu2956\/2026\/04\/XXXI-GUST-PER-LA-LECTURA.jpg\"><img loading=\"lazy\" decoding=\"async\" class=\"aligncenter size-full wp-image-1264\" src=\"https:\/\/agora.xtec.cat\/iefeixes\/wp-content\/uploads\/usu2956\/2026\/04\/XXXI-GUST-PER-LA-LECTURA.jpg\" alt=\"\" width=\"672\" height=\"391\" srcset=\"https:\/\/agora.xtec.cat\/iefeixes\/wp-content\/uploads\/usu2956\/2026\/04\/XXXI-GUST-PER-LA-LECTURA.jpg 672w, https:\/\/agora.xtec.cat\/iefeixes\/wp-content\/uploads\/usu2956\/2026\/04\/XXXI-GUST-PER-LA-LECTURA-300x175.jpg 300w\" sizes=\"auto, (max-width: 672px) 100vw, 672px\" \/><\/a><\/p>\n","protected":false},"excerpt":{"rendered":"<p>Aquest curs l\u2019alumnat de 2n de Prim\u00e0ria ha participat en el concurs que organitza el Departament d\u2019Educaci\u00f3 al voltant de la lectura. Dels llibres proposats en el concurs, s\u2019ha escollit l\u2019\u00e0lbum il\u00b7lustrat \u201cUn sopar de por\u201d de la Meritxell Mart\u00ed i il\u00b7lustrat per en Xavier Salom\u00f3. En aquest \u00e0lbum ens presenten a nou personatges malvats [&hellip;]<\/p>\n","protected":false},"author":1,"featured_media":1264,"comment_status":"closed","ping_status":"open","sticky":false,"template":"","format":"standard","meta":{"_bbp_topic_count":0,"_bbp_reply_count":0,"_bbp_total_topic_count":0,"_bbp_total_reply_count":0,"_bbp_voice_count":0,"_bbp_anonymous_reply_count":0,"_bbp_topic_count_hidden":0,"_bbp_reply_count_hidden":0,"_bbp_forum_subforum_count":0,"site-sidebar-layout":"default","site-content-layout":"","ast-site-content-layout":"default","site-content-style":"default","site-sidebar-style":"default","ast-global-header-display":"","ast-banner-title-visibility":"","ast-main-header-display":"","ast-hfb-above-header-display":"","ast-hfb-below-header-display":"","ast-hfb-mobile-header-display":"","site-post-title":"","ast-breadcrumbs-content":"","ast-featured-img":"","footer-sml-layout":"","theme-transparent-header-meta":"default","adv-header-id-meta":"","stick-header-meta":"","header-above-stick-meta":"","header-main-stick-meta":"","header-below-stick-meta":"","astra-migrate-meta-layouts":"set","ast-page-background-enabled":"default","ast-page-background-meta":{"desktop":{"background-color":"var(--ast-global-color-4)","background-image":"","background-repeat":"repeat","background-position":"center center","background-size":"auto","background-attachment":"scroll","background-type":"","background-media":"","overlay-type":"","overlay-color":"","overlay-opacity":"","overlay-gradient":""},"tablet":{"background-color":"","background-image":"","background-repeat":"repeat","background-position":"center center","background-size":"auto","background-attachment":"scroll","background-type":"","background-media":"","overlay-type":"","overlay-color":"","overlay-opacity":"","overlay-gradient":""},"mobile":{"background-color":"","background-image":"","background-repeat":"repeat","background-position":"center center","background-size":"auto","background-attachment":"scroll","background-type":"","background-media":"","overlay-type":"","overlay-color":"","overlay-opacity":"","overlay-gradient":""}},"ast-content-background-meta":{"desktop":{"background-color":"var(--ast-global-color-5)","background-image":"","background-repeat":"repeat","background-position":"center center","background-size":"auto","background-attachment":"scroll","background-type":"","background-media":"","overlay-type":"","overlay-color":"","overlay-opacity":"","overlay-gradient":""},"tablet":{"background-color":"var(--ast-global-color-5)","background-image":"","background-repeat":"repeat","background-position":"center center","background-size":"auto","background-attachment":"scroll","background-type":"","background-media":"","overlay-type":"","overlay-color":"","overlay-opacity":"","overlay-gradient":""},"mobile":{"background-color":"var(--ast-global-color-5)","background-image":"","background-repeat":"repeat","background-position":"center center","background-size":"auto","background-attachment":"scroll","background-type":"","background-media":"","overlay-type":"","overlay-color":"","overlay-opacity":"","overlay-gradient":""}},"footnotes":""},"categories":[154,149,148,1,29,159],"tags":[],"class_list":["post-1263","post","type-post","status-publish","format-standard","has-post-thumbnail","hentry","category-2n","category-comunitat-de-grans","category-comunitat-de-mitjans","category-general","category-portada","category-primaria"],"post_mailing_queue_ids":[],"_links":{"self":[{"href":"https:\/\/agora.xtec.cat\/iefeixes\/wp-json\/wp\/v2\/posts\/1263","targetHints":{"allow":["GET"]}}],"collection":[{"href":"https:\/\/agora.xtec.cat\/iefeixes\/wp-json\/wp\/v2\/posts"}],"about":[{"href":"https:\/\/agora.xtec.cat\/iefeixes\/wp-json\/wp\/v2\/types\/post"}],"author":[{"embeddable":true,"href":"https:\/\/agora.xtec.cat\/iefeixes\/wp-json\/wp\/v2\/users\/1"}],"replies":[{"embeddable":true,"href":"https:\/\/agora.xtec.cat\/iefeixes\/wp-json\/wp\/v2\/comments?post=1263"}],"version-history":[{"count":1,"href":"https:\/\/agora.xtec.cat\/iefeixes\/wp-json\/wp\/v2\/posts\/1263\/revisions"}],"predecessor-version":[{"id":1265,"href":"https:\/\/agora.xtec.cat\/iefeixes\/wp-json\/wp\/v2\/posts\/1263\/revisions\/1265"}],"wp:featuredmedia":[{"embeddable":true,"href":"https:\/\/agora.xtec.cat\/iefeixes\/wp-json\/wp\/v2\/media\/1264"}],"wp:attachment":[{"href":"https:\/\/agora.xtec.cat\/iefeixes\/wp-json\/wp\/v2\/media?parent=1263"}],"wp:term":[{"taxonomy":"category","embeddable":true,"href":"https:\/\/agora.xtec.cat\/iefeixes\/wp-json\/wp\/v2\/categories?post=1263"},{"taxonomy":"post_tag","embeddable":true,"href":"https:\/\/agora.xtec.cat\/iefeixes\/wp-json\/wp\/v2\/tags?post=1263"}],"curies":[{"name":"wp","href":"https:\/\/api.w.org\/{rel}","templated":true}]}}