{"id":1227,"date":"2026-02-09T13:06:54","date_gmt":"2026-02-09T12:06:54","guid":{"rendered":"https:\/\/agora.xtec.cat\/iefeixes\/?p=1227"},"modified":"2026-02-09T16:04:48","modified_gmt":"2026-02-09T15:04:48","slug":"linstitut-escola-feixes-aposta-fort-pel-cinema-amb-el-programa-magne","status":"publish","type":"post","link":"https:\/\/agora.xtec.cat\/iefeixes\/general\/linstitut-escola-feixes-aposta-fort-pel-cinema-amb-el-programa-magne\/","title":{"rendered":"L&#8217;institut escola Feixes aposta fort pel cinema amb el programa Magnet"},"content":{"rendered":"<h5 data-mrf-recirculation=\"DT\/DS Links a tot l'article\"><em>Article publicat al diari Terrassa<\/em><\/h5>\n<p>&nbsp;<\/p>\n<h6 data-mrf-recirculation=\"DT\/DS Links a tot l'article\"><em><span style=\"font-size: 16px;\">El centre fa aterrar aquesta iniciativa de la m\u00e0 de l&#8217;alian\u00e7a amb la Filmoteca i el Parc Audiovisiual per impulsar el cinema com a eina educativa<\/span><\/em><\/h6>\n<div class=\"wrap-media \">\n<figure>\n<div class=\"carousel-img slick-initialized slick-slider\">\n<div class=\"slick-list draggable\" aria-live=\"polite\">\n<div class=\"slick-track\" role=\"listbox\">\n<div class=\"slick-slide slick-current slick-active\" tabindex=\"-1\" role=\"option\" data-slick-index=\"0\" aria-hidden=\"false\" aria-describedby=\"slick-slide00\">\n<div class=\"gallerias-leyenda\"><span style=\"font-size: 16px;\">\u201cDesenvolupar el programa <\/span><strong style=\"font-size: 16px;\">Magnet\u00a0<\/strong><span style=\"font-size: 16px;\">a\u00a0<\/span><strong style=\"font-size: 16px;\">Terrassa\u00a0<\/strong><span style=\"font-size: 16px;\">t\u00e9 tot el sentit, \u00e9s plenament org\u00e0nic\u201d, anunciava el director de la Filmoteca de Catalunya,\u00a0<\/span><strong style=\"font-size: 16px;\">Pablo La Parra<\/strong><span style=\"font-size: 16px;\">. No podia ser d&#8217;altra manera. Ciutat audiovisual, juntament amb una iniciativa innovadora i ambiciosa que t\u00e9 l&#8217;objectiu d&#8217;<\/span><strong style=\"font-size: 16px;\">integrar\u00a0el llenguatge cinematogr\u00e0fic i el patrimoni f\u00edlmic dins del curr\u00edculum escolar<\/strong><span style=\"font-size: 16px;\">\u00a0per treballar compet\u00e8ncies educatives i connectar educaci\u00f3, cultura i territori. Aix\u00ed, l&#8217;<\/span><strong style=\"font-size: 16px;\">Institut Escola Feixes<\/strong><span style=\"font-size: 16px;\">\u00a0refor\u00e7ar\u00e0 el seu aprenentatge a trav\u00e9s del cinema i l&#8217;audiovisual gr\u00e0cies a aquesta alian\u00e7a amb la Filmoteca i el Parc Audiovisual de Catalunya.\u00a0<\/span><\/div>\n<\/div>\n<\/div>\n<\/div>\n<\/div>\n<\/figure>\n<\/div>\n<div class=\"CONTENIDO-ARTICULO\">\n<div class=\"art-cuerpo\">\n<div id=\"BN-1NLub098ynLxBpbOu7Io\"><\/div>\n<p data-mrf-recirculation=\"DT\/DS Links a tot l'article\">La directora del centre,\u00a0<strong>Maribel Tarr\u00e9s<\/strong>, ha explicat aquest divendres durant la seva presentaci\u00f3 que la iniciativa permetr\u00e0 sistematitzar una l\u00ednia pedag\u00f2gica que l\u2019escola ja treballa des de fa temps, incorporant l\u2019audiovisual en projectes educatius des d\u2019I3 fins a segon de batxillerat. \u201cEl nostre objectiu \u00e9s construir una<strong>\u00a0l\u00ednia de centre coherent<\/strong> que comparteixi vocabulari i metodologia a totes les etapes\u201d, ha assegurat. Tarr\u00e9s tamb\u00e9 ha destacat que el projecte ajudar\u00e0 a consolidar el model d\u2019institut escola despr\u00e9s de la fusi\u00f3 entre escola i institut, ara fa tres cursos.<\/p>\n<aside><\/aside>\n<p data-mrf-recirculation=\"DT\/DS Links a tot l'article\">L\u2019alumnat ja participa en diverses activitats vinculades al llenguatge audiovisual, amb projectes com \u201cSherlock\u201d, la gravaci\u00f3 d&#8217;una pel\u00b7l\u00edcula dram\u00e0tica on el protagonista mor;\u00a0\u201cIdees revolucion\u00e0ries\u201d, la recopilaci\u00f3 d&#8217;idees hist\u00f2riques que ens han ajudat a arribar fins on som ara, amb obra de teatre posterior;\u00a0o \u201cRoald Dahl\u201d, la creaci\u00f3 d\u2019anuncis promocionals d&#8217;un caramel. Segons la directora, aquest tipus de llenguatge \u00e9s essencial perqu\u00e8 \u201c<strong>l&#8217;audiovisual \u00e9s, ara mateix, el llenguatge natural dels joves<\/strong>\u201d.<\/p>\n<p data-mrf-recirculation=\"DT\/DS Links a tot l'article\">Des de la Filmoteca de Catalunya, el seu director,\u00a0<strong>Pablo La Parra<\/strong>, ha remarcat que la col\u00b7laboraci\u00f3 permet apropar el\u00a0<strong>patrimoni cinematogr\u00e0fic<\/strong>\u00a0a l\u2019alumnat i posar en valor el coneixement t\u00e8cnic i cultural que hi ha darrere del cinema. L\u2019alian\u00e7a inclour\u00e0 activitats sobre els\u00a0<strong>or\u00edgens de les imatges en moviment<\/strong>\u00a0per als cursos de\u00a0<strong>prim\u00e0ria\u00a0<\/strong>i projectes vinculats a la\u00a0<strong>restauraci\u00f3 i conservaci\u00f3 cinematogr\u00e0fica<\/strong>\u00a0per a secund\u00e0ria. La Parra ha recordat que\u00a0\u201cla seu de la Filmoteca \u00e9s a Barcelona, per\u00f2 la segona seu, el centre de conservaci\u00f3 i restauraci\u00f3 de la Filmoteca es troba al Parc Audiovisual de Terrassa. \u00c9s el cor de la nostra instituci\u00f3\u201d. Aquest espai\u00a0custodia m\u00e9s de 200.000 objectes relacionats amb la hist\u00f2ria del cinema catal\u00e0.<\/p>\n<p data-mrf-recirculation=\"DT\/DS Links a tot l'article\">Per la seva banda, el director de la Fundaci\u00f3 Bofill,\u00a0<strong>Ismael Palac\u00edn<\/strong>, ha subratllat que el programa Magnet fomenta aliances entre centres educatius i institucions d\u2019excel\u00b7l\u00e8ncia per transformar els projectes educatius. Segons ha destacat, \u201ces tracta d\u2019un model exigent, per\u00f2 amb resultats positius: en m\u00e9s de dotze anys, el programa ha arribat a una\u00a0<strong>cinquantena\u00a0<\/strong>de centres educatius de Catalunya i ha demostrat millores en els resultats educatius i en la cohesi\u00f3 dels centres\u201d.<\/p>\n<p data-mrf-recirculation=\"DT\/DS Links a tot l'article\">La directora dels Serveis Territorials d\u2019Educaci\u00f3 al Vall\u00e8s Occidental,\u00a0<strong>Montserrat Capdevila<\/strong>, ha destacat que el projecte refor\u00e7a la connexi\u00f3 entre educaci\u00f3, cultura i estrat\u00e8gia de ciutat, especialment en una ciutat com Terrassa, amb una forta aposta pel sector audiovisual. Capdevila ha remarcat que la iniciativa busca millorar les oportunitats educatives tot fomentant el pensament cr\u00edtic i la capacitat de construir el propi relat. I, en aquest sentit,\u00a0la primera tinent d&#8217;alcalde i regidora d&#8217;Educaci\u00f3 terrassenca,\u00a0<strong>Patricia Reche<\/strong>, ha ampliat dient que\u00a0\u201csuposar\u00e0 un repte per a tothom. Ser\u00e0 innovador, enriquidor i benefioci\u00f3s per a centre i alumnat, i\u00a0<strong>ha d&#8217;ajudar a obrir noves portes i crear oportunitats a Terrassa<\/strong>\u201d.<\/p>\n<p data-mrf-recirculation=\"DT\/DS Links a tot l'article\">El programa Magnet, impulsat pel Departament d\u2019Educaci\u00f3, la Fundaci\u00f3 Bofill i la Universitat Aut\u00f2noma de Barcelona amb la col\u00b7laboraci\u00f3 dels ajuntaments, compta actualment amb 50 centres participants, m\u00e9s de 14.500 alumnes i 1.500 docents de 36 municipis catalans.<\/p>\n<\/div>\n<\/div>\n","protected":false},"excerpt":{"rendered":"<p>Article publicat al diari Terrassa &nbsp; El centre fa aterrar aquesta iniciativa de la m\u00e0 de l&#8217;alian\u00e7a amb la Filmoteca i el Parc Audiovisiual per impulsar el cinema com a eina educativa \u201cDesenvolupar el programa Magnet\u00a0a\u00a0Terrassa\u00a0t\u00e9 tot el sentit, \u00e9s plenament org\u00e0nic\u201d, anunciava el director de la Filmoteca de Catalunya,\u00a0Pablo La Parra. No podia ser [&hellip;]<\/p>\n","protected":false},"author":1,"featured_media":1226,"comment_status":"open","ping_status":"open","sticky":false,"template":"","format":"standard","meta":{"_bbp_topic_count":0,"_bbp_reply_count":0,"_bbp_total_topic_count":0,"_bbp_total_reply_count":0,"_bbp_voice_count":0,"_bbp_anonymous_reply_count":0,"_bbp_topic_count_hidden":0,"_bbp_reply_count_hidden":0,"_bbp_forum_subforum_count":0,"site-sidebar-layout":"default","site-content-layout":"","ast-site-content-layout":"default","site-content-style":"default","site-sidebar-style":"default","ast-global-header-display":"","ast-banner-title-visibility":"","ast-main-header-display":"","ast-hfb-above-header-display":"","ast-hfb-below-header-display":"","ast-hfb-mobile-header-display":"","site-post-title":"","ast-breadcrumbs-content":"","ast-featured-img":"","footer-sml-layout":"","theme-transparent-header-meta":"default","adv-header-id-meta":"","stick-header-meta":"","header-above-stick-meta":"","header-main-stick-meta":"","header-below-stick-meta":"","astra-migrate-meta-layouts":"set","ast-page-background-enabled":"default","ast-page-background-meta":{"desktop":{"background-color":"var(--ast-global-color-4)","background-image":"","background-repeat":"repeat","background-position":"center center","background-size":"auto","background-attachment":"scroll","background-type":"","background-media":"","overlay-type":"","overlay-color":"","overlay-opacity":"","overlay-gradient":""},"tablet":{"background-color":"","background-image":"","background-repeat":"repeat","background-position":"center center","background-size":"auto","background-attachment":"scroll","background-type":"","background-media":"","overlay-type":"","overlay-color":"","overlay-opacity":"","overlay-gradient":""},"mobile":{"background-color":"","background-image":"","background-repeat":"repeat","background-position":"center center","background-size":"auto","background-attachment":"scroll","background-type":"","background-media":"","overlay-type":"","overlay-color":"","overlay-opacity":"","overlay-gradient":""}},"ast-content-background-meta":{"desktop":{"background-color":"var(--ast-global-color-5)","background-image":"","background-repeat":"repeat","background-position":"center center","background-size":"auto","background-attachment":"scroll","background-type":"","background-media":"","overlay-type":"","overlay-color":"","overlay-opacity":"","overlay-gradient":""},"tablet":{"background-color":"var(--ast-global-color-5)","background-image":"","background-repeat":"repeat","background-position":"center center","background-size":"auto","background-attachment":"scroll","background-type":"","background-media":"","overlay-type":"","overlay-color":"","overlay-opacity":"","overlay-gradient":""},"mobile":{"background-color":"var(--ast-global-color-5)","background-image":"","background-repeat":"repeat","background-position":"center center","background-size":"auto","background-attachment":"scroll","background-type":"","background-media":"","overlay-type":"","overlay-color":"","overlay-opacity":"","overlay-gradient":""}},"footnotes":""},"categories":[1,29],"tags":[120,176,116],"class_list":["post-1227","post","type-post","status-publish","format-standard","has-post-thumbnail","hentry","category-general","category-portada","tag-alianca-magnet","tag-roda-de-premsa","tag-terrassa"],"post_mailing_queue_ids":[],"_links":{"self":[{"href":"https:\/\/agora.xtec.cat\/iefeixes\/wp-json\/wp\/v2\/posts\/1227","targetHints":{"allow":["GET"]}}],"collection":[{"href":"https:\/\/agora.xtec.cat\/iefeixes\/wp-json\/wp\/v2\/posts"}],"about":[{"href":"https:\/\/agora.xtec.cat\/iefeixes\/wp-json\/wp\/v2\/types\/post"}],"author":[{"embeddable":true,"href":"https:\/\/agora.xtec.cat\/iefeixes\/wp-json\/wp\/v2\/users\/1"}],"replies":[{"embeddable":true,"href":"https:\/\/agora.xtec.cat\/iefeixes\/wp-json\/wp\/v2\/comments?post=1227"}],"version-history":[{"count":3,"href":"https:\/\/agora.xtec.cat\/iefeixes\/wp-json\/wp\/v2\/posts\/1227\/revisions"}],"predecessor-version":[{"id":1237,"href":"https:\/\/agora.xtec.cat\/iefeixes\/wp-json\/wp\/v2\/posts\/1227\/revisions\/1237"}],"wp:featuredmedia":[{"embeddable":true,"href":"https:\/\/agora.xtec.cat\/iefeixes\/wp-json\/wp\/v2\/media\/1226"}],"wp:attachment":[{"href":"https:\/\/agora.xtec.cat\/iefeixes\/wp-json\/wp\/v2\/media?parent=1227"}],"wp:term":[{"taxonomy":"category","embeddable":true,"href":"https:\/\/agora.xtec.cat\/iefeixes\/wp-json\/wp\/v2\/categories?post=1227"},{"taxonomy":"post_tag","embeddable":true,"href":"https:\/\/agora.xtec.cat\/iefeixes\/wp-json\/wp\/v2\/tags?post=1227"}],"curies":[{"name":"wp","href":"https:\/\/api.w.org\/{rel}","templated":true}]}}