{"id":1198,"date":"2026-02-02T12:50:12","date_gmt":"2026-02-02T11:50:12","guid":{"rendered":"https:\/\/agora.xtec.cat\/iefeixes\/?p=1198"},"modified":"2026-02-02T13:32:19","modified_gmt":"2026-02-02T12:32:19","slug":"fem-historia-al-parlament-de-catalunya","status":"publish","type":"post","link":"https:\/\/agora.xtec.cat\/iefeixes\/general\/fem-historia-al-parlament-de-catalunya\/","title":{"rendered":"Fem hist\u00f2ria al Parlament de Catalunya, que acorda construir un nou edifici"},"content":{"rendered":"<p>Aquest passat dimarts quatre alumnes de 4t d&#8217;ESO HAN FET HIST\u00d2RIA al Parlament de Catalunya despr\u00e9s d&#8217;assistir a la primera Comissi\u00f3 d&#8217;Educaci\u00f3 que compta amb l&#8217;assist\u00e8ncia de menors d&#8217;edat.<\/p>\n<div>El motiu de la pres\u00e8ncia de la comunitat educativa de l&#8217;IE Feixes al Parlament es deu a la reivindicaci\u00f3 protagonitzada l&#8217;any passat davant l&#8217;Ajuntament de Terrassa, on alumnes i docents\u00a0demanavem, aprofitant el dia de l&#8217;Educaci\u00f3 F\u00edsica al Carrer, un nou gimn\u00e0s on poder dur a terme dignament les nostres sessions d&#8217;E.F.<\/div>\n<div><\/div>\n<div>Arrel d&#8217;aquella manifestaci\u00f3, membres d&#8217;ERC Terrassa van interessar-se per la nostra petici\u00f3 i van organitzar una trobada amb la vicepresidenta del Parlament, Raquel Sans, qui es va comprometre a portar a una Comissi\u00f3 la nostra demanda de, no nom\u00e9s disposar d&#8217;un nou gimn\u00e0s, sin\u00f3 tamb\u00e9 de la construcci\u00f3 d&#8217;un nou edifici que permeti\u00a0la millora de la qualitat educativa dels nostres alumnes. Aquest edifici permetria gaudir d&#8217;un menjador amb m\u00e9s capacitat, d&#8217;una biblioteca amb unes millors condicions i amb un gimn\u00e0s que ens permetria quedar-nos al centre i no haver de maxar\u00a0al camp del Sant Pere Nord.<\/div>\n<div><\/div>\n<div>Tots els partits que conformen el Parlament VAN VOTAR A FAVOR de la construcci\u00f3 d&#8217;un nou edifici. Ara falta pressionar i esperar a que, finalment, aconseguim millorar les nostres instal\u00b7lacions\u00a0tal i com se&#8217;ns havia prom\u00e8s amb anterioritat. Seguim lluitant!!!<\/div>\n","protected":false},"excerpt":{"rendered":"<p>Aquest passat dimarts quatre alumnes de 4t d&#8217;ESO HAN FET HIST\u00d2RIA al Parlament de Catalunya despr\u00e9s d&#8217;assistir a la primera Comissi\u00f3 d&#8217;Educaci\u00f3 que compta amb l&#8217;assist\u00e8ncia de menors d&#8217;edat. El motiu de la pres\u00e8ncia de la comunitat educativa de l&#8217;IE Feixes al Parlament es deu a la reivindicaci\u00f3 protagonitzada l&#8217;any passat davant l&#8217;Ajuntament de Terrassa, [&hellip;]<\/p>\n","protected":false},"author":1,"featured_media":1199,"comment_status":"open","ping_status":"open","sticky":false,"template":"","format":"standard","meta":{"_bbp_topic_count":0,"_bbp_reply_count":0,"_bbp_total_topic_count":0,"_bbp_total_reply_count":0,"_bbp_voice_count":0,"_bbp_anonymous_reply_count":0,"_bbp_topic_count_hidden":0,"_bbp_reply_count_hidden":0,"_bbp_forum_subforum_count":0,"site-sidebar-layout":"default","site-content-layout":"","ast-site-content-layout":"default","site-content-style":"default","site-sidebar-style":"default","ast-global-header-display":"","ast-banner-title-visibility":"","ast-main-header-display":"","ast-hfb-above-header-display":"","ast-hfb-below-header-display":"","ast-hfb-mobile-header-display":"","site-post-title":"","ast-breadcrumbs-content":"","ast-featured-img":"","footer-sml-layout":"","theme-transparent-header-meta":"default","adv-header-id-meta":"","stick-header-meta":"","header-above-stick-meta":"","header-main-stick-meta":"","header-below-stick-meta":"","astra-migrate-meta-layouts":"set","ast-page-background-enabled":"default","ast-page-background-meta":{"desktop":{"background-color":"var(--ast-global-color-4)","background-image":"","background-repeat":"repeat","background-position":"center center","background-size":"auto","background-attachment":"scroll","background-type":"","background-media":"","overlay-type":"","overlay-color":"","overlay-opacity":"","overlay-gradient":""},"tablet":{"background-color":"","background-image":"","background-repeat":"repeat","background-position":"center center","background-size":"auto","background-attachment":"scroll","background-type":"","background-media":"","overlay-type":"","overlay-color":"","overlay-opacity":"","overlay-gradient":""},"mobile":{"background-color":"","background-image":"","background-repeat":"repeat","background-position":"center center","background-size":"auto","background-attachment":"scroll","background-type":"","background-media":"","overlay-type":"","overlay-color":"","overlay-opacity":"","overlay-gradient":""}},"ast-content-background-meta":{"desktop":{"background-color":"var(--ast-global-color-5)","background-image":"","background-repeat":"repeat","background-position":"center center","background-size":"auto","background-attachment":"scroll","background-type":"","background-media":"","overlay-type":"","overlay-color":"","overlay-opacity":"","overlay-gradient":""},"tablet":{"background-color":"var(--ast-global-color-5)","background-image":"","background-repeat":"repeat","background-position":"center center","background-size":"auto","background-attachment":"scroll","background-type":"","background-media":"","overlay-type":"","overlay-color":"","overlay-opacity":"","overlay-gradient":""},"mobile":{"background-color":"var(--ast-global-color-5)","background-image":"","background-repeat":"repeat","background-position":"center center","background-size":"auto","background-attachment":"scroll","background-type":"","background-media":"","overlay-type":"","overlay-color":"","overlay-opacity":"","overlay-gradient":""}},"footnotes":""},"categories":[1,29],"tags":[169,170,121,171,168],"class_list":["post-1198","post","type-post","status-publish","format-standard","has-post-thumbnail","hentry","category-general","category-portada","tag-comissio","tag-educacio","tag-ie-feixes","tag-nou-edifici","tag-parlament"],"post_mailing_queue_ids":[],"_links":{"self":[{"href":"https:\/\/agora.xtec.cat\/iefeixes\/wp-json\/wp\/v2\/posts\/1198","targetHints":{"allow":["GET"]}}],"collection":[{"href":"https:\/\/agora.xtec.cat\/iefeixes\/wp-json\/wp\/v2\/posts"}],"about":[{"href":"https:\/\/agora.xtec.cat\/iefeixes\/wp-json\/wp\/v2\/types\/post"}],"author":[{"embeddable":true,"href":"https:\/\/agora.xtec.cat\/iefeixes\/wp-json\/wp\/v2\/users\/1"}],"replies":[{"embeddable":true,"href":"https:\/\/agora.xtec.cat\/iefeixes\/wp-json\/wp\/v2\/comments?post=1198"}],"version-history":[{"count":3,"href":"https:\/\/agora.xtec.cat\/iefeixes\/wp-json\/wp\/v2\/posts\/1198\/revisions"}],"predecessor-version":[{"id":1216,"href":"https:\/\/agora.xtec.cat\/iefeixes\/wp-json\/wp\/v2\/posts\/1198\/revisions\/1216"}],"wp:featuredmedia":[{"embeddable":true,"href":"https:\/\/agora.xtec.cat\/iefeixes\/wp-json\/wp\/v2\/media\/1199"}],"wp:attachment":[{"href":"https:\/\/agora.xtec.cat\/iefeixes\/wp-json\/wp\/v2\/media?parent=1198"}],"wp:term":[{"taxonomy":"category","embeddable":true,"href":"https:\/\/agora.xtec.cat\/iefeixes\/wp-json\/wp\/v2\/categories?post=1198"},{"taxonomy":"post_tag","embeddable":true,"href":"https:\/\/agora.xtec.cat\/iefeixes\/wp-json\/wp\/v2\/tags?post=1198"}],"curies":[{"name":"wp","href":"https:\/\/api.w.org\/{rel}","templated":true}]}}