{"id":1007,"date":"2025-12-11T14:43:56","date_gmt":"2025-12-11T13:43:56","guid":{"rendered":"https:\/\/agora.xtec.cat\/iefeixes\/?p=1007"},"modified":"2025-12-11T14:43:56","modified_gmt":"2025-12-11T13:43:56","slug":"xxii-trobada-escolar-de-nadales-de-primaria","status":"publish","type":"post","link":"https:\/\/agora.xtec.cat\/iefeixes\/general\/xxii-trobada-escolar-de-nadales-de-primaria\/","title":{"rendered":"XXII TROBADA ESCOLAR DE NADALES DE PRIM\u00c0RIA"},"content":{"rendered":"<p><a href=\"https:\/\/agora.xtec.cat\/iefeixes\/wp-content\/uploads\/usu2956\/2025\/12\/COMPARTIM-NADALES.jpg\"><img loading=\"lazy\" decoding=\"async\" class=\"wp-image-1008 aligncenter\" src=\"https:\/\/agora.xtec.cat\/iefeixes\/wp-content\/uploads\/usu2956\/2025\/12\/COMPARTIM-NADALES-1024x1024.jpg\" alt=\"\" width=\"381\" height=\"381\" srcset=\"https:\/\/agora.xtec.cat\/iefeixes\/wp-content\/uploads\/usu2956\/2025\/12\/COMPARTIM-NADALES-1024x1024.jpg 1024w, https:\/\/agora.xtec.cat\/iefeixes\/wp-content\/uploads\/usu2956\/2025\/12\/COMPARTIM-NADALES-300x300.jpg 300w, https:\/\/agora.xtec.cat\/iefeixes\/wp-content\/uploads\/usu2956\/2025\/12\/COMPARTIM-NADALES-150x150.jpg 150w, https:\/\/agora.xtec.cat\/iefeixes\/wp-content\/uploads\/usu2956\/2025\/12\/COMPARTIM-NADALES-768x768.jpg 768w, https:\/\/agora.xtec.cat\/iefeixes\/wp-content\/uploads\/usu2956\/2025\/12\/COMPARTIM-NADALES.jpg 1496w\" sizes=\"auto, (max-width: 381px) 100vw, 381px\" \/><\/a><\/p>\n<p><strong data-start=\"66\" data-end=\"217\">L\u2019alumnat de quart de l\u2019IE Feixes ha participat avui a la 22a Trobada Escolar de Nadales de Prim\u00e0ria, celebrada a l\u2019Auditori Municipal de Terrassa.<\/strong> Durant les darreres setmanes hem estat treballant la can\u00e7\u00f3 <em data-start=\"277\" data-end=\"292\" data-is-only-node=\"\">El Gran Regal<\/em>, que avui hem pogut compartir amb altres escoles del municipi en un acte ple de m\u00fasica i il\u00b7lusi\u00f3. A la trobada hi han assistit l\u2019alcalde i la regidora de Cultura, que han acompanyat i felicitat els infants. Ben aviat l\u2019esdeveniment es podr\u00e0 veure per televisi\u00f3, perqu\u00e8 totes les fam\u00edlies en puguin gaudir!!!<\/p>\n<p style=\"text-align: center;\"><iframe loading=\"lazy\" title=\"YouTube video player\" src=\"https:\/\/www.youtube.com\/embed\/l5i24VdaAGs?si=7N8fcaCquPD5uohz\" width=\"560\" height=\"315\" frameborder=\"0\" allowfullscreen=\"allowfullscreen\"><\/iframe><\/p>\n","protected":false},"excerpt":{"rendered":"<p>L\u2019alumnat de quart de l\u2019IE Feixes ha participat avui a la 22a Trobada Escolar de Nadales de Prim\u00e0ria, celebrada a l\u2019Auditori Municipal de Terrassa. Durant les darreres setmanes hem estat treballant la can\u00e7\u00f3 El Gran Regal, que avui hem pogut compartir amb altres escoles del municipi en un acte ple de m\u00fasica i il\u00b7lusi\u00f3. A [&hellip;]<\/p>\n","protected":false},"author":1,"featured_media":1008,"comment_status":"closed","ping_status":"closed","sticky":false,"template":"","format":"standard","meta":{"_bbp_topic_count":0,"_bbp_reply_count":0,"_bbp_total_topic_count":0,"_bbp_total_reply_count":0,"_bbp_voice_count":0,"_bbp_anonymous_reply_count":0,"_bbp_topic_count_hidden":0,"_bbp_reply_count_hidden":0,"_bbp_forum_subforum_count":0,"site-sidebar-layout":"default","site-content-layout":"","ast-site-content-layout":"","site-content-style":"default","site-sidebar-style":"default","ast-global-header-display":"","ast-banner-title-visibility":"","ast-main-header-display":"","ast-hfb-above-header-display":"","ast-hfb-below-header-display":"","ast-hfb-mobile-header-display":"","site-post-title":"","ast-breadcrumbs-content":"","ast-featured-img":"","footer-sml-layout":"","theme-transparent-header-meta":"","adv-header-id-meta":"","stick-header-meta":"","header-above-stick-meta":"","header-main-stick-meta":"","header-below-stick-meta":"","astra-migrate-meta-layouts":"default","ast-page-background-enabled":"default","ast-page-background-meta":{"desktop":{"background-color":"var(--ast-global-color-4)","background-image":"","background-repeat":"repeat","background-position":"center center","background-size":"auto","background-attachment":"scroll","background-type":"","background-media":"","overlay-type":"","overlay-color":"","overlay-opacity":"","overlay-gradient":""},"tablet":{"background-color":"","background-image":"","background-repeat":"repeat","background-position":"center center","background-size":"auto","background-attachment":"scroll","background-type":"","background-media":"","overlay-type":"","overlay-color":"","overlay-opacity":"","overlay-gradient":""},"mobile":{"background-color":"","background-image":"","background-repeat":"repeat","background-position":"center center","background-size":"auto","background-attachment":"scroll","background-type":"","background-media":"","overlay-type":"","overlay-color":"","overlay-opacity":"","overlay-gradient":""}},"ast-content-background-meta":{"desktop":{"background-color":"var(--ast-global-color-5)","background-image":"","background-repeat":"repeat","background-position":"center center","background-size":"auto","background-attachment":"scroll","background-type":"","background-media":"","overlay-type":"","overlay-color":"","overlay-opacity":"","overlay-gradient":""},"tablet":{"background-color":"var(--ast-global-color-5)","background-image":"","background-repeat":"repeat","background-position":"center center","background-size":"auto","background-attachment":"scroll","background-type":"","background-media":"","overlay-type":"","overlay-color":"","overlay-opacity":"","overlay-gradient":""},"mobile":{"background-color":"var(--ast-global-color-5)","background-image":"","background-repeat":"repeat","background-position":"center center","background-size":"auto","background-attachment":"scroll","background-type":"","background-media":"","overlay-type":"","overlay-color":"","overlay-opacity":"","overlay-gradient":""}},"footnotes":""},"categories":[156,149,1,29],"tags":[],"class_list":["post-1007","post","type-post","status-publish","format-standard","has-post-thumbnail","hentry","category-4t","category-comunitat-de-grans","category-general","category-portada"],"post_mailing_queue_ids":[],"_links":{"self":[{"href":"https:\/\/agora.xtec.cat\/iefeixes\/wp-json\/wp\/v2\/posts\/1007","targetHints":{"allow":["GET"]}}],"collection":[{"href":"https:\/\/agora.xtec.cat\/iefeixes\/wp-json\/wp\/v2\/posts"}],"about":[{"href":"https:\/\/agora.xtec.cat\/iefeixes\/wp-json\/wp\/v2\/types\/post"}],"author":[{"embeddable":true,"href":"https:\/\/agora.xtec.cat\/iefeixes\/wp-json\/wp\/v2\/users\/1"}],"replies":[{"embeddable":true,"href":"https:\/\/agora.xtec.cat\/iefeixes\/wp-json\/wp\/v2\/comments?post=1007"}],"version-history":[{"count":1,"href":"https:\/\/agora.xtec.cat\/iefeixes\/wp-json\/wp\/v2\/posts\/1007\/revisions"}],"predecessor-version":[{"id":1009,"href":"https:\/\/agora.xtec.cat\/iefeixes\/wp-json\/wp\/v2\/posts\/1007\/revisions\/1009"}],"wp:featuredmedia":[{"embeddable":true,"href":"https:\/\/agora.xtec.cat\/iefeixes\/wp-json\/wp\/v2\/media\/1008"}],"wp:attachment":[{"href":"https:\/\/agora.xtec.cat\/iefeixes\/wp-json\/wp\/v2\/media?parent=1007"}],"wp:term":[{"taxonomy":"category","embeddable":true,"href":"https:\/\/agora.xtec.cat\/iefeixes\/wp-json\/wp\/v2\/categories?post=1007"},{"taxonomy":"post_tag","embeddable":true,"href":"https:\/\/agora.xtec.cat\/iefeixes\/wp-json\/wp\/v2\/tags?post=1007"}],"curies":[{"name":"wp","href":"https:\/\/api.w.org\/{rel}","templated":true}]}}