{"id":16019,"date":"2024-06-04T12:01:53","date_gmt":"2024-06-04T10:01:53","guid":{"rendered":"https:\/\/agora.xtec.cat\/iedelprat\/?p=16019"},"modified":"2025-05-17T21:15:26","modified_gmt":"2025-05-17T19:15:26","slug":"premis-a-lestudi-per-la-fundacio-pere-closa","status":"publish","type":"post","link":"https:\/\/agora.xtec.cat\/iedelprat\/general\/premis-a-lestudi-per-la-fundacio-pere-closa\/","title":{"rendered":"Premis a l&#8217;estudi per la fundaci\u00f3 Pere Closa"},"content":{"rendered":"<p class=\"cvGsUA direction-ltr align-center para-style-body\"><span class=\"OYPEnA text-decoration-none text-strikethrough-none\">Dilluns dia 3 de juny, al Teatre Poliorama de Barcelona va tenir lloc l\u2019acte de lliurament de Premis a l&#8217;Estudi Elsa Peretti-Pere Closa per part de la Fundaci\u00f3 Privada Pere Closa.<\/span> Dos estudiants de l&#8217;Institut Escola del Prat van ser premiats per la millor traject\u00f2ria acad\u00e8mica.<\/p>\n<p>Enhorabona al Jos\u00e9 Manuel Santiago Mu\u00f1oz i a l&#8217;Em\u00edlia Saavedra Echepares!<\/p>\n<p><a href=\"https:\/\/agora.xtec.cat\/iedelprat\/wp-content\/uploads\/usu210\/2024\/06\/premis-pere-closa.jpg\"><img loading=\"lazy\" decoding=\"async\" class=\"alignnone size-large wp-image-16020\" src=\"https:\/\/agora.xtec.cat\/iedelprat\/wp-content\/uploads\/usu210\/2024\/06\/premis-pere-closa-1024x1024.jpg\" alt=\"\" width=\"1024\" height=\"1024\" srcset=\"https:\/\/agora.xtec.cat\/iedelprat\/wp-content\/uploads\/usu210\/2024\/06\/premis-pere-closa-1024x1024.jpg 1024w, https:\/\/agora.xtec.cat\/iedelprat\/wp-content\/uploads\/usu210\/2024\/06\/premis-pere-closa-300x300.jpg 300w, https:\/\/agora.xtec.cat\/iedelprat\/wp-content\/uploads\/usu210\/2024\/06\/premis-pere-closa-150x150.jpg 150w, https:\/\/agora.xtec.cat\/iedelprat\/wp-content\/uploads\/usu210\/2024\/06\/premis-pere-closa-768x768.jpg 768w, https:\/\/agora.xtec.cat\/iedelprat\/wp-content\/uploads\/usu210\/2024\/06\/premis-pere-closa.jpg 1528w\" sizes=\"auto, (max-width: 1024px) 100vw, 1024px\" \/><\/a><\/p>\n<p><a href=\"https:\/\/agora.xtec.cat\/iedelprat\/wp-content\/uploads\/usu210\/2024\/06\/PHOTO-2024-06-13-09-40-10.jpg\"><img loading=\"lazy\" decoding=\"async\" class=\"alignnone size-large wp-image-16051\" src=\"https:\/\/agora.xtec.cat\/iedelprat\/wp-content\/uploads\/usu210\/2024\/06\/PHOTO-2024-06-13-09-40-10-1024x1024.jpg\" alt=\"\" width=\"1024\" height=\"1024\" srcset=\"https:\/\/agora.xtec.cat\/iedelprat\/wp-content\/uploads\/usu210\/2024\/06\/PHOTO-2024-06-13-09-40-10-1024x1024.jpg 1024w, https:\/\/agora.xtec.cat\/iedelprat\/wp-content\/uploads\/usu210\/2024\/06\/PHOTO-2024-06-13-09-40-10-300x300.jpg 300w, https:\/\/agora.xtec.cat\/iedelprat\/wp-content\/uploads\/usu210\/2024\/06\/PHOTO-2024-06-13-09-40-10-150x150.jpg 150w, https:\/\/agora.xtec.cat\/iedelprat\/wp-content\/uploads\/usu210\/2024\/06\/PHOTO-2024-06-13-09-40-10-768x768.jpg 768w, https:\/\/agora.xtec.cat\/iedelprat\/wp-content\/uploads\/usu210\/2024\/06\/PHOTO-2024-06-13-09-40-10-1536x1536.jpg 1536w, https:\/\/agora.xtec.cat\/iedelprat\/wp-content\/uploads\/usu210\/2024\/06\/PHOTO-2024-06-13-09-40-10.jpg 2048w\" sizes=\"auto, (max-width: 1024px) 100vw, 1024px\" \/><\/a><\/p>\n","protected":false},"excerpt":{"rendered":"<p>Dilluns dia 3 de juny, al Teatre Poliorama de Barcelona va tenir lloc l\u2019acte de lliurament de Premis a l&#8217;Estudi Elsa Peretti-Pere Closa per part de la Fundaci\u00f3 Privada Pere Closa. Dos estudiants de l&#8217;Institut Escola del Prat van ser premiats per la millor traject\u00f2ria&hellip;  <a href=\"https:\/\/agora.xtec.cat\/iedelprat\/general\/premis-a-lestudi-per-la-fundacio-pere-closa\/\" title=\"Read Premis a l&#8217;estudi per la fundaci\u00f3 Pere Closa\">Llegeix m\u00e9s\u00bb<\/a><\/p>\n","protected":false},"author":70,"featured_media":16051,"comment_status":"open","ping_status":"closed","sticky":false,"template":"","format":"standard","meta":{"_bbp_topic_count":0,"_bbp_reply_count":0,"_bbp_total_topic_count":0,"_bbp_total_reply_count":0,"_bbp_voice_count":0,"_bbp_anonymous_reply_count":0,"_bbp_topic_count_hidden":0,"_bbp_reply_count_hidden":0,"_bbp_forum_subforum_count":0,"footnotes":""},"categories":[1,29],"tags":[],"class_list":["post-16019","post","type-post","status-publish","format-standard","has-post-thumbnail","hentry","category-general","category-portada"],"post_mailing_queue_ids":[],"_links":{"self":[{"href":"https:\/\/agora.xtec.cat\/iedelprat\/wp-json\/wp\/v2\/posts\/16019","targetHints":{"allow":["GET"]}}],"collection":[{"href":"https:\/\/agora.xtec.cat\/iedelprat\/wp-json\/wp\/v2\/posts"}],"about":[{"href":"https:\/\/agora.xtec.cat\/iedelprat\/wp-json\/wp\/v2\/types\/post"}],"author":[{"embeddable":true,"href":"https:\/\/agora.xtec.cat\/iedelprat\/wp-json\/wp\/v2\/users\/70"}],"replies":[{"embeddable":true,"href":"https:\/\/agora.xtec.cat\/iedelprat\/wp-json\/wp\/v2\/comments?post=16019"}],"version-history":[{"count":4,"href":"https:\/\/agora.xtec.cat\/iedelprat\/wp-json\/wp\/v2\/posts\/16019\/revisions"}],"predecessor-version":[{"id":16638,"href":"https:\/\/agora.xtec.cat\/iedelprat\/wp-json\/wp\/v2\/posts\/16019\/revisions\/16638"}],"wp:featuredmedia":[{"embeddable":true,"href":"https:\/\/agora.xtec.cat\/iedelprat\/wp-json\/wp\/v2\/media\/16051"}],"wp:attachment":[{"href":"https:\/\/agora.xtec.cat\/iedelprat\/wp-json\/wp\/v2\/media?parent=16019"}],"wp:term":[{"taxonomy":"category","embeddable":true,"href":"https:\/\/agora.xtec.cat\/iedelprat\/wp-json\/wp\/v2\/categories?post=16019"},{"taxonomy":"post_tag","embeddable":true,"href":"https:\/\/agora.xtec.cat\/iedelprat\/wp-json\/wp\/v2\/tags?post=16019"}],"curies":[{"name":"wp","href":"https:\/\/api.w.org\/{rel}","templated":true}]}}