{"id":15757,"date":"2024-01-23T11:55:01","date_gmt":"2024-01-23T10:55:01","guid":{"rendered":"https:\/\/agora.xtec.cat\/iedelprat\/?p=15757"},"modified":"2024-01-23T11:55:01","modified_gmt":"2024-01-23T10:55:01","slug":"plastica-a-cinque-de-primaria","status":"publish","type":"post","link":"https:\/\/agora.xtec.cat\/iedelprat\/general\/plastica-a-cinque-de-primaria\/","title":{"rendered":"Pl\u00e0stica a cinqu\u00e8 de prim\u00e0ria!"},"content":{"rendered":"<p>L&#8217;alumnat de cinqu\u00e8 de prim\u00e0ria gaudeix fent treballs manuals a les classes de pl\u00e0stica, s&#8217;ho passen d&#8217;all\u00f2 m\u00e9s b\u00e9 i aprenen a realitzar diferents objectes creats per ells\/es.<\/p>\n<p>&nbsp;<\/p>\n<p><a href=\"https:\/\/agora.xtec.cat\/iedelprat\/wp-content\/uploads\/usu210\/2024\/01\/PHOTO-2024-01-18-19-12-30.jpg\"><img loading=\"lazy\" decoding=\"async\" class=\"alignnone  wp-image-15758\" src=\"https:\/\/agora.xtec.cat\/iedelprat\/wp-content\/uploads\/usu210\/2024\/01\/PHOTO-2024-01-18-19-12-30-768x1024.jpg\" alt=\"\" width=\"334\" height=\"446\" srcset=\"https:\/\/agora.xtec.cat\/iedelprat\/wp-content\/uploads\/usu210\/2024\/01\/PHOTO-2024-01-18-19-12-30-768x1024.jpg 768w, https:\/\/agora.xtec.cat\/iedelprat\/wp-content\/uploads\/usu210\/2024\/01\/PHOTO-2024-01-18-19-12-30-225x300.jpg 225w, https:\/\/agora.xtec.cat\/iedelprat\/wp-content\/uploads\/usu210\/2024\/01\/PHOTO-2024-01-18-19-12-30-1152x1536.jpg 1152w, https:\/\/agora.xtec.cat\/iedelprat\/wp-content\/uploads\/usu210\/2024\/01\/PHOTO-2024-01-18-19-12-30.jpg 1536w\" sizes=\"auto, (max-width: 334px) 100vw, 334px\" \/><\/a><a href=\"https:\/\/agora.xtec.cat\/iedelprat\/wp-content\/uploads\/usu210\/2024\/01\/PHOTO-2024-01-18-19-12-31.jpg\"><img loading=\"lazy\" decoding=\"async\" class=\"alignnone  wp-image-15759\" src=\"https:\/\/agora.xtec.cat\/iedelprat\/wp-content\/uploads\/usu210\/2024\/01\/PHOTO-2024-01-18-19-12-31-768x1024.jpg\" alt=\"\" width=\"334\" height=\"445\" srcset=\"https:\/\/agora.xtec.cat\/iedelprat\/wp-content\/uploads\/usu210\/2024\/01\/PHOTO-2024-01-18-19-12-31-768x1024.jpg 768w, https:\/\/agora.xtec.cat\/iedelprat\/wp-content\/uploads\/usu210\/2024\/01\/PHOTO-2024-01-18-19-12-31-225x300.jpg 225w, https:\/\/agora.xtec.cat\/iedelprat\/wp-content\/uploads\/usu210\/2024\/01\/PHOTO-2024-01-18-19-12-31-1152x1536.jpg 1152w, https:\/\/agora.xtec.cat\/iedelprat\/wp-content\/uploads\/usu210\/2024\/01\/PHOTO-2024-01-18-19-12-31.jpg 1536w\" sizes=\"auto, (max-width: 334px) 100vw, 334px\" \/><\/a><\/p>\n<p>&nbsp;<\/p>\n","protected":false},"excerpt":{"rendered":"<p>L&#8217;alumnat de cinqu\u00e8 de prim\u00e0ria gaudeix fent treballs manuals a les classes de pl\u00e0stica, s&#8217;ho passen d&#8217;all\u00f2 m\u00e9s b\u00e9 i aprenen a realitzar diferents objectes creats per ells\/es.<br \/>\n&nbsp;<br \/>\n<a href=\"https:\/\/agora.xtec.cat\/iedelprat\/wp-content\/uploads\/usu210\/2024\/01\/PHOTO-2024-01-18-19-12-30.jpg\"><\/a><a href=\"https:\/\/agora.xtec.cat\/iedelprat\/wp-content\/uploads\/usu210\/2024\/01\/PHOTO-2024-01-18-19-12-31.jpg\"><\/a><br \/>\n&nbsp;<\/p>\n","protected":false},"author":70,"featured_media":15758,"comment_status":"open","ping_status":"closed","sticky":false,"template":"","format":"standard","meta":{"_bbp_topic_count":0,"_bbp_reply_count":0,"_bbp_total_topic_count":0,"_bbp_total_reply_count":0,"_bbp_voice_count":0,"_bbp_anonymous_reply_count":0,"_bbp_topic_count_hidden":0,"_bbp_reply_count_hidden":0,"_bbp_forum_subforum_count":0,"footnotes":""},"categories":[1,29,8],"tags":[],"class_list":["post-15757","post","type-post","status-publish","format-standard","has-post-thumbnail","hentry","category-general","category-portada","category-primaria"],"post_mailing_queue_ids":[],"_links":{"self":[{"href":"https:\/\/agora.xtec.cat\/iedelprat\/wp-json\/wp\/v2\/posts\/15757","targetHints":{"allow":["GET"]}}],"collection":[{"href":"https:\/\/agora.xtec.cat\/iedelprat\/wp-json\/wp\/v2\/posts"}],"about":[{"href":"https:\/\/agora.xtec.cat\/iedelprat\/wp-json\/wp\/v2\/types\/post"}],"author":[{"embeddable":true,"href":"https:\/\/agora.xtec.cat\/iedelprat\/wp-json\/wp\/v2\/users\/70"}],"replies":[{"embeddable":true,"href":"https:\/\/agora.xtec.cat\/iedelprat\/wp-json\/wp\/v2\/comments?post=15757"}],"version-history":[{"count":1,"href":"https:\/\/agora.xtec.cat\/iedelprat\/wp-json\/wp\/v2\/posts\/15757\/revisions"}],"predecessor-version":[{"id":15760,"href":"https:\/\/agora.xtec.cat\/iedelprat\/wp-json\/wp\/v2\/posts\/15757\/revisions\/15760"}],"wp:featuredmedia":[{"embeddable":true,"href":"https:\/\/agora.xtec.cat\/iedelprat\/wp-json\/wp\/v2\/media\/15758"}],"wp:attachment":[{"href":"https:\/\/agora.xtec.cat\/iedelprat\/wp-json\/wp\/v2\/media?parent=15757"}],"wp:term":[{"taxonomy":"category","embeddable":true,"href":"https:\/\/agora.xtec.cat\/iedelprat\/wp-json\/wp\/v2\/categories?post=15757"},{"taxonomy":"post_tag","embeddable":true,"href":"https:\/\/agora.xtec.cat\/iedelprat\/wp-json\/wp\/v2\/tags?post=15757"}],"curies":[{"name":"wp","href":"https:\/\/api.w.org\/{rel}","templated":true}]}}