{"id":15696,"date":"2023-12-14T12:16:19","date_gmt":"2023-12-14T11:16:19","guid":{"rendered":"https:\/\/agora.xtec.cat\/iedelprat\/?p=15696"},"modified":"2023-12-14T12:16:19","modified_gmt":"2023-12-14T11:16:19","slug":"carmen-la-nostra-cuinera","status":"publish","type":"post","link":"https:\/\/agora.xtec.cat\/iedelprat\/general\/carmen-la-nostra-cuinera\/","title":{"rendered":"Carmen, la nostra cuinera!!"},"content":{"rendered":"<p>Fa uns dies vam fer un comiat molt especial, la Carmen, la cuinera del centre des de fa 37 anys. Molt estimada x tothom, professorat, alumnat i fam\u00edlies. Moltes gr\u00e0cies Carmen per cuidar-nos tant tots aquest anys. Et desitgem molta sort en aquesta nova etapa de jubilaci\u00f3.<\/p>\n<p><a href=\"https:\/\/agora.xtec.cat\/iedelprat\/wp-content\/uploads\/usu210\/2023\/12\/PHOTO-2023-12-12-13-38-16.jpg\"><img loading=\"lazy\" decoding=\"async\" class=\"size-full wp-image-15697 aligncenter\" src=\"https:\/\/agora.xtec.cat\/iedelprat\/wp-content\/uploads\/usu210\/2023\/12\/PHOTO-2023-12-12-13-38-16.jpg\" alt=\"\" width=\"640\" height=\"480\" srcset=\"https:\/\/agora.xtec.cat\/iedelprat\/wp-content\/uploads\/usu210\/2023\/12\/PHOTO-2023-12-12-13-38-16.jpg 640w, https:\/\/agora.xtec.cat\/iedelprat\/wp-content\/uploads\/usu210\/2023\/12\/PHOTO-2023-12-12-13-38-16-300x225.jpg 300w, https:\/\/agora.xtec.cat\/iedelprat\/wp-content\/uploads\/usu210\/2023\/12\/PHOTO-2023-12-12-13-38-16-200x150.jpg 200w\" sizes=\"auto, (max-width: 640px) 100vw, 640px\" \/><\/a> \u00a0 \u00a0\u00a0 \u00a0 \u00a0 \u00a0\u00a0 <a href=\"https:\/\/agora.xtec.cat\/iedelprat\/wp-content\/uploads\/usu210\/2023\/12\/PHOTO-2023-12-12-13-38-17.jpg\"><img loading=\"lazy\" decoding=\"async\" class=\"wp-image-15698 alignnone\" src=\"https:\/\/agora.xtec.cat\/iedelprat\/wp-content\/uploads\/usu210\/2023\/12\/PHOTO-2023-12-12-13-38-17-1024x768.jpg\" alt=\"\" width=\"314\" height=\"236\" srcset=\"https:\/\/agora.xtec.cat\/iedelprat\/wp-content\/uploads\/usu210\/2023\/12\/PHOTO-2023-12-12-13-38-17-1024x768.jpg 1024w, https:\/\/agora.xtec.cat\/iedelprat\/wp-content\/uploads\/usu210\/2023\/12\/PHOTO-2023-12-12-13-38-17-300x225.jpg 300w, https:\/\/agora.xtec.cat\/iedelprat\/wp-content\/uploads\/usu210\/2023\/12\/PHOTO-2023-12-12-13-38-17-768x576.jpg 768w, https:\/\/agora.xtec.cat\/iedelprat\/wp-content\/uploads\/usu210\/2023\/12\/PHOTO-2023-12-12-13-38-17-200x150.jpg 200w, https:\/\/agora.xtec.cat\/iedelprat\/wp-content\/uploads\/usu210\/2023\/12\/PHOTO-2023-12-12-13-38-17.jpg 1200w\" sizes=\"auto, (max-width: 314px) 100vw, 314px\" \/> <\/a><a href=\"https:\/\/agora.xtec.cat\/iedelprat\/wp-content\/uploads\/usu210\/2023\/12\/PHOTO-2023-12-12-13-38-16-1.jpg\"><img loading=\"lazy\" decoding=\"async\" class=\"alignnone  wp-image-15699\" src=\"https:\/\/agora.xtec.cat\/iedelprat\/wp-content\/uploads\/usu210\/2023\/12\/PHOTO-2023-12-12-13-38-16-1-1024x768.jpg\" alt=\"\" width=\"319\" height=\"239\" srcset=\"https:\/\/agora.xtec.cat\/iedelprat\/wp-content\/uploads\/usu210\/2023\/12\/PHOTO-2023-12-12-13-38-16-1-1024x768.jpg 1024w, https:\/\/agora.xtec.cat\/iedelprat\/wp-content\/uploads\/usu210\/2023\/12\/PHOTO-2023-12-12-13-38-16-1-300x225.jpg 300w, https:\/\/agora.xtec.cat\/iedelprat\/wp-content\/uploads\/usu210\/2023\/12\/PHOTO-2023-12-12-13-38-16-1-768x576.jpg 768w, https:\/\/agora.xtec.cat\/iedelprat\/wp-content\/uploads\/usu210\/2023\/12\/PHOTO-2023-12-12-13-38-16-1-200x150.jpg 200w, https:\/\/agora.xtec.cat\/iedelprat\/wp-content\/uploads\/usu210\/2023\/12\/PHOTO-2023-12-12-13-38-16-1.jpg 1200w\" sizes=\"auto, (max-width: 319px) 100vw, 319px\" \/><\/a><\/p>\n","protected":false},"excerpt":{"rendered":"<p>Fa uns dies vam fer un comiat molt especial, la Carmen, la cuinera del centre des de fa 37 anys. Molt estimada x tothom, professorat, alumnat i fam\u00edlies. Moltes gr\u00e0cies Carmen per cuidar-nos tant tots aquest anys. Et desitgem molta sort en aquesta nova etapa&hellip;  <a href=\"https:\/\/agora.xtec.cat\/iedelprat\/general\/carmen-la-nostra-cuinera\/\" title=\"Read Carmen, la nostra cuinera!!\">Llegeix m\u00e9s\u00bb<\/a><\/p>\n","protected":false},"author":70,"featured_media":15697,"comment_status":"open","ping_status":"closed","sticky":false,"template":"","format":"standard","meta":{"_bbp_topic_count":0,"_bbp_reply_count":0,"_bbp_total_topic_count":0,"_bbp_total_reply_count":0,"_bbp_voice_count":0,"_bbp_anonymous_reply_count":0,"_bbp_topic_count_hidden":0,"_bbp_reply_count_hidden":0,"_bbp_forum_subforum_count":0,"footnotes":""},"categories":[1,29],"tags":[],"class_list":["post-15696","post","type-post","status-publish","format-standard","has-post-thumbnail","hentry","category-general","category-portada"],"post_mailing_queue_ids":[],"_links":{"self":[{"href":"https:\/\/agora.xtec.cat\/iedelprat\/wp-json\/wp\/v2\/posts\/15696","targetHints":{"allow":["GET"]}}],"collection":[{"href":"https:\/\/agora.xtec.cat\/iedelprat\/wp-json\/wp\/v2\/posts"}],"about":[{"href":"https:\/\/agora.xtec.cat\/iedelprat\/wp-json\/wp\/v2\/types\/post"}],"author":[{"embeddable":true,"href":"https:\/\/agora.xtec.cat\/iedelprat\/wp-json\/wp\/v2\/users\/70"}],"replies":[{"embeddable":true,"href":"https:\/\/agora.xtec.cat\/iedelprat\/wp-json\/wp\/v2\/comments?post=15696"}],"version-history":[{"count":1,"href":"https:\/\/agora.xtec.cat\/iedelprat\/wp-json\/wp\/v2\/posts\/15696\/revisions"}],"predecessor-version":[{"id":15700,"href":"https:\/\/agora.xtec.cat\/iedelprat\/wp-json\/wp\/v2\/posts\/15696\/revisions\/15700"}],"wp:featuredmedia":[{"embeddable":true,"href":"https:\/\/agora.xtec.cat\/iedelprat\/wp-json\/wp\/v2\/media\/15697"}],"wp:attachment":[{"href":"https:\/\/agora.xtec.cat\/iedelprat\/wp-json\/wp\/v2\/media?parent=15696"}],"wp:term":[{"taxonomy":"category","embeddable":true,"href":"https:\/\/agora.xtec.cat\/iedelprat\/wp-json\/wp\/v2\/categories?post=15696"},{"taxonomy":"post_tag","embeddable":true,"href":"https:\/\/agora.xtec.cat\/iedelprat\/wp-json\/wp\/v2\/tags?post=15696"}],"curies":[{"name":"wp","href":"https:\/\/api.w.org\/{rel}","templated":true}]}}