{"id":15458,"date":"2023-06-13T12:17:17","date_gmt":"2023-06-13T10:17:17","guid":{"rendered":"https:\/\/agora.xtec.cat\/iedelprat\/?p=15458"},"modified":"2023-06-13T12:17:17","modified_gmt":"2023-06-13T10:17:17","slug":"projecte-amb-les-plantes-aromatiques","status":"publish","type":"post","link":"https:\/\/agora.xtec.cat\/iedelprat\/general\/projecte-amb-les-plantes-aromatiques\/","title":{"rendered":"Projecte amb les plantes arom\u00e0tiques"},"content":{"rendered":"<p style=\"text-align: left;\">Durant aquest trimestre hem estat treballant el projecte de les plantes arom\u00e0tiques. Hem apr\u00e8s caracter\u00edstiques i cura de les plantes. Hem fet experiments i hem treballat usos i productes que es poden fer amb les plantes arom\u00e0tiques. Avui hem presentat a les fam\u00edlies el nostre projecte!<\/p>\n<p style=\"text-align: left;\"><a href=\"https:\/\/agora.xtec.cat\/iedelprat\/wp-content\/uploads\/usu210\/2023\/06\/aroa.jpg\"><img loading=\"lazy\" decoding=\"async\" class=\"alignnone  wp-image-15459\" src=\"https:\/\/agora.xtec.cat\/iedelprat\/wp-content\/uploads\/usu210\/2023\/06\/aroa.jpg\" alt=\"\" width=\"537\" height=\"403\" srcset=\"https:\/\/agora.xtec.cat\/iedelprat\/wp-content\/uploads\/usu210\/2023\/06\/aroa.jpg 1024w, https:\/\/agora.xtec.cat\/iedelprat\/wp-content\/uploads\/usu210\/2023\/06\/aroa-300x225.jpg 300w, https:\/\/agora.xtec.cat\/iedelprat\/wp-content\/uploads\/usu210\/2023\/06\/aroa-768x576.jpg 768w, https:\/\/agora.xtec.cat\/iedelprat\/wp-content\/uploads\/usu210\/2023\/06\/aroa-200x150.jpg 200w\" sizes=\"auto, (max-width: 537px) 100vw, 537px\" \/><\/a> <a href=\"https:\/\/agora.xtec.cat\/iedelprat\/wp-content\/uploads\/usu210\/2023\/06\/aroa-2.jpg\"><img loading=\"lazy\" decoding=\"async\" class=\"alignnone  wp-image-15460\" src=\"https:\/\/agora.xtec.cat\/iedelprat\/wp-content\/uploads\/usu210\/2023\/06\/aroa-2.jpg\" alt=\"\" width=\"538\" height=\"404\" srcset=\"https:\/\/agora.xtec.cat\/iedelprat\/wp-content\/uploads\/usu210\/2023\/06\/aroa-2.jpg 1024w, https:\/\/agora.xtec.cat\/iedelprat\/wp-content\/uploads\/usu210\/2023\/06\/aroa-2-300x225.jpg 300w, https:\/\/agora.xtec.cat\/iedelprat\/wp-content\/uploads\/usu210\/2023\/06\/aroa-2-768x576.jpg 768w, https:\/\/agora.xtec.cat\/iedelprat\/wp-content\/uploads\/usu210\/2023\/06\/aroa-2-200x150.jpg 200w\" sizes=\"auto, (max-width: 538px) 100vw, 538px\" \/><\/a><\/p>\n","protected":false},"excerpt":{"rendered":"<p>Durant aquest trimestre hem estat treballant el projecte de les plantes arom\u00e0tiques. Hem apr\u00e8s caracter\u00edstiques i cura de les plantes. Hem fet experiments i hem treballat usos i productes que es poden fer amb les plantes arom\u00e0tiques. Avui hem presentat a les fam\u00edlies el nostre&hellip;  <a href=\"https:\/\/agora.xtec.cat\/iedelprat\/general\/projecte-amb-les-plantes-aromatiques\/\" title=\"Read Projecte amb les plantes arom\u00e0tiques\">Llegeix m\u00e9s\u00bb<\/a><\/p>\n","protected":false},"author":70,"featured_media":15459,"comment_status":"open","ping_status":"closed","sticky":false,"template":"","format":"standard","meta":{"_bbp_topic_count":0,"_bbp_reply_count":0,"_bbp_total_topic_count":0,"_bbp_total_reply_count":0,"_bbp_voice_count":0,"_bbp_anonymous_reply_count":0,"_bbp_topic_count_hidden":0,"_bbp_reply_count_hidden":0,"_bbp_forum_subforum_count":0,"footnotes":""},"categories":[1,29,8],"tags":[],"class_list":["post-15458","post","type-post","status-publish","format-standard","has-post-thumbnail","hentry","category-general","category-portada","category-primaria"],"post_mailing_queue_ids":[],"_links":{"self":[{"href":"https:\/\/agora.xtec.cat\/iedelprat\/wp-json\/wp\/v2\/posts\/15458","targetHints":{"allow":["GET"]}}],"collection":[{"href":"https:\/\/agora.xtec.cat\/iedelprat\/wp-json\/wp\/v2\/posts"}],"about":[{"href":"https:\/\/agora.xtec.cat\/iedelprat\/wp-json\/wp\/v2\/types\/post"}],"author":[{"embeddable":true,"href":"https:\/\/agora.xtec.cat\/iedelprat\/wp-json\/wp\/v2\/users\/70"}],"replies":[{"embeddable":true,"href":"https:\/\/agora.xtec.cat\/iedelprat\/wp-json\/wp\/v2\/comments?post=15458"}],"version-history":[{"count":1,"href":"https:\/\/agora.xtec.cat\/iedelprat\/wp-json\/wp\/v2\/posts\/15458\/revisions"}],"predecessor-version":[{"id":15461,"href":"https:\/\/agora.xtec.cat\/iedelprat\/wp-json\/wp\/v2\/posts\/15458\/revisions\/15461"}],"wp:featuredmedia":[{"embeddable":true,"href":"https:\/\/agora.xtec.cat\/iedelprat\/wp-json\/wp\/v2\/media\/15459"}],"wp:attachment":[{"href":"https:\/\/agora.xtec.cat\/iedelprat\/wp-json\/wp\/v2\/media?parent=15458"}],"wp:term":[{"taxonomy":"category","embeddable":true,"href":"https:\/\/agora.xtec.cat\/iedelprat\/wp-json\/wp\/v2\/categories?post=15458"},{"taxonomy":"post_tag","embeddable":true,"href":"https:\/\/agora.xtec.cat\/iedelprat\/wp-json\/wp\/v2\/tags?post=15458"}],"curies":[{"name":"wp","href":"https:\/\/api.w.org\/{rel}","templated":true}]}}