{"id":14685,"date":"2022-06-08T22:21:52","date_gmt":"2022-06-08T20:21:52","guid":{"rendered":"https:\/\/agora.xtec.cat\/iedelprat\/?p=14685"},"modified":"2022-06-13T10:54:18","modified_gmt":"2022-06-13T08:54:18","slug":"excursio-al-teatre","status":"publish","type":"post","link":"https:\/\/agora.xtec.cat\/iedelprat\/primaria\/excursio-al-teatre\/","title":{"rendered":"Excursi\u00f3 al teatre!"},"content":{"rendered":"<p style=\"text-align: left;\">Els nens i nenes de\u00a0<span class=\"hiddenSpellError\">p3<\/span>&#8211;<span class=\"hiddenSpellError\">p4<\/span>\u00a0i 1r vam anar a veure la representaci\u00f3 que van fer sobre el projecte Educaci\u00f3 per a una mobilitat segura. Ens ho vam passar molt b\u00e9, vam pujar al metro i a m\u00e9s a m\u00e9s vam jugar una estona al parc. Us deixem un v\u00eddeo perqu\u00e8 gaudiu del nostre dia!!<\/p>\n<p style=\"text-align: center;\"><iframe loading=\"lazy\" title=\"YouTube video player\" src=\"https:\/\/www.youtube.com\/embed\/vFC67KuiUok\" width=\"560\" height=\"315\" frameborder=\"0\" allowfullscreen=\"allowfullscreen\"><\/iframe><\/p>\n","protected":false},"excerpt":{"rendered":"<p>Els nens i nenes de\u00a0p3&#8211;p4\u00a0i 1r vam anar a veure la representaci\u00f3 que van fer sobre el projecte Educaci\u00f3 per a una mobilitat segura. Ens ho vam passar molt b\u00e9, vam pujar al metro i a m\u00e9s a m\u00e9s vam jugar una estona al parc.&hellip;  <a href=\"https:\/\/agora.xtec.cat\/iedelprat\/primaria\/excursio-al-teatre\/\" title=\"Read Excursi\u00f3 al teatre!\">Llegeix m\u00e9s\u00bb<\/a><\/p>\n","protected":false},"author":58,"featured_media":14686,"comment_status":"open","ping_status":"closed","sticky":false,"template":"","format":"standard","meta":{"_bbp_topic_count":0,"_bbp_reply_count":0,"_bbp_total_topic_count":0,"_bbp_total_reply_count":0,"_bbp_voice_count":0,"_bbp_anonymous_reply_count":0,"_bbp_topic_count_hidden":0,"_bbp_reply_count_hidden":0,"_bbp_forum_subforum_count":0,"footnotes":""},"categories":[62,63,60,29,8,65],"tags":[],"class_list":["post-14685","post","type-post","status-publish","format-standard","has-post-thumbnail","hentry","category-i3","category-i4","category-infantil","category-portada","category-primaria","category-primer"],"post_mailing_queue_ids":[],"_links":{"self":[{"href":"https:\/\/agora.xtec.cat\/iedelprat\/wp-json\/wp\/v2\/posts\/14685","targetHints":{"allow":["GET"]}}],"collection":[{"href":"https:\/\/agora.xtec.cat\/iedelprat\/wp-json\/wp\/v2\/posts"}],"about":[{"href":"https:\/\/agora.xtec.cat\/iedelprat\/wp-json\/wp\/v2\/types\/post"}],"author":[{"embeddable":true,"href":"https:\/\/agora.xtec.cat\/iedelprat\/wp-json\/wp\/v2\/users\/58"}],"replies":[{"embeddable":true,"href":"https:\/\/agora.xtec.cat\/iedelprat\/wp-json\/wp\/v2\/comments?post=14685"}],"version-history":[{"count":2,"href":"https:\/\/agora.xtec.cat\/iedelprat\/wp-json\/wp\/v2\/posts\/14685\/revisions"}],"predecessor-version":[{"id":14691,"href":"https:\/\/agora.xtec.cat\/iedelprat\/wp-json\/wp\/v2\/posts\/14685\/revisions\/14691"}],"wp:featuredmedia":[{"embeddable":true,"href":"https:\/\/agora.xtec.cat\/iedelprat\/wp-json\/wp\/v2\/media\/14686"}],"wp:attachment":[{"href":"https:\/\/agora.xtec.cat\/iedelprat\/wp-json\/wp\/v2\/media?parent=14685"}],"wp:term":[{"taxonomy":"category","embeddable":true,"href":"https:\/\/agora.xtec.cat\/iedelprat\/wp-json\/wp\/v2\/categories?post=14685"},{"taxonomy":"post_tag","embeddable":true,"href":"https:\/\/agora.xtec.cat\/iedelprat\/wp-json\/wp\/v2\/tags?post=14685"}],"curies":[{"name":"wp","href":"https:\/\/api.w.org\/{rel}","templated":true}]}}