{"id":13703,"date":"2021-06-14T13:02:09","date_gmt":"2021-06-14T11:02:09","guid":{"rendered":"http:\/\/agora.xtec.cat\/iedelprat\/?p=13703"},"modified":"2021-07-01T13:49:09","modified_gmt":"2021-07-01T11:49:09","slug":"el-cicle-vital-de-les-plantes","status":"publish","type":"post","link":"https:\/\/agora.xtec.cat\/iedelprat\/general\/el-cicle-vital-de-les-plantes\/","title":{"rendered":"El cicle vital de les plantes"},"content":{"rendered":"<p>Amb els nens i nenes de 1r hem estat treballant el cicle vital de les plantes. Fa un parell de setmanes vam decidir plantar llenties, vam parlar sobre all\u00f2 que necessiten les plantes per cr\u00e9ixer: aigua, llum, terra&#8230; I aquestes setmanes hem vigilat perqu\u00e8 a les plantes no els hi falti res.<\/p>\n<p>Han estat tots molt motivats, cada mat\u00ed el primer que feien era mirar com estava la seva planta. Ens ho hem passat d&#8217;all\u00f2 m\u00e9s b\u00e9 i hem apr\u00e8s molt.<\/p>\n<p>Aqu\u00ed us deixem algunes fotos perqu\u00e8 veieu com han crescut.<\/p>\n<p><a href=\"https:\/\/agora.xtec.cat\/iedelprat\/wp-content\/uploads\/usu210\/2021\/06\/plantes-1-bo.jpg\"><img loading=\"lazy\" decoding=\"async\" class=\"alignnone wp-image-13704\" src=\"https:\/\/agora.xtec.cat\/iedelprat\/wp-content\/uploads\/usu210\/2021\/06\/plantes-1-bo.jpg\" alt=\"\" width=\"352\" height=\"263\" srcset=\"https:\/\/agora.xtec.cat\/iedelprat\/wp-content\/uploads\/usu210\/2021\/06\/plantes-1-bo.jpg 800w, https:\/\/agora.xtec.cat\/iedelprat\/wp-content\/uploads\/usu210\/2021\/06\/plantes-1-bo-300x225.jpg 300w, https:\/\/agora.xtec.cat\/iedelprat\/wp-content\/uploads\/usu210\/2021\/06\/plantes-1-bo-768x575.jpg 768w, https:\/\/agora.xtec.cat\/iedelprat\/wp-content\/uploads\/usu210\/2021\/06\/plantes-1-bo-200x150.jpg 200w\" sizes=\"auto, (max-width: 352px) 100vw, 352px\" \/><\/a> <a href=\"https:\/\/agora.xtec.cat\/iedelprat\/wp-content\/uploads\/usu210\/2021\/06\/plantes-2-bo.jpg\"><img loading=\"lazy\" decoding=\"async\" class=\"alignnone wp-image-13705\" src=\"https:\/\/agora.xtec.cat\/iedelprat\/wp-content\/uploads\/usu210\/2021\/06\/plantes-2-bo.jpg\" alt=\"\" width=\"351\" height=\"263\" srcset=\"https:\/\/agora.xtec.cat\/iedelprat\/wp-content\/uploads\/usu210\/2021\/06\/plantes-2-bo.jpg 800w, https:\/\/agora.xtec.cat\/iedelprat\/wp-content\/uploads\/usu210\/2021\/06\/plantes-2-bo-300x225.jpg 300w, https:\/\/agora.xtec.cat\/iedelprat\/wp-content\/uploads\/usu210\/2021\/06\/plantes-2-bo-768x575.jpg 768w, https:\/\/agora.xtec.cat\/iedelprat\/wp-content\/uploads\/usu210\/2021\/06\/plantes-2-bo-200x150.jpg 200w\" sizes=\"auto, (max-width: 351px) 100vw, 351px\" \/><\/a> <a href=\"https:\/\/agora.xtec.cat\/iedelprat\/wp-content\/uploads\/usu210\/2021\/06\/plantes-3-bo.jpg\"><img loading=\"lazy\" decoding=\"async\" class=\"alignnone wp-image-13706\" src=\"https:\/\/agora.xtec.cat\/iedelprat\/wp-content\/uploads\/usu210\/2021\/06\/plantes-3-bo.jpg\" alt=\"\" width=\"351\" height=\"263\" srcset=\"https:\/\/agora.xtec.cat\/iedelprat\/wp-content\/uploads\/usu210\/2021\/06\/plantes-3-bo.jpg 800w, https:\/\/agora.xtec.cat\/iedelprat\/wp-content\/uploads\/usu210\/2021\/06\/plantes-3-bo-300x225.jpg 300w, https:\/\/agora.xtec.cat\/iedelprat\/wp-content\/uploads\/usu210\/2021\/06\/plantes-3-bo-768x575.jpg 768w, https:\/\/agora.xtec.cat\/iedelprat\/wp-content\/uploads\/usu210\/2021\/06\/plantes-3-bo-200x150.jpg 200w\" sizes=\"auto, (max-width: 351px) 100vw, 351px\" \/><\/a> <a href=\"https:\/\/agora.xtec.cat\/iedelprat\/wp-content\/uploads\/usu210\/2021\/06\/plantes-4-bo.jpg\"><img loading=\"lazy\" decoding=\"async\" class=\"alignnone wp-image-13707\" src=\"https:\/\/agora.xtec.cat\/iedelprat\/wp-content\/uploads\/usu210\/2021\/06\/plantes-4-bo.jpg\" alt=\"\" width=\"350\" height=\"262\" srcset=\"https:\/\/agora.xtec.cat\/iedelprat\/wp-content\/uploads\/usu210\/2021\/06\/plantes-4-bo.jpg 800w, https:\/\/agora.xtec.cat\/iedelprat\/wp-content\/uploads\/usu210\/2021\/06\/plantes-4-bo-300x225.jpg 300w, https:\/\/agora.xtec.cat\/iedelprat\/wp-content\/uploads\/usu210\/2021\/06\/plantes-4-bo-768x575.jpg 768w, https:\/\/agora.xtec.cat\/iedelprat\/wp-content\/uploads\/usu210\/2021\/06\/plantes-4-bo-200x150.jpg 200w\" sizes=\"auto, (max-width: 350px) 100vw, 350px\" \/><\/a><\/p>\n","protected":false},"excerpt":{"rendered":"<p>Els nens i nenes de 1r treballem el cicle vital de les plantes.&hellip;  <a href=\"https:\/\/agora.xtec.cat\/iedelprat\/general\/el-cicle-vital-de-les-plantes\/\" title=\"Read El cicle vital de les plantes\">Llegeix m\u00e9s\u00bb<\/a><\/p>\n","protected":false},"author":57,"featured_media":13706,"comment_status":"open","ping_status":"closed","sticky":false,"template":"","format":"standard","meta":{"_bbp_topic_count":0,"_bbp_reply_count":0,"_bbp_total_topic_count":0,"_bbp_total_reply_count":0,"_bbp_voice_count":0,"_bbp_anonymous_reply_count":0,"_bbp_topic_count_hidden":0,"_bbp_reply_count_hidden":0,"_bbp_forum_subforum_count":0,"footnotes":""},"categories":[1,29,65],"tags":[243,242,244,241],"class_list":["post-13703","post","type-post","status-publish","format-standard","has-post-thumbnail","hentry","category-general","category-portada","category-primer","tag-cicle-de-les-plantes","tag-medi","tag-primaria","tag-primer"],"post_mailing_queue_ids":[],"_links":{"self":[{"href":"https:\/\/agora.xtec.cat\/iedelprat\/wp-json\/wp\/v2\/posts\/13703","targetHints":{"allow":["GET"]}}],"collection":[{"href":"https:\/\/agora.xtec.cat\/iedelprat\/wp-json\/wp\/v2\/posts"}],"about":[{"href":"https:\/\/agora.xtec.cat\/iedelprat\/wp-json\/wp\/v2\/types\/post"}],"author":[{"embeddable":true,"href":"https:\/\/agora.xtec.cat\/iedelprat\/wp-json\/wp\/v2\/users\/57"}],"replies":[{"embeddable":true,"href":"https:\/\/agora.xtec.cat\/iedelprat\/wp-json\/wp\/v2\/comments?post=13703"}],"version-history":[{"count":1,"href":"https:\/\/agora.xtec.cat\/iedelprat\/wp-json\/wp\/v2\/posts\/13703\/revisions"}],"predecessor-version":[{"id":13708,"href":"https:\/\/agora.xtec.cat\/iedelprat\/wp-json\/wp\/v2\/posts\/13703\/revisions\/13708"}],"wp:featuredmedia":[{"embeddable":true,"href":"https:\/\/agora.xtec.cat\/iedelprat\/wp-json\/wp\/v2\/media\/13706"}],"wp:attachment":[{"href":"https:\/\/agora.xtec.cat\/iedelprat\/wp-json\/wp\/v2\/media?parent=13703"}],"wp:term":[{"taxonomy":"category","embeddable":true,"href":"https:\/\/agora.xtec.cat\/iedelprat\/wp-json\/wp\/v2\/categories?post=13703"},{"taxonomy":"post_tag","embeddable":true,"href":"https:\/\/agora.xtec.cat\/iedelprat\/wp-json\/wp\/v2\/tags?post=13703"}],"curies":[{"name":"wp","href":"https:\/\/api.w.org\/{rel}","templated":true}]}}