{"id":13473,"date":"2021-04-06T13:11:46","date_gmt":"2021-04-06T11:11:46","guid":{"rendered":"http:\/\/agora.xtec.cat\/iedelprat\/?p=13473"},"modified":"2021-04-07T14:16:38","modified_gmt":"2021-04-07T12:16:38","slug":"camins-vius-activitat-de-dansa","status":"publish","type":"post","link":"https:\/\/agora.xtec.cat\/iedelprat\/portada\/camins-vius-activitat-de-dansa\/","title":{"rendered":"Camins Vius: Activitat de dansa"},"content":{"rendered":"<p style=\"text-align: center;\"><strong>Camins vius: Activitat de dansa\u00a0<\/strong><\/p>\n<p>Els grups de 2n i 3r de prim\u00e0ria van realitzar el passat 24 de mar\u00e7 l&#8217;activitat de dansa &#8220;Camins Vius&#8221;. A partir de les m\u00fasiques proposades i d&#8217;un llibre per a cada alumne, van poder experimentar les diferents posibilitats creatives que ens ofereix la lectura com a veh\u00edcle per fomentar la imaginaci\u00f3.<\/p>\n<p><a href=\"https:\/\/agora.xtec.cat\/iedelprat\/wp-content\/uploads\/usu210\/2021\/04\/WhatsApp-Image-2021-04-06-at-10.34.13.jpeg\"><br \/>\n<\/a><a href=\"https:\/\/agora.xtec.cat\/iedelprat\/wp-content\/uploads\/usu210\/2021\/04\/WhatsApp-Image-2021-04-06-at-10.34.13.jpeg\"><img loading=\"lazy\" decoding=\"async\" class=\"alignleft wp-image-13475\" src=\"https:\/\/agora.xtec.cat\/iedelprat\/wp-content\/uploads\/usu210\/2021\/04\/WhatsApp-Image-2021-04-06-at-10.34.13-300x225.jpeg\" alt=\"\" width=\"220\" height=\"165\" srcset=\"https:\/\/agora.xtec.cat\/iedelprat\/wp-content\/uploads\/usu210\/2021\/04\/WhatsApp-Image-2021-04-06-at-10.34.13-300x225.jpeg 300w, https:\/\/agora.xtec.cat\/iedelprat\/wp-content\/uploads\/usu210\/2021\/04\/WhatsApp-Image-2021-04-06-at-10.34.13-768x576.jpeg 768w, https:\/\/agora.xtec.cat\/iedelprat\/wp-content\/uploads\/usu210\/2021\/04\/WhatsApp-Image-2021-04-06-at-10.34.13-1024x768.jpeg 1024w, https:\/\/agora.xtec.cat\/iedelprat\/wp-content\/uploads\/usu210\/2021\/04\/WhatsApp-Image-2021-04-06-at-10.34.13-200x150.jpeg 200w, https:\/\/agora.xtec.cat\/iedelprat\/wp-content\/uploads\/usu210\/2021\/04\/WhatsApp-Image-2021-04-06-at-10.34.13.jpeg 1600w\" sizes=\"auto, (max-width: 220px) 100vw, 220px\" \/><\/a><a href=\"https:\/\/agora.xtec.cat\/iedelprat\/wp-content\/uploads\/usu210\/2021\/04\/WhatsApp-Image-2021-04-06-at-10.33.21-3.jpeg\"><img loading=\"lazy\" decoding=\"async\" class=\"aligncenter wp-image-13474\" src=\"https:\/\/agora.xtec.cat\/iedelprat\/wp-content\/uploads\/usu210\/2021\/04\/WhatsApp-Image-2021-04-06-at-10.33.21-3-300x225.jpeg\" alt=\"\" width=\"220\" height=\"165\" srcset=\"https:\/\/agora.xtec.cat\/iedelprat\/wp-content\/uploads\/usu210\/2021\/04\/WhatsApp-Image-2021-04-06-at-10.33.21-3-300x225.jpeg 300w, https:\/\/agora.xtec.cat\/iedelprat\/wp-content\/uploads\/usu210\/2021\/04\/WhatsApp-Image-2021-04-06-at-10.33.21-3-768x576.jpeg 768w, https:\/\/agora.xtec.cat\/iedelprat\/wp-content\/uploads\/usu210\/2021\/04\/WhatsApp-Image-2021-04-06-at-10.33.21-3-1024x768.jpeg 1024w, https:\/\/agora.xtec.cat\/iedelprat\/wp-content\/uploads\/usu210\/2021\/04\/WhatsApp-Image-2021-04-06-at-10.33.21-3-200x150.jpeg 200w, https:\/\/agora.xtec.cat\/iedelprat\/wp-content\/uploads\/usu210\/2021\/04\/WhatsApp-Image-2021-04-06-at-10.33.21-3.jpeg 1600w\" sizes=\"auto, (max-width: 220px) 100vw, 220px\" \/><\/a><\/p>\n","protected":false},"excerpt":{"rendered":"<p>Camins vius: Activitat de dansa\u00a0<br \/>\nEls grups de 2n i 3r de prim\u00e0ria van realitzar el passat 24 de mar\u00e7 l&#8217;activitat de dansa &#8220;Camins Vius&#8221;. A partir de les m\u00fasiques proposades i d&#8217;un llibre per a cada alumne, van poder experimentar les diferents posibilitats creatives que&hellip;  <a href=\"https:\/\/agora.xtec.cat\/iedelprat\/portada\/camins-vius-activitat-de-dansa\/\" title=\"Read Camins Vius: Activitat de dansa\">Llegeix m\u00e9s\u00bb<\/a><\/p>\n","protected":false},"author":36,"featured_media":11405,"comment_status":"open","ping_status":"closed","sticky":false,"template":"","format":"standard","meta":{"_bbp_topic_count":0,"_bbp_reply_count":0,"_bbp_total_topic_count":0,"_bbp_total_reply_count":0,"_bbp_voice_count":0,"_bbp_anonymous_reply_count":0,"_bbp_topic_count_hidden":0,"_bbp_reply_count_hidden":0,"_bbp_forum_subforum_count":0,"footnotes":""},"categories":[29,66,67],"tags":[],"class_list":["post-13473","post","type-post","status-publish","format-standard","has-post-thumbnail","hentry","category-portada","category-segon","category-tercer"],"post_mailing_queue_ids":[],"_links":{"self":[{"href":"https:\/\/agora.xtec.cat\/iedelprat\/wp-json\/wp\/v2\/posts\/13473","targetHints":{"allow":["GET"]}}],"collection":[{"href":"https:\/\/agora.xtec.cat\/iedelprat\/wp-json\/wp\/v2\/posts"}],"about":[{"href":"https:\/\/agora.xtec.cat\/iedelprat\/wp-json\/wp\/v2\/types\/post"}],"author":[{"embeddable":true,"href":"https:\/\/agora.xtec.cat\/iedelprat\/wp-json\/wp\/v2\/users\/36"}],"replies":[{"embeddable":true,"href":"https:\/\/agora.xtec.cat\/iedelprat\/wp-json\/wp\/v2\/comments?post=13473"}],"version-history":[{"count":4,"href":"https:\/\/agora.xtec.cat\/iedelprat\/wp-json\/wp\/v2\/posts\/13473\/revisions"}],"predecessor-version":[{"id":13486,"href":"https:\/\/agora.xtec.cat\/iedelprat\/wp-json\/wp\/v2\/posts\/13473\/revisions\/13486"}],"wp:featuredmedia":[{"embeddable":true,"href":"https:\/\/agora.xtec.cat\/iedelprat\/wp-json\/wp\/v2\/media\/11405"}],"wp:attachment":[{"href":"https:\/\/agora.xtec.cat\/iedelprat\/wp-json\/wp\/v2\/media?parent=13473"}],"wp:term":[{"taxonomy":"category","embeddable":true,"href":"https:\/\/agora.xtec.cat\/iedelprat\/wp-json\/wp\/v2\/categories?post=13473"},{"taxonomy":"post_tag","embeddable":true,"href":"https:\/\/agora.xtec.cat\/iedelprat\/wp-json\/wp\/v2\/tags?post=13473"}],"curies":[{"name":"wp","href":"https:\/\/api.w.org\/{rel}","templated":true}]}}