{"id":12786,"date":"2020-10-28T16:55:35","date_gmt":"2020-10-28T15:55:35","guid":{"rendered":"http:\/\/agora.xtec.cat\/iedelprat\/?p=12786"},"modified":"2020-10-29T11:46:03","modified_gmt":"2020-10-29T10:46:03","slug":"arriba-la-tardor","status":"publish","type":"post","link":"https:\/\/agora.xtec.cat\/iedelprat\/primaria\/arriba-la-tardor\/","title":{"rendered":"Arriba la tardor!!!"},"content":{"rendered":"<p style=\"text-align: center;\">Al grup de 2n-3r de prim\u00e0ria, a pl\u00e0stica, estem treballant amb diferents t\u00e8cniques\u00a0 l&#8217;arribada de la tardor i quina millor manera de fer-ho que estampant diferents tipus de fulles amb els colors m\u00e9s representatius de la tardor, el groc, el marr\u00f3, el vermell, el taronja&#8230; Tamb\u00e9 hem realitzat un autoretrat, on hem utilitzat diferents tipus de fulles seques a mode de cabell. Aqu\u00ed us deixem unes imatges.\u00a0 Esperem que us agradin!!!!<\/p>\n<p><a href=\"https:\/\/agora.xtec.cat\/iedelprat\/wp-content\/uploads\/usu210\/2020\/10\/WhatsApp-Image-2020-10-28-at-16.28.48.jpeg\"><img loading=\"lazy\" decoding=\"async\" class=\"wp-image-12787 aligncenter\" src=\"https:\/\/agora.xtec.cat\/iedelprat\/wp-content\/uploads\/usu210\/2020\/10\/WhatsApp-Image-2020-10-28-at-16.28.48-768x1024.jpeg\" alt=\"\" width=\"547\" height=\"730\" srcset=\"https:\/\/agora.xtec.cat\/iedelprat\/wp-content\/uploads\/usu210\/2020\/10\/WhatsApp-Image-2020-10-28-at-16.28.48-768x1024.jpeg 768w, https:\/\/agora.xtec.cat\/iedelprat\/wp-content\/uploads\/usu210\/2020\/10\/WhatsApp-Image-2020-10-28-at-16.28.48-225x300.jpeg 225w, https:\/\/agora.xtec.cat\/iedelprat\/wp-content\/uploads\/usu210\/2020\/10\/WhatsApp-Image-2020-10-28-at-16.28.48.jpeg 1500w\" sizes=\"auto, (max-width: 547px) 100vw, 547px\" \/><\/a><\/p>\n<p>&nbsp;<\/p>\n<p>&nbsp;<\/p>\n<p>&nbsp;<\/p>\n<p>&nbsp;<\/p>\n","protected":false},"excerpt":{"rendered":"<p>Al grup de 2n-3r de prim\u00e0ria, a pl\u00e0stica, estem treballant amb diferents t\u00e8cniques\u00a0 l&#8217;arribada de la tardor&hellip;  <a href=\"https:\/\/agora.xtec.cat\/iedelprat\/primaria\/arriba-la-tardor\/\" title=\"Read Arriba la tardor!!!\">Llegeix m\u00e9s\u00bb<\/a><\/p>\n","protected":false},"author":47,"featured_media":11405,"comment_status":"open","ping_status":"closed","sticky":false,"template":"","format":"standard","meta":{"_bbp_topic_count":0,"_bbp_reply_count":0,"_bbp_total_topic_count":0,"_bbp_total_reply_count":0,"_bbp_voice_count":0,"_bbp_anonymous_reply_count":0,"_bbp_topic_count_hidden":0,"_bbp_reply_count_hidden":0,"_bbp_forum_subforum_count":0,"footnotes":""},"categories":[29,8],"tags":[],"class_list":["post-12786","post","type-post","status-publish","format-standard","has-post-thumbnail","hentry","category-portada","category-primaria"],"post_mailing_queue_ids":[],"_links":{"self":[{"href":"https:\/\/agora.xtec.cat\/iedelprat\/wp-json\/wp\/v2\/posts\/12786","targetHints":{"allow":["GET"]}}],"collection":[{"href":"https:\/\/agora.xtec.cat\/iedelprat\/wp-json\/wp\/v2\/posts"}],"about":[{"href":"https:\/\/agora.xtec.cat\/iedelprat\/wp-json\/wp\/v2\/types\/post"}],"author":[{"embeddable":true,"href":"https:\/\/agora.xtec.cat\/iedelprat\/wp-json\/wp\/v2\/users\/47"}],"replies":[{"embeddable":true,"href":"https:\/\/agora.xtec.cat\/iedelprat\/wp-json\/wp\/v2\/comments?post=12786"}],"version-history":[{"count":3,"href":"https:\/\/agora.xtec.cat\/iedelprat\/wp-json\/wp\/v2\/posts\/12786\/revisions"}],"predecessor-version":[{"id":12843,"href":"https:\/\/agora.xtec.cat\/iedelprat\/wp-json\/wp\/v2\/posts\/12786\/revisions\/12843"}],"wp:featuredmedia":[{"embeddable":true,"href":"https:\/\/agora.xtec.cat\/iedelprat\/wp-json\/wp\/v2\/media\/11405"}],"wp:attachment":[{"href":"https:\/\/agora.xtec.cat\/iedelprat\/wp-json\/wp\/v2\/media?parent=12786"}],"wp:term":[{"taxonomy":"category","embeddable":true,"href":"https:\/\/agora.xtec.cat\/iedelprat\/wp-json\/wp\/v2\/categories?post=12786"},{"taxonomy":"post_tag","embeddable":true,"href":"https:\/\/agora.xtec.cat\/iedelprat\/wp-json\/wp\/v2\/tags?post=12786"}],"curies":[{"name":"wp","href":"https:\/\/api.w.org\/{rel}","templated":true}]}}