{"id":1240,"date":"2016-04-15T09:58:01","date_gmt":"2016-04-15T08:58:01","guid":{"rendered":"http:\/\/agora.xtec.cat\/iedelprat\/?p=1240"},"modified":"2016-04-17T21:36:03","modified_gmt":"2016-04-17T20:36:03","slug":"tertulies-literaries","status":"publish","type":"post","link":"https:\/\/agora.xtec.cat\/iedelprat\/infantil\/i5\/tertulies-literaries\/","title":{"rendered":"Tert\u00falies liter\u00e0ries"},"content":{"rendered":"<p>&nbsp;<\/p>\n<p>&nbsp;<\/p>\n<p>&nbsp;<\/p>\n<p>Avui divendres hem comen\u00e7at les tert\u00falies liter\u00e0ries a P-5 amb el conte En Ton i la Guida. Ha estat una experi\u00e8ncia molt positiva, els nens i nenes han participat molt i estan molt engrescats per continuar amb la lectura del llibre. Moltes felicitats conills, ha estat una estona molt divertida i profitosa!!!.\u00a0<a href=\"http:\/\/agora.xtec.cat\/iedelprat\/wp-content\/uploads\/usu210\/2016\/04\/20160415_102056.jpg\"><img loading=\"lazy\" decoding=\"async\" class=\" size-full wp-image-1241 aligncenter\" src=\"http:\/\/agora.xtec.cat\/iedelprat\/wp-content\/uploads\/usu210\/2016\/04\/20160415_102056.jpg\" alt=\"20160415_102056\" width=\"653\" height=\"367\" srcset=\"https:\/\/agora.xtec.cat\/iedelprat\/wp-content\/uploads\/usu210\/2016\/04\/20160415_102056.jpg 653w, https:\/\/agora.xtec.cat\/iedelprat\/wp-content\/uploads\/usu210\/2016\/04\/20160415_102056-300x169.jpg 300w\" sizes=\"auto, (max-width: 653px) 100vw, 653px\" \/><\/a><\/p>\n<p><a href=\"http:\/\/agora.xtec.cat\/iedelprat\/wp-content\/uploads\/usu210\/2016\/04\/2.jpg\"><img loading=\"lazy\" decoding=\"async\" class=\" size-full wp-image-1242 aligncenter\" src=\"http:\/\/agora.xtec.cat\/iedelprat\/wp-content\/uploads\/usu210\/2016\/04\/2.jpg\" alt=\"2\" width=\"653\" height=\"367\" srcset=\"https:\/\/agora.xtec.cat\/iedelprat\/wp-content\/uploads\/usu210\/2016\/04\/2.jpg 653w, https:\/\/agora.xtec.cat\/iedelprat\/wp-content\/uploads\/usu210\/2016\/04\/2-300x169.jpg 300w\" sizes=\"auto, (max-width: 653px) 100vw, 653px\" \/><\/a><\/p>\n<p><a href=\"http:\/\/agora.xtec.cat\/iedelprat\/wp-content\/uploads\/usu210\/2016\/04\/3.jpg\"><img loading=\"lazy\" decoding=\"async\" class=\" size-full wp-image-1243 aligncenter\" src=\"http:\/\/agora.xtec.cat\/iedelprat\/wp-content\/uploads\/usu210\/2016\/04\/3.jpg\" alt=\"3\" width=\"653\" height=\"367\" srcset=\"https:\/\/agora.xtec.cat\/iedelprat\/wp-content\/uploads\/usu210\/2016\/04\/3.jpg 653w, https:\/\/agora.xtec.cat\/iedelprat\/wp-content\/uploads\/usu210\/2016\/04\/3-300x169.jpg 300w\" sizes=\"auto, (max-width: 653px) 100vw, 653px\" \/><\/a><\/p>\n","protected":false},"excerpt":{"rendered":"<p>&nbsp;<br \/>\n&nbsp;<br \/>\n&nbsp;<br \/>\nAvui divendres hem comen\u00e7at les tert\u00falies liter\u00e0ries a P-5 amb el conte En Ton i la Guida. Ha estat una experi\u00e8ncia molt positiva, els nens i nenes han participat molt i estan molt engrescats per continuar amb la lectura del llibre. Moltes felicitats conills, ha&hellip;  <a href=\"https:\/\/agora.xtec.cat\/iedelprat\/infantil\/i5\/tertulies-literaries\/\" title=\"Read Tert\u00falies liter\u00e0ries\">Llegeix m\u00e9s\u00bb<\/a><\/p>\n","protected":false},"author":20,"featured_media":1243,"comment_status":"open","ping_status":"open","sticky":false,"template":"","format":"standard","meta":{"_bbp_topic_count":0,"_bbp_reply_count":0,"_bbp_total_topic_count":0,"_bbp_total_reply_count":0,"_bbp_voice_count":0,"_bbp_anonymous_reply_count":0,"_bbp_topic_count_hidden":0,"_bbp_reply_count_hidden":0,"_bbp_forum_subforum_count":0,"footnotes":""},"categories":[64],"tags":[],"class_list":["post-1240","post","type-post","status-publish","format-standard","has-post-thumbnail","hentry","category-i5"],"post_mailing_queue_ids":[],"_links":{"self":[{"href":"https:\/\/agora.xtec.cat\/iedelprat\/wp-json\/wp\/v2\/posts\/1240","targetHints":{"allow":["GET"]}}],"collection":[{"href":"https:\/\/agora.xtec.cat\/iedelprat\/wp-json\/wp\/v2\/posts"}],"about":[{"href":"https:\/\/agora.xtec.cat\/iedelprat\/wp-json\/wp\/v2\/types\/post"}],"author":[{"embeddable":true,"href":"https:\/\/agora.xtec.cat\/iedelprat\/wp-json\/wp\/v2\/users\/20"}],"replies":[{"embeddable":true,"href":"https:\/\/agora.xtec.cat\/iedelprat\/wp-json\/wp\/v2\/comments?post=1240"}],"version-history":[{"count":3,"href":"https:\/\/agora.xtec.cat\/iedelprat\/wp-json\/wp\/v2\/posts\/1240\/revisions"}],"predecessor-version":[{"id":1249,"href":"https:\/\/agora.xtec.cat\/iedelprat\/wp-json\/wp\/v2\/posts\/1240\/revisions\/1249"}],"wp:featuredmedia":[{"embeddable":true,"href":"https:\/\/agora.xtec.cat\/iedelprat\/wp-json\/wp\/v2\/media\/1243"}],"wp:attachment":[{"href":"https:\/\/agora.xtec.cat\/iedelprat\/wp-json\/wp\/v2\/media?parent=1240"}],"wp:term":[{"taxonomy":"category","embeddable":true,"href":"https:\/\/agora.xtec.cat\/iedelprat\/wp-json\/wp\/v2\/categories?post=1240"},{"taxonomy":"post_tag","embeddable":true,"href":"https:\/\/agora.xtec.cat\/iedelprat\/wp-json\/wp\/v2\/tags?post=1240"}],"curies":[{"name":"wp","href":"https:\/\/api.w.org\/{rel}","templated":true}]}}