{"id":11392,"date":"2019-11-07T21:40:10","date_gmt":"2019-11-07T20:40:10","guid":{"rendered":"http:\/\/agora.xtec.cat\/iedelprat\/?p=11392"},"modified":"2019-11-15T09:53:21","modified_gmt":"2019-11-15T08:53:21","slug":"comencem-les-tertulies-literaries","status":"publish","type":"post","link":"https:\/\/agora.xtec.cat\/iedelprat\/primaria\/comencem-les-tertulies-literaries\/","title":{"rendered":"Comencem les tert\u00falies liter\u00e0ries"},"content":{"rendered":"<p>Hem comen\u00e7at les tert\u00falies liter\u00e0ries! Aquest trimestre llegirem \u201cEl petit Sant Jordi\u201d. Sempre gaudim molt d\u2019aquestes sessions. Mireu que concentrats estem en la lectura.<\/p>\n<p style=\"text-align: center;\"><a href=\"https:\/\/agora.xtec.cat\/iedelprat\/wp-content\/uploads\/usu210\/2019\/11\/6FA1FB88-3114-45F7-985D-AE7F7640019A.jpeg\"><img loading=\"lazy\" decoding=\"async\" class=\"alignnone size-medium wp-image-11393\" src=\"https:\/\/agora.xtec.cat\/iedelprat\/wp-content\/uploads\/usu210\/2019\/11\/6FA1FB88-3114-45F7-985D-AE7F7640019A-300x225.jpeg\" alt=\"\" width=\"300\" height=\"225\" srcset=\"https:\/\/agora.xtec.cat\/iedelprat\/wp-content\/uploads\/usu210\/2019\/11\/6FA1FB88-3114-45F7-985D-AE7F7640019A-300x225.jpeg 300w, https:\/\/agora.xtec.cat\/iedelprat\/wp-content\/uploads\/usu210\/2019\/11\/6FA1FB88-3114-45F7-985D-AE7F7640019A-768x575.jpeg 768w, https:\/\/agora.xtec.cat\/iedelprat\/wp-content\/uploads\/usu210\/2019\/11\/6FA1FB88-3114-45F7-985D-AE7F7640019A-1024x766.jpeg 1024w, https:\/\/agora.xtec.cat\/iedelprat\/wp-content\/uploads\/usu210\/2019\/11\/6FA1FB88-3114-45F7-985D-AE7F7640019A-200x150.jpeg 200w, https:\/\/agora.xtec.cat\/iedelprat\/wp-content\/uploads\/usu210\/2019\/11\/6FA1FB88-3114-45F7-985D-AE7F7640019A.jpeg 1280w\" sizes=\"auto, (max-width: 300px) 100vw, 300px\" \/><\/a><\/p>\n","protected":false},"excerpt":{"rendered":"<p>Hem comen\u00e7at les tert\u00falies liter\u00e0ries! Aquest trimestre llegirem \u201cEl petit Sant Jordi\u201d. Sempre gaudim molt d\u2019aquestes sessions. Mireu que concentrats estem en la lectura.<br \/>\n<a href=\"https:\/\/agora.xtec.cat\/iedelprat\/wp-content\/uploads\/usu210\/2019\/11\/6FA1FB88-3114-45F7-985D-AE7F7640019A.jpeg\"><\/a><\/p>\n","protected":false},"author":25,"featured_media":11393,"comment_status":"open","ping_status":"closed","sticky":false,"template":"","format":"standard","meta":{"_bbp_topic_count":0,"_bbp_reply_count":0,"_bbp_total_topic_count":0,"_bbp_total_reply_count":0,"_bbp_voice_count":0,"_bbp_anonymous_reply_count":0,"_bbp_topic_count_hidden":0,"_bbp_reply_count_hidden":0,"_bbp_forum_subforum_count":0,"footnotes":""},"categories":[29,8,66],"tags":[],"class_list":["post-11392","post","type-post","status-publish","format-standard","has-post-thumbnail","hentry","category-portada","category-primaria","category-segon"],"post_mailing_queue_ids":[],"_links":{"self":[{"href":"https:\/\/agora.xtec.cat\/iedelprat\/wp-json\/wp\/v2\/posts\/11392","targetHints":{"allow":["GET"]}}],"collection":[{"href":"https:\/\/agora.xtec.cat\/iedelprat\/wp-json\/wp\/v2\/posts"}],"about":[{"href":"https:\/\/agora.xtec.cat\/iedelprat\/wp-json\/wp\/v2\/types\/post"}],"author":[{"embeddable":true,"href":"https:\/\/agora.xtec.cat\/iedelprat\/wp-json\/wp\/v2\/users\/25"}],"replies":[{"embeddable":true,"href":"https:\/\/agora.xtec.cat\/iedelprat\/wp-json\/wp\/v2\/comments?post=11392"}],"version-history":[{"count":2,"href":"https:\/\/agora.xtec.cat\/iedelprat\/wp-json\/wp\/v2\/posts\/11392\/revisions"}],"predecessor-version":[{"id":11403,"href":"https:\/\/agora.xtec.cat\/iedelprat\/wp-json\/wp\/v2\/posts\/11392\/revisions\/11403"}],"wp:featuredmedia":[{"embeddable":true,"href":"https:\/\/agora.xtec.cat\/iedelprat\/wp-json\/wp\/v2\/media\/11393"}],"wp:attachment":[{"href":"https:\/\/agora.xtec.cat\/iedelprat\/wp-json\/wp\/v2\/media?parent=11392"}],"wp:term":[{"taxonomy":"category","embeddable":true,"href":"https:\/\/agora.xtec.cat\/iedelprat\/wp-json\/wp\/v2\/categories?post=11392"},{"taxonomy":"post_tag","embeddable":true,"href":"https:\/\/agora.xtec.cat\/iedelprat\/wp-json\/wp\/v2\/tags?post=11392"}],"curies":[{"name":"wp","href":"https:\/\/api.w.org\/{rel}","templated":true}]}}