{"id":10900,"date":"2019-04-30T14:02:48","date_gmt":"2019-04-30T12:02:48","guid":{"rendered":"http:\/\/agora.xtec.cat\/iedelprat\/?p=10900"},"modified":"2019-05-07T16:26:06","modified_gmt":"2019-05-07T14:26:06","slug":"celebrem-el-dia-de-dona","status":"publish","type":"post","link":"https:\/\/agora.xtec.cat\/iedelprat\/general\/celebrem-el-dia-de-dona\/","title":{"rendered":"Celebrem el dia de dona"},"content":{"rendered":"<p><strong>El passat 8 de mar\u00e7 l\u2019Institut Escola es va vestir de lila, per commemorar el dia de la dona a nivell internacional. <\/strong><\/p>\n<p><strong>L\u2019escola va impulsar diferents activitats relacionades amb temes de g\u00e8nere, per sensibilitzar l\u2019alumnat i les fam\u00edlies de les desigualtats que avui dia encara persisteixen en la nostra societat.<\/strong><\/p>\n<p><strong>A l\u2019etapa d\u2019Educaci\u00f3 Infantil els pares de les alumnes i alumnes van fer els esmorzars d\u2019aquell dia, alliberant d\u2019aquesta tasca a les mares. Un bon model per els seus propis fills.<\/strong><\/p>\n<p><strong>A cicle inicial es van llegir contes relacionats amb apoderament de la dona i a cicle superior es va poder fer una xerrada amb una exalumne que ha continuat els seus estudis despr\u00e9s de la ESO i est\u00e0 entrant en el mon laboral.<\/strong><\/p>\n<p><strong>A la tarda es va projectar una part del documental Sacais Romi (Amb ulls de dona), on es parlava sobre les dificultats de la dona per poder estudiar per el fet de ser dona. Seguidament es va fer un caf\u00e8 tert\u00falia amb les mares per parlar sobre aquest tema. Va ser una tarda molt maca.<\/strong><\/p>\n<p><strong>A nivell d\u2019escola es va fer la gravaci\u00f3 d\u2019un videoclip a la can\u00e7\u00f3 Ella de la Bebe, on va participar tota la comunitat educativa.<\/strong><\/p>\n<p><strong>Una vegada m\u00e9s, gr\u00e0cies per la implicaci\u00f3 de totes i tots, i fer que aquest dia hagi estat tant especial.<\/strong><\/p>\n\r\n\t<div class=\"slideshow_container slideshow_container_style-light\" style=\"height: 300px; \" data-slideshow-id=\"10915\" data-style-name=\"style-light\" data-style-version=\"2.3.1\" >\r\n\r\n\t\t\t\t\t<div class=\"slideshow_loading_icon\"><\/div>\r\n\t\t\r\n\t\t<div class=\"slideshow_content\" style=\"display: none;\">\r\n\r\n\t\t\t<div class=\"slideshow_view\">\r\n\t\t\t\t<div class=\"slideshow_slide slideshow_slide_image\">\r\n\t\t\t\t\t\t\t\t\t\t\t<img src=\"https:\/\/agora.xtec.cat\/iedelprat\/wp-content\/uploads\/usu210\/2019\/04\/1-IMG_3642.jpg\" alt=\"1-IMG_3642\" width=\"625\" height=\"469\" \/>\r\n\t\t\t\t\t\t\t\t\t\t<div class=\"slideshow_description_box slideshow_transparent\">\r\n\t\t\t\t\t\t<div class=\"slideshow_title\">1-IMG_3642<\/div>\t\t\t\t\t\t\t\t\t\t\t<\/div>\r\n\t\t\t\t<\/div>\r\n\r\n\t\t\t\t\t\t<div style=\"clear: both;\"><\/div><\/div><div class=\"slideshow_view\">\r\n\t\t\t\t<div class=\"slideshow_slide slideshow_slide_image\">\r\n\t\t\t\t\t\t\t\t\t\t\t<img src=\"https:\/\/agora.xtec.cat\/iedelprat\/wp-content\/uploads\/usu210\/2019\/04\/2-IMG_3643.jpg\" alt=\"2-IMG_3643\" width=\"625\" height=\"469\" \/>\r\n\t\t\t\t\t\t\t\t\t\t<div class=\"slideshow_description_box slideshow_transparent\">\r\n\t\t\t\t\t\t<div class=\"slideshow_title\">2-IMG_3643<\/div>\t\t\t\t\t\t\t\t\t\t\t<\/div>\r\n\t\t\t\t<\/div>\r\n\r\n\t\t\t\t\t\t<div style=\"clear: both;\"><\/div><\/div><div class=\"slideshow_view\">\r\n\t\t\t\t<div class=\"slideshow_slide slideshow_slide_image\">\r\n\t\t\t\t\t\t\t\t\t\t\t<img src=\"https:\/\/agora.xtec.cat\/iedelprat\/wp-content\/uploads\/usu210\/2019\/04\/3-IMG_3647.jpg\" alt=\"3-IMG_3647\" width=\"500\" height=\"375\" \/>\r\n\t\t\t\t\t\t\t\t\t\t<div class=\"slideshow_description_box slideshow_transparent\">\r\n\t\t\t\t\t\t<div class=\"slideshow_title\">3-IMG_3647<\/div>\t\t\t\t\t\t\t\t\t\t\t<\/div>\r\n\t\t\t\t<\/div>\r\n\r\n\t\t\t\t\t\t<div style=\"clear: both;\"><\/div><\/div><div class=\"slideshow_view\">\r\n\t\t\t\t<div class=\"slideshow_slide slideshow_slide_image\">\r\n\t\t\t\t\t\t\t\t\t\t\t<img src=\"https:\/\/agora.xtec.cat\/iedelprat\/wp-content\/uploads\/usu210\/2019\/04\/4-IMG_3652.jpg\" alt=\"4-IMG_3652\" width=\"504\" height=\"378\" \/>\r\n\t\t\t\t\t\t\t\t\t\t<div class=\"slideshow_description_box slideshow_transparent\">\r\n\t\t\t\t\t\t<div class=\"slideshow_title\">4-IMG_3652<\/div>\t\t\t\t\t\t\t\t\t\t\t<\/div>\r\n\t\t\t\t<\/div>\r\n\r\n\t\t\t\t\t\t<div style=\"clear: both;\"><\/div><\/div>\r\n\t\t<\/div>\r\n\r\n\t\t<div class=\"slideshow_controlPanel slideshow_transparent\" style=\"display: none;\"><ul><li class=\"slideshow_togglePlay\" data-play-text=\"Visualitza\" data-pause-text=\"Pausa\"><\/li><\/ul><\/div>\r\n\r\n\t\t<div class=\"slideshow_button slideshow_previous slideshow_transparent\" role=\"button\" data-previous-text=\"Anterior\" style=\"display: none;\"><\/div>\r\n\t\t<div class=\"slideshow_button slideshow_next slideshow_transparent\" role=\"button\" data-next-text=\"Seg\u00fcent\" style=\"display: none;\"><\/div>\r\n\r\n\t\t<div class=\"slideshow_pagination\" style=\"display: none;\" data-go-to-text=\"V\u00e9s a la diapositiva\"><div class=\"slideshow_pagination_center\"><\/div><\/div>\r\n\r\n\t\t<!-- WordPress Slideshow Version 2.3.1 -->\r\n\r\n\t\t\t<\/div>\r\n\r\n\n<p>&nbsp;<\/p>\n","protected":false},"excerpt":{"rendered":"<p>El passat 8 de mar\u00e7 l\u2019Institut Escola es va vestir de lila, per commemorar el dia de la dona a nivell internacional.<br \/>\nL\u2019escola va impulsar diferents activitats relacionades amb temes de g\u00e8nere, per sensibilitzar l\u2019alumnat i les fam\u00edlies de les desigualtats que avui dia encara&hellip;  <a href=\"https:\/\/agora.xtec.cat\/iedelprat\/general\/celebrem-el-dia-de-dona\/\" title=\"Read Celebrem el dia de dona\">Llegeix m\u00e9s\u00bb<\/a><\/p>\n","protected":false},"author":36,"featured_media":10909,"comment_status":"open","ping_status":"closed","sticky":false,"template":"","format":"standard","meta":{"_bbp_topic_count":0,"_bbp_reply_count":0,"_bbp_total_topic_count":0,"_bbp_total_reply_count":0,"_bbp_voice_count":0,"_bbp_anonymous_reply_count":0,"_bbp_topic_count_hidden":0,"_bbp_reply_count_hidden":0,"_bbp_forum_subforum_count":0,"footnotes":""},"categories":[1,29],"tags":[],"class_list":["post-10900","post","type-post","status-publish","format-standard","has-post-thumbnail","hentry","category-general","category-portada"],"post_mailing_queue_ids":[],"_links":{"self":[{"href":"https:\/\/agora.xtec.cat\/iedelprat\/wp-json\/wp\/v2\/posts\/10900","targetHints":{"allow":["GET"]}}],"collection":[{"href":"https:\/\/agora.xtec.cat\/iedelprat\/wp-json\/wp\/v2\/posts"}],"about":[{"href":"https:\/\/agora.xtec.cat\/iedelprat\/wp-json\/wp\/v2\/types\/post"}],"author":[{"embeddable":true,"href":"https:\/\/agora.xtec.cat\/iedelprat\/wp-json\/wp\/v2\/users\/36"}],"replies":[{"embeddable":true,"href":"https:\/\/agora.xtec.cat\/iedelprat\/wp-json\/wp\/v2\/comments?post=10900"}],"version-history":[{"count":3,"href":"https:\/\/agora.xtec.cat\/iedelprat\/wp-json\/wp\/v2\/posts\/10900\/revisions"}],"predecessor-version":[{"id":10917,"href":"https:\/\/agora.xtec.cat\/iedelprat\/wp-json\/wp\/v2\/posts\/10900\/revisions\/10917"}],"wp:featuredmedia":[{"embeddable":true,"href":"https:\/\/agora.xtec.cat\/iedelprat\/wp-json\/wp\/v2\/media\/10909"}],"wp:attachment":[{"href":"https:\/\/agora.xtec.cat\/iedelprat\/wp-json\/wp\/v2\/media?parent=10900"}],"wp:term":[{"taxonomy":"category","embeddable":true,"href":"https:\/\/agora.xtec.cat\/iedelprat\/wp-json\/wp\/v2\/categories?post=10900"},{"taxonomy":"post_tag","embeddable":true,"href":"https:\/\/agora.xtec.cat\/iedelprat\/wp-json\/wp\/v2\/tags?post=10900"}],"curies":[{"name":"wp","href":"https:\/\/api.w.org\/{rel}","templated":true}]}}