{"id":20039,"date":"2023-05-19T11:19:23","date_gmt":"2023-05-19T09:19:23","guid":{"rendered":"https:\/\/agora.xtec.cat\/iecomaruga\/?p=20039"},"modified":"2023-05-19T11:19:23","modified_gmt":"2023-05-19T09:19:23","slug":"1r-va-al-mercat-municipal-i-al-museu-deu","status":"publish","type":"post","link":"https:\/\/agora.xtec.cat\/iecomaruga\/general\/1r-va-al-mercat-municipal-i-al-museu-deu\/","title":{"rendered":"1r va al mercat municipal i al Museu Deu"},"content":{"rendered":"<p>El dimecres dia 17 els nens i nenes hem anat al Vendrell. Quan hem arribat hem visitat el mercat i hem vist moltes parades. Despr\u00e9s, hem anat al Museu Deu i all\u00ed hem fet l&#8217;activitat &#8220;Mira, toca i escolta&#8221;. All\u00ed hem vist i tocat molts materials amb els quals es fan les escultures i hem conegut algunes. Tamb\u00e9 hem fet d&#8217;investigadors i investigadores i hem buscat escultures pel museu.<\/p>\n<p>&nbsp;<\/p>\n<p>&nbsp;<\/p>\n<p><a href=\"https:\/\/agora.xtec.cat\/iecomaruga\/wp-content\/uploads\/usu2173\/2023\/05\/WhatsApp-Image-2023-05-18-at-12.42.18.jpeg\"><img loading=\"lazy\" decoding=\"async\" class=\"alignnone size-large wp-image-20044\" src=\"https:\/\/agora.xtec.cat\/iecomaruga\/wp-content\/uploads\/usu2173\/2023\/05\/WhatsApp-Image-2023-05-18-at-12.42.18-768x1024.jpeg\" alt=\"\" width=\"768\" height=\"1024\" srcset=\"https:\/\/agora.xtec.cat\/iecomaruga\/wp-content\/uploads\/usu2173\/2023\/05\/WhatsApp-Image-2023-05-18-at-12.42.18-768x1024.jpeg 768w, https:\/\/agora.xtec.cat\/iecomaruga\/wp-content\/uploads\/usu2173\/2023\/05\/WhatsApp-Image-2023-05-18-at-12.42.18-225x300.jpeg 225w, https:\/\/agora.xtec.cat\/iecomaruga\/wp-content\/uploads\/usu2173\/2023\/05\/WhatsApp-Image-2023-05-18-at-12.42.18-1152x1536.jpeg 1152w, https:\/\/agora.xtec.cat\/iecomaruga\/wp-content\/uploads\/usu2173\/2023\/05\/WhatsApp-Image-2023-05-18-at-12.42.18.jpeg 1536w\" sizes=\"auto, (max-width: 768px) 100vw, 768px\" \/><\/a><\/p>\n<p><a href=\"https:\/\/agora.xtec.cat\/iecomaruga\/wp-content\/uploads\/usu2173\/2023\/05\/WhatsApp-Image-2023-05-18-at-12.42.20.jpeg\"><img loading=\"lazy\" decoding=\"async\" class=\"alignnone size-large wp-image-20043\" src=\"https:\/\/agora.xtec.cat\/iecomaruga\/wp-content\/uploads\/usu2173\/2023\/05\/WhatsApp-Image-2023-05-18-at-12.42.20-768x1024.jpeg\" alt=\"\" width=\"768\" height=\"1024\" srcset=\"https:\/\/agora.xtec.cat\/iecomaruga\/wp-content\/uploads\/usu2173\/2023\/05\/WhatsApp-Image-2023-05-18-at-12.42.20-768x1024.jpeg 768w, https:\/\/agora.xtec.cat\/iecomaruga\/wp-content\/uploads\/usu2173\/2023\/05\/WhatsApp-Image-2023-05-18-at-12.42.20-225x300.jpeg 225w, https:\/\/agora.xtec.cat\/iecomaruga\/wp-content\/uploads\/usu2173\/2023\/05\/WhatsApp-Image-2023-05-18-at-12.42.20-1152x1536.jpeg 1152w, https:\/\/agora.xtec.cat\/iecomaruga\/wp-content\/uploads\/usu2173\/2023\/05\/WhatsApp-Image-2023-05-18-at-12.42.20.jpeg 1536w\" sizes=\"auto, (max-width: 768px) 100vw, 768px\" \/><\/a><\/p>\n<p><a href=\"https:\/\/agora.xtec.cat\/iecomaruga\/wp-content\/uploads\/usu2173\/2023\/05\/WhatsApp-Image-2023-05-18-at-12.42.20-1.jpeg\"><img loading=\"lazy\" decoding=\"async\" class=\"alignnone size-large wp-image-20042\" src=\"https:\/\/agora.xtec.cat\/iecomaruga\/wp-content\/uploads\/usu2173\/2023\/05\/WhatsApp-Image-2023-05-18-at-12.42.20-1-768x1024.jpeg\" alt=\"\" width=\"768\" height=\"1024\" srcset=\"https:\/\/agora.xtec.cat\/iecomaruga\/wp-content\/uploads\/usu2173\/2023\/05\/WhatsApp-Image-2023-05-18-at-12.42.20-1-768x1024.jpeg 768w, https:\/\/agora.xtec.cat\/iecomaruga\/wp-content\/uploads\/usu2173\/2023\/05\/WhatsApp-Image-2023-05-18-at-12.42.20-1-225x300.jpeg 225w, https:\/\/agora.xtec.cat\/iecomaruga\/wp-content\/uploads\/usu2173\/2023\/05\/WhatsApp-Image-2023-05-18-at-12.42.20-1-1152x1536.jpeg 1152w, https:\/\/agora.xtec.cat\/iecomaruga\/wp-content\/uploads\/usu2173\/2023\/05\/WhatsApp-Image-2023-05-18-at-12.42.20-1.jpeg 1536w\" sizes=\"auto, (max-width: 768px) 100vw, 768px\" \/><\/a><\/p>\n<p>&nbsp;<\/p>\n","protected":false},"excerpt":{"rendered":"<p>El dimecres dia 17 els nens i nenes hem anat al Vendrell. Quan hem arribat hem visitat el mercat i hem vist moltes parades. Despr\u00e9s, hem anat al Museu Deu i all\u00ed hem fet l&#8217;activitat &#8220;Mira, toca i escolta&#8221;. All\u00ed hem vist i tocat molts materials amb els quals es fan les escultures i hem [&hellip;]<\/p>\n","protected":false},"author":1,"featured_media":20044,"comment_status":"open","ping_status":"closed","sticky":false,"template":"","format":"standard","meta":{"_bbp_topic_count":0,"_bbp_reply_count":0,"_bbp_total_topic_count":0,"_bbp_total_reply_count":0,"_bbp_voice_count":0,"_bbp_anonymous_reply_count":0,"_bbp_topic_count_hidden":0,"_bbp_reply_count_hidden":0,"_bbp_forum_subforum_count":0,"site-sidebar-layout":"default","site-content-layout":"","ast-site-content-layout":"","site-content-style":"default","site-sidebar-style":"default","ast-global-header-display":"","ast-banner-title-visibility":"","ast-main-header-display":"","ast-hfb-above-header-display":"","ast-hfb-below-header-display":"","ast-hfb-mobile-header-display":"","site-post-title":"","ast-breadcrumbs-content":"","ast-featured-img":"","footer-sml-layout":"","theme-transparent-header-meta":"","adv-header-id-meta":"","stick-header-meta":"","header-above-stick-meta":"","header-main-stick-meta":"","header-below-stick-meta":"","astra-migrate-meta-layouts":"default","ast-page-background-enabled":"default","ast-page-background-meta":{"desktop":{"background-color":"var(--ast-global-color-4)","background-image":"","background-repeat":"repeat","background-position":"center center","background-size":"auto","background-attachment":"scroll","background-type":"","background-media":"","overlay-type":"","overlay-color":"","overlay-opacity":"","overlay-gradient":""},"tablet":{"background-color":"","background-image":"","background-repeat":"repeat","background-position":"center center","background-size":"auto","background-attachment":"scroll","background-type":"","background-media":"","overlay-type":"","overlay-color":"","overlay-opacity":"","overlay-gradient":""},"mobile":{"background-color":"","background-image":"","background-repeat":"repeat","background-position":"center center","background-size":"auto","background-attachment":"scroll","background-type":"","background-media":"","overlay-type":"","overlay-color":"","overlay-opacity":"","overlay-gradient":""}},"ast-content-background-meta":{"desktop":{"background-color":"var(--ast-global-color-5)","background-image":"","background-repeat":"repeat","background-position":"center center","background-size":"auto","background-attachment":"scroll","background-type":"","background-media":"","overlay-type":"","overlay-color":"","overlay-opacity":"","overlay-gradient":""},"tablet":{"background-color":"var(--ast-global-color-5)","background-image":"","background-repeat":"repeat","background-position":"center center","background-size":"auto","background-attachment":"scroll","background-type":"","background-media":"","overlay-type":"","overlay-color":"","overlay-opacity":"","overlay-gradient":""},"mobile":{"background-color":"var(--ast-global-color-5)","background-image":"","background-repeat":"repeat","background-position":"center center","background-size":"auto","background-attachment":"scroll","background-type":"","background-media":"","overlay-type":"","overlay-color":"","overlay-opacity":"","overlay-gradient":""}},"footnotes":""},"categories":[10,66,1,5],"tags":[],"class_list":["post-20039","post","type-post","status-publish","format-standard","has-post-thumbnail","hentry","category-1r","category-c-i","category-general","category-primaria"],"post_mailing_queue_ids":[],"_links":{"self":[{"href":"https:\/\/agora.xtec.cat\/iecomaruga\/wp-json\/wp\/v2\/posts\/20039","targetHints":{"allow":["GET"]}}],"collection":[{"href":"https:\/\/agora.xtec.cat\/iecomaruga\/wp-json\/wp\/v2\/posts"}],"about":[{"href":"https:\/\/agora.xtec.cat\/iecomaruga\/wp-json\/wp\/v2\/types\/post"}],"author":[{"embeddable":true,"href":"https:\/\/agora.xtec.cat\/iecomaruga\/wp-json\/wp\/v2\/users\/1"}],"replies":[{"embeddable":true,"href":"https:\/\/agora.xtec.cat\/iecomaruga\/wp-json\/wp\/v2\/comments?post=20039"}],"version-history":[{"count":3,"href":"https:\/\/agora.xtec.cat\/iecomaruga\/wp-json\/wp\/v2\/posts\/20039\/revisions"}],"predecessor-version":[{"id":20048,"href":"https:\/\/agora.xtec.cat\/iecomaruga\/wp-json\/wp\/v2\/posts\/20039\/revisions\/20048"}],"wp:featuredmedia":[{"embeddable":true,"href":"https:\/\/agora.xtec.cat\/iecomaruga\/wp-json\/wp\/v2\/media\/20044"}],"wp:attachment":[{"href":"https:\/\/agora.xtec.cat\/iecomaruga\/wp-json\/wp\/v2\/media?parent=20039"}],"wp:term":[{"taxonomy":"category","embeddable":true,"href":"https:\/\/agora.xtec.cat\/iecomaruga\/wp-json\/wp\/v2\/categories?post=20039"},{"taxonomy":"post_tag","embeddable":true,"href":"https:\/\/agora.xtec.cat\/iecomaruga\/wp-json\/wp\/v2\/tags?post=20039"}],"curies":[{"name":"wp","href":"https:\/\/api.w.org\/{rel}","templated":true}]}}