{"id":6312,"date":"2019-03-28T16:38:49","date_gmt":"2019-03-28T15:38:49","guid":{"rendered":"http:\/\/agora.xtec.cat\/iecastell\/?p=6312"},"modified":"2019-03-28T16:38:49","modified_gmt":"2019-03-28T15:38:49","slug":"trobada-pedagogica-sobre-matematiques-manipulatives","status":"publish","type":"post","link":"https:\/\/agora.xtec.cat\/iecastell\/general\/trobada-pedagogica-sobre-matematiques-manipulatives\/","title":{"rendered":"TROBADA PEDAG\u00d2GICA SOBRE MATEM\u00c0TIQUES MANIPULATIVES"},"content":{"rendered":"<p>El dimecres dia 27 d&#8217;abril,\u00a0 mestres d&#8217;educaci\u00f3 infantil i prim\u00e0ria de l&#8217;Institut Escola de Castellter\u00e7ol v\u00e0rem anar a visitar l&#8217;Escola Montbui de Caldes de Montbui, una escola que va decidir fer un canvi metodol\u00f2gic en el proc\u00e9s d&#8217;aprenentatge de les matem\u00e0tiques d&#8217;una forma vivencial, manipulativa&#8230; d&#8217;una manera diferent.<\/p>\n<p>Va ser una tarda ben enriquidora: ens van explicar com va ser el seu proc\u00e9s de canvi i com, encara avui, segueixen formant-se participant en el grup de treball <em>&#8220;a+a+&#8221;<\/em> de Rosa Sensat. Ens van ensenyar molts materials i vam practicar tot fent d&#8217;alumnes.<\/p>\n<p>Agra\u00efm l&#8217;atenci\u00f3 rebuda per les professionals del centre, que ens van rebre amb els bra\u00e7os oberts i ens van transmetre el seu entusiasme per aquest projecte.<\/p>\n<p><a href=\"https:\/\/agora.xtec.cat\/iecastell\/wp-content\/uploads\/usu288\/2019\/03\/IMG-20190328-WA0004.jpg\"><img loading=\"lazy\" decoding=\"async\" class=\"alignnone wp-image-6317\" src=\"https:\/\/agora.xtec.cat\/iecastell\/wp-content\/uploads\/usu288\/2019\/03\/IMG-20190328-WA0004-1024x576.jpg\" alt=\"\" width=\"404\" height=\"227\" srcset=\"https:\/\/agora.xtec.cat\/iecastell\/wp-content\/uploads\/usu288\/2019\/03\/IMG-20190328-WA0004-1024x576.jpg 1024w, https:\/\/agora.xtec.cat\/iecastell\/wp-content\/uploads\/usu288\/2019\/03\/IMG-20190328-WA0004-300x169.jpg 300w, https:\/\/agora.xtec.cat\/iecastell\/wp-content\/uploads\/usu288\/2019\/03\/IMG-20190328-WA0004-768x432.jpg 768w, https:\/\/agora.xtec.cat\/iecastell\/wp-content\/uploads\/usu288\/2019\/03\/IMG-20190328-WA0004.jpg 1600w\" sizes=\"auto, (max-width: 404px) 100vw, 404px\" \/><\/a><\/p>\n<p><a href=\"https:\/\/agora.xtec.cat\/iecastell\/wp-content\/uploads\/usu288\/2019\/03\/IMG-20190328-WA0006.jpg\"><img loading=\"lazy\" decoding=\"async\" class=\"alignnone wp-image-6318\" src=\"https:\/\/agora.xtec.cat\/iecastell\/wp-content\/uploads\/usu288\/2019\/03\/IMG-20190328-WA0006-1024x576.jpg\" alt=\"\" width=\"406\" height=\"228\" srcset=\"https:\/\/agora.xtec.cat\/iecastell\/wp-content\/uploads\/usu288\/2019\/03\/IMG-20190328-WA0006-1024x576.jpg 1024w, https:\/\/agora.xtec.cat\/iecastell\/wp-content\/uploads\/usu288\/2019\/03\/IMG-20190328-WA0006-300x169.jpg 300w, https:\/\/agora.xtec.cat\/iecastell\/wp-content\/uploads\/usu288\/2019\/03\/IMG-20190328-WA0006-768x432.jpg 768w, https:\/\/agora.xtec.cat\/iecastell\/wp-content\/uploads\/usu288\/2019\/03\/IMG-20190328-WA0006.jpg 1600w\" sizes=\"auto, (max-width: 406px) 100vw, 406px\" \/><\/a><\/p>\n<p><a href=\"https:\/\/agora.xtec.cat\/iecastell\/wp-content\/uploads\/usu288\/2019\/03\/IMG-20190328-WA0001.jpg\"><img loading=\"lazy\" decoding=\"async\" class=\"alignnone wp-image-6315\" src=\"https:\/\/agora.xtec.cat\/iecastell\/wp-content\/uploads\/usu288\/2019\/03\/IMG-20190328-WA0001-1024x576.jpg\" alt=\"\" width=\"407\" height=\"229\" srcset=\"https:\/\/agora.xtec.cat\/iecastell\/wp-content\/uploads\/usu288\/2019\/03\/IMG-20190328-WA0001-1024x576.jpg 1024w, https:\/\/agora.xtec.cat\/iecastell\/wp-content\/uploads\/usu288\/2019\/03\/IMG-20190328-WA0001-300x169.jpg 300w, https:\/\/agora.xtec.cat\/iecastell\/wp-content\/uploads\/usu288\/2019\/03\/IMG-20190328-WA0001-768x432.jpg 768w, https:\/\/agora.xtec.cat\/iecastell\/wp-content\/uploads\/usu288\/2019\/03\/IMG-20190328-WA0001.jpg 1600w\" sizes=\"auto, (max-width: 407px) 100vw, 407px\" \/><\/a><\/p>\n","protected":false},"excerpt":{"rendered":"<p>El dimecres dia 27 d&#8217;abril,\u00a0 mestres d&#8217;educaci\u00f3 infantil i prim\u00e0ria de l&#8217;Institut Escola de Castellter\u00e7ol v\u00e0rem anar a visitar l&#8217;Escola Montbui de Caldes de Montbui, una escola que va decidir fer un canvi metodol\u00f2gic en el proc\u00e9s d&#8217;aprenentatge de les matem\u00e0tiques d&#8217;una forma vivencial, manipulativa&#8230; d&#8217;una manera diferent. Va ser una tarda ben enriquidora: ens [&hellip;]<\/p>\n","protected":false},"author":4,"featured_media":6314,"comment_status":"open","ping_status":"closed","sticky":false,"template":"","format":"standard","meta":{"_bbp_topic_count":0,"_bbp_reply_count":0,"_bbp_total_topic_count":0,"_bbp_total_reply_count":0,"_bbp_voice_count":0,"_bbp_anonymous_reply_count":0,"_bbp_topic_count_hidden":0,"_bbp_reply_count_hidden":0,"_bbp_forum_subforum_count":0,"site-sidebar-layout":"default","site-content-layout":"","ast-site-content-layout":"","site-content-style":"default","site-sidebar-style":"default","ast-global-header-display":"","ast-banner-title-visibility":"","ast-main-header-display":"","ast-hfb-above-header-display":"","ast-hfb-below-header-display":"","ast-hfb-mobile-header-display":"","site-post-title":"","ast-breadcrumbs-content":"","ast-featured-img":"","footer-sml-layout":"","theme-transparent-header-meta":"","adv-header-id-meta":"","stick-header-meta":"","header-above-stick-meta":"","header-main-stick-meta":"","header-below-stick-meta":"","astra-migrate-meta-layouts":"default","ast-page-background-enabled":"default","ast-page-background-meta":{"desktop":{"background-color":"var(--ast-global-color-4)","background-image":"","background-repeat":"repeat","background-position":"center center","background-size":"auto","background-attachment":"scroll","background-type":"","background-media":"","overlay-type":"","overlay-color":"","overlay-opacity":"","overlay-gradient":""},"tablet":{"background-color":"","background-image":"","background-repeat":"repeat","background-position":"center center","background-size":"auto","background-attachment":"scroll","background-type":"","background-media":"","overlay-type":"","overlay-color":"","overlay-opacity":"","overlay-gradient":""},"mobile":{"background-color":"","background-image":"","background-repeat":"repeat","background-position":"center center","background-size":"auto","background-attachment":"scroll","background-type":"","background-media":"","overlay-type":"","overlay-color":"","overlay-opacity":"","overlay-gradient":""}},"ast-content-background-meta":{"desktop":{"background-color":"var(--ast-global-color-5)","background-image":"","background-repeat":"repeat","background-position":"center center","background-size":"auto","background-attachment":"scroll","background-type":"","background-media":"","overlay-type":"","overlay-color":"","overlay-opacity":"","overlay-gradient":""},"tablet":{"background-color":"var(--ast-global-color-5)","background-image":"","background-repeat":"repeat","background-position":"center center","background-size":"auto","background-attachment":"scroll","background-type":"","background-media":"","overlay-type":"","overlay-color":"","overlay-opacity":"","overlay-gradient":""},"mobile":{"background-color":"var(--ast-global-color-5)","background-image":"","background-repeat":"repeat","background-position":"center center","background-size":"auto","background-attachment":"scroll","background-type":"","background-media":"","overlay-type":"","overlay-color":"","overlay-opacity":"","overlay-gradient":""}},"footnotes":""},"categories":[1,29],"tags":[],"class_list":["post-6312","post","type-post","status-publish","format-standard","has-post-thumbnail","hentry","category-general","category-portada"],"post_mailing_queue_ids":[],"_links":{"self":[{"href":"https:\/\/agora.xtec.cat\/iecastell\/wp-json\/wp\/v2\/posts\/6312","targetHints":{"allow":["GET"]}}],"collection":[{"href":"https:\/\/agora.xtec.cat\/iecastell\/wp-json\/wp\/v2\/posts"}],"about":[{"href":"https:\/\/agora.xtec.cat\/iecastell\/wp-json\/wp\/v2\/types\/post"}],"author":[{"embeddable":true,"href":"https:\/\/agora.xtec.cat\/iecastell\/wp-json\/wp\/v2\/users\/4"}],"replies":[{"embeddable":true,"href":"https:\/\/agora.xtec.cat\/iecastell\/wp-json\/wp\/v2\/comments?post=6312"}],"version-history":[{"count":3,"href":"https:\/\/agora.xtec.cat\/iecastell\/wp-json\/wp\/v2\/posts\/6312\/revisions"}],"predecessor-version":[{"id":6320,"href":"https:\/\/agora.xtec.cat\/iecastell\/wp-json\/wp\/v2\/posts\/6312\/revisions\/6320"}],"wp:featuredmedia":[{"embeddable":true,"href":"https:\/\/agora.xtec.cat\/iecastell\/wp-json\/wp\/v2\/media\/6314"}],"wp:attachment":[{"href":"https:\/\/agora.xtec.cat\/iecastell\/wp-json\/wp\/v2\/media?parent=6312"}],"wp:term":[{"taxonomy":"category","embeddable":true,"href":"https:\/\/agora.xtec.cat\/iecastell\/wp-json\/wp\/v2\/categories?post=6312"},{"taxonomy":"post_tag","embeddable":true,"href":"https:\/\/agora.xtec.cat\/iecastell\/wp-json\/wp\/v2\/tags?post=6312"}],"curies":[{"name":"wp","href":"https:\/\/api.w.org\/{rel}","templated":true}]}}