{"id":3435,"date":"2019-02-13T13:28:30","date_gmt":"2019-02-13T12:28:30","guid":{"rendered":"http:\/\/agora.xtec.cat\/iecastell\/?p=3435"},"modified":"2019-02-13T13:28:30","modified_gmt":"2019-02-13T12:28:30","slug":"2n-moviment-de-lhivern-vivaldi-p4-i-p5","status":"publish","type":"post","link":"https:\/\/agora.xtec.cat\/iecastell\/general\/2n-moviment-de-lhivern-vivaldi-p4-i-p5\/","title":{"rendered":"2n MOVIMENT DE L&#8217;HIVERN, VIVALDI (P4 i P5)"},"content":{"rendered":"<p>Relacionant la m\u00fasica amb l&#8217;estaci\u00f3 de l&#8217;any en qu\u00e8 estem, els alumnes d&#8217;infantil hem treballat els conceptes de legato i pizzicato mitjan\u00e7ant l&#8217;audici\u00f3 &#8220;2n moviment de &#8216;hivern&#8221;, de Vivaldi. Hem conegut el compositor, la ciutat de Ven\u00e8cia (on va n\u00e9ixer), els instruments de corda fregada i les t\u00e8cniques de fer-los sonar legato (lligat), dibuixant la m\u00fasica amb mocadors ploma, i pizzicato (pessigat), representant les volves de neu que cauen amb les claves.<\/p>\n<p>Us linkem\u00a0 aqu\u00ed els v\u00eddeos de p-4 i p-5 i el v\u00eddeo que hem vist a la classe de M\u00fasica, sobre aquesta obra musical:<a href=\"https:\/\/photos.app.goo.gl\/W5XdHFpGpJDLszP19\">V\u00eddeos<\/a><\/p>\n<div class=\"ast-oembed-container \" style=\"height: 100%;\"><iframe loading=\"lazy\" title=\"L&#039;hivern de Vivaldi, Cru\u00eflla\" width=\"500\" height=\"375\" src=\"https:\/\/www.youtube.com\/embed\/_09fZ_fbVz0?feature=oembed\" frameborder=\"0\" allow=\"accelerometer; autoplay; clipboard-write; encrypted-media; gyroscope; picture-in-picture; web-share\" referrerpolicy=\"strict-origin-when-cross-origin\" allowfullscreen><\/iframe><\/div>\n","protected":false},"excerpt":{"rendered":"<p>Relacionant la m\u00fasica amb l&#8217;estaci\u00f3 de l&#8217;any en qu\u00e8 estem, els alumnes d&#8217;infantil hem treballat els conceptes de legato i pizzicato mitjan\u00e7ant l&#8217;audici\u00f3 &#8220;2n moviment de &#8216;hivern&#8221;, de Vivaldi. Hem conegut el compositor, la ciutat de Ven\u00e8cia (on va n\u00e9ixer), els instruments de corda fregada i les t\u00e8cniques de fer-los sonar legato (lligat), dibuixant la [&hellip;]<\/p>\n","protected":false},"author":33,"featured_media":3436,"comment_status":"open","ping_status":"closed","sticky":false,"template":"","format":"standard","meta":{"_bbp_topic_count":0,"_bbp_reply_count":0,"_bbp_total_topic_count":0,"_bbp_total_reply_count":0,"_bbp_voice_count":0,"_bbp_anonymous_reply_count":0,"_bbp_topic_count_hidden":0,"_bbp_reply_count_hidden":0,"_bbp_forum_subforum_count":0,"site-sidebar-layout":"default","site-content-layout":"","ast-site-content-layout":"","site-content-style":"default","site-sidebar-style":"default","ast-global-header-display":"","ast-banner-title-visibility":"","ast-main-header-display":"","ast-hfb-above-header-display":"","ast-hfb-below-header-display":"","ast-hfb-mobile-header-display":"","site-post-title":"","ast-breadcrumbs-content":"","ast-featured-img":"","footer-sml-layout":"","theme-transparent-header-meta":"","adv-header-id-meta":"","stick-header-meta":"","header-above-stick-meta":"","header-main-stick-meta":"","header-below-stick-meta":"","astra-migrate-meta-layouts":"default","ast-page-background-enabled":"default","ast-page-background-meta":{"desktop":{"background-color":"var(--ast-global-color-4)","background-image":"","background-repeat":"repeat","background-position":"center center","background-size":"auto","background-attachment":"scroll","background-type":"","background-media":"","overlay-type":"","overlay-color":"","overlay-opacity":"","overlay-gradient":""},"tablet":{"background-color":"","background-image":"","background-repeat":"repeat","background-position":"center center","background-size":"auto","background-attachment":"scroll","background-type":"","background-media":"","overlay-type":"","overlay-color":"","overlay-opacity":"","overlay-gradient":""},"mobile":{"background-color":"","background-image":"","background-repeat":"repeat","background-position":"center center","background-size":"auto","background-attachment":"scroll","background-type":"","background-media":"","overlay-type":"","overlay-color":"","overlay-opacity":"","overlay-gradient":""}},"ast-content-background-meta":{"desktop":{"background-color":"var(--ast-global-color-5)","background-image":"","background-repeat":"repeat","background-position":"center center","background-size":"auto","background-attachment":"scroll","background-type":"","background-media":"","overlay-type":"","overlay-color":"","overlay-opacity":"","overlay-gradient":""},"tablet":{"background-color":"var(--ast-global-color-5)","background-image":"","background-repeat":"repeat","background-position":"center center","background-size":"auto","background-attachment":"scroll","background-type":"","background-media":"","overlay-type":"","overlay-color":"","overlay-opacity":"","overlay-gradient":""},"mobile":{"background-color":"var(--ast-global-color-5)","background-image":"","background-repeat":"repeat","background-position":"center center","background-size":"auto","background-attachment":"scroll","background-type":"","background-media":"","overlay-type":"","overlay-color":"","overlay-opacity":"","overlay-gradient":""}},"footnotes":""},"categories":[100,1,109,29],"tags":[],"class_list":["post-3435","post","type-post","status-publish","format-standard","has-post-thumbnail","hentry","category-ei","category-general","category-musica","category-portada"],"post_mailing_queue_ids":[],"_links":{"self":[{"href":"https:\/\/agora.xtec.cat\/iecastell\/wp-json\/wp\/v2\/posts\/3435","targetHints":{"allow":["GET"]}}],"collection":[{"href":"https:\/\/agora.xtec.cat\/iecastell\/wp-json\/wp\/v2\/posts"}],"about":[{"href":"https:\/\/agora.xtec.cat\/iecastell\/wp-json\/wp\/v2\/types\/post"}],"author":[{"embeddable":true,"href":"https:\/\/agora.xtec.cat\/iecastell\/wp-json\/wp\/v2\/users\/33"}],"replies":[{"embeddable":true,"href":"https:\/\/agora.xtec.cat\/iecastell\/wp-json\/wp\/v2\/comments?post=3435"}],"version-history":[{"count":1,"href":"https:\/\/agora.xtec.cat\/iecastell\/wp-json\/wp\/v2\/posts\/3435\/revisions"}],"predecessor-version":[{"id":3437,"href":"https:\/\/agora.xtec.cat\/iecastell\/wp-json\/wp\/v2\/posts\/3435\/revisions\/3437"}],"wp:featuredmedia":[{"embeddable":true,"href":"https:\/\/agora.xtec.cat\/iecastell\/wp-json\/wp\/v2\/media\/3436"}],"wp:attachment":[{"href":"https:\/\/agora.xtec.cat\/iecastell\/wp-json\/wp\/v2\/media?parent=3435"}],"wp:term":[{"taxonomy":"category","embeddable":true,"href":"https:\/\/agora.xtec.cat\/iecastell\/wp-json\/wp\/v2\/categories?post=3435"},{"taxonomy":"post_tag","embeddable":true,"href":"https:\/\/agora.xtec.cat\/iecastell\/wp-json\/wp\/v2\/tags?post=3435"}],"curies":[{"name":"wp","href":"https:\/\/api.w.org\/{rel}","templated":true}]}}