{"id":2523,"date":"2018-06-22T13:43:43","date_gmt":"2018-06-22T11:43:43","guid":{"rendered":"http:\/\/agora.xtec.cat\/iecastell\/?p=2523"},"modified":"2018-06-22T13:43:43","modified_gmt":"2018-06-22T11:43:43","slug":"ruta-literaria-miquel-marti-i-pol","status":"publish","type":"post","link":"https:\/\/agora.xtec.cat\/iecastell\/general\/ruta-literaria-miquel-marti-i-pol\/","title":{"rendered":"RUTA LITER\u00c0RIA MIQUEL MART\u00cd I POL"},"content":{"rendered":"<p>El dilluns 18 de juny del 2018 els alumnes de 3r d\u2019ESO hem anat a Roda de Ter, poble natal de Miquel Mart\u00ed i Pol, a fer la ruta liter\u00e0ria del poeta, en la qual hem passejat pels indrets que formaven part de la seva vida, cosa que ens ha perm\u00e8s con\u00e8ixer la seva obra a trav\u00e9s del seu paisatge vital, gr\u00e0cies al fet que Miquel Mart\u00ed i Pol va viure sempre a Roda.<\/p>\n<p><span style=\"font-weight: 400;\">Per comen\u00e7ar, la guia ens va conduir cap a la primera casa del poeta del poble i, de fora estant, ens va explicar algunes an\u00e8cdotes seves, com ara que a casa d\u2019en Miquel hi convivien set persones; que hi tenien animals, perqu\u00e8 en aquella \u00e8poca era un costum molt normal; que a 19 anys en Miquel va patir una tuberculosi pulmonar, motiu pel qual es va haver de passar dotze mesos al llit i que durant aquest temps va esdevenir autodidacta literari. Seguidament, vam anar a la Blava, la f\u00e0brica amb els tancaments de color blau, d\u2019aqu\u00ed ve el nom, i en la qual en Miquel va comen\u00e7ar a treballar, gr\u00e0cies al seu pare, quan nom\u00e9s tenia 14 anys. Despr\u00e9s de veure on treballava, v\u00e0rem caminar a la petita casa de la col\u00f2nia Tecla Sala on en Miquel va viure amb els seus sogres i amb la <\/span>seva primera esposa, on va tenir els seus dos fills i on, per desgr\u00e0cia, tamb\u00e9 li van diagnosticar l\u2019esclerosi m\u00faltiple. Aquesta caseta est\u00e0 al costat de la f\u00e0brica on en Miquel treballava i ara estan reformant-la per fer-hi un museu, per\u00f2 hi v\u00e0rem poder entrar i v\u00e0rem poder comprendre molts m\u00e9s detalls que ens varen explicar de la seva vida.<\/p>\n<p><span style=\"font-weight: 400;\">Abans d\u2019arribar a l\u2019\u00faltim punt de la ruta, v\u00e0rem anar a veure el llegat literari de Mart\u00ed i Pol, a la planta m\u00e9s alta de la Biblioteca de Roda de Ter; d\u2019aquest punt volem destacar que en Miquel, com li diuen a Roda, va escriure una gran quantitat d\u2019obres i que en cada una hi explica algun fet vital amb el qual va haver d\u2019enfrontar-se, com la mort de la seva primera dona, la Dolors Feixas, o la seva malaltia. Quan \u00e9rem a la biblioteca, un dels grups v\u00e0rem fer entrega a la Fundaci\u00f3 Mart\u00ed i Pol d\u2019una c\u00f2pia del nostre treball col\u00b7laboratiu d\u2019interpretaci\u00f3 dels poemes de Miquel Mart\u00ed i Pol que hem fet aquest trimestre els alumnes de 3r d\u2019ESO. Per acabar, v\u00e0rem anar a visitar la tomba d\u2019en Miquel al cementiri de Roda, lloc on es tanca el cicle vital d\u2019un dels escriptors de poesia m\u00e9s populars del segle vint.<\/span><\/p>\n<p><span style=\"font-weight: 400;\">V\u00e0rem rec\u00f3rrer els punts de lectura que ressegueixen els indrets on Mart\u00ed i Pol es va formar com a persona i com a poeta a trav\u00e9s d\u2019un poemari que v\u00e0rem llegir entre alguns alumnes de 3r d\u2019ESO i les guies de la Fundaci\u00f3.<\/span><\/p>\n<p>&nbsp;<\/p>\n<p>Pol Ventura<\/p>\n<p>&nbsp;<\/p>\n<p><span style=\"font-weight: 400;\"><br \/>\n<a href=\"http:\/\/agora.xtec.cat\/iecastell\/wp-content\/uploads\/usu288\/2018\/06\/PHOTO-2018-06-18-12-19-05.jpg\"><img loading=\"lazy\" decoding=\"async\" class=\"alignleft size-medium wp-image-2528\" src=\"http:\/\/agora.xtec.cat\/iecastell\/wp-content\/uploads\/usu288\/2018\/06\/PHOTO-2018-06-18-12-19-05-300x225.jpg\" alt=\"\" width=\"300\" height=\"225\" srcset=\"https:\/\/agora.xtec.cat\/iecastell\/wp-content\/uploads\/usu288\/2018\/06\/PHOTO-2018-06-18-12-19-05-300x225.jpg 300w, https:\/\/agora.xtec.cat\/iecastell\/wp-content\/uploads\/usu288\/2018\/06\/PHOTO-2018-06-18-12-19-05-768x576.jpg 768w, https:\/\/agora.xtec.cat\/iecastell\/wp-content\/uploads\/usu288\/2018\/06\/PHOTO-2018-06-18-12-19-05-1024x768.jpg 1024w, https:\/\/agora.xtec.cat\/iecastell\/wp-content\/uploads\/usu288\/2018\/06\/PHOTO-2018-06-18-12-19-05-200x150.jpg 200w, https:\/\/agora.xtec.cat\/iecastell\/wp-content\/uploads\/usu288\/2018\/06\/PHOTO-2018-06-18-12-19-05.jpg 1600w\" sizes=\"auto, (max-width: 300px) 100vw, 300px\" \/><\/a> <a href=\"http:\/\/agora.xtec.cat\/iecastell\/wp-content\/uploads\/usu288\/2018\/06\/IMG_4560-e1529619436292.jpg\"><img loading=\"lazy\" decoding=\"async\" class=\"alignleft size-medium wp-image-2527\" src=\"http:\/\/agora.xtec.cat\/iecastell\/wp-content\/uploads\/usu288\/2018\/06\/IMG_4560-e1529619436292-300x225.jpg\" alt=\"\" width=\"300\" height=\"225\" srcset=\"https:\/\/agora.xtec.cat\/iecastell\/wp-content\/uploads\/usu288\/2018\/06\/IMG_4560-e1529619436292-300x225.jpg 300w, https:\/\/agora.xtec.cat\/iecastell\/wp-content\/uploads\/usu288\/2018\/06\/IMG_4560-e1529619436292-768x576.jpg 768w, https:\/\/agora.xtec.cat\/iecastell\/wp-content\/uploads\/usu288\/2018\/06\/IMG_4560-e1529619436292-1024x768.jpg 1024w, https:\/\/agora.xtec.cat\/iecastell\/wp-content\/uploads\/usu288\/2018\/06\/IMG_4560-e1529619436292-200x150.jpg 200w\" sizes=\"auto, (max-width: 300px) 100vw, 300px\" \/><\/a> <a href=\"http:\/\/agora.xtec.cat\/iecastell\/wp-content\/uploads\/usu288\/2018\/06\/IMG_4559-e1529619495581.jpg\"><img loading=\"lazy\" decoding=\"async\" class=\"alignleft size-medium wp-image-2526\" src=\"http:\/\/agora.xtec.cat\/iecastell\/wp-content\/uploads\/usu288\/2018\/06\/IMG_4559-e1529619495581-300x225.jpg\" alt=\"\" width=\"300\" height=\"225\" srcset=\"https:\/\/agora.xtec.cat\/iecastell\/wp-content\/uploads\/usu288\/2018\/06\/IMG_4559-e1529619495581-300x225.jpg 300w, https:\/\/agora.xtec.cat\/iecastell\/wp-content\/uploads\/usu288\/2018\/06\/IMG_4559-e1529619495581-768x576.jpg 768w, https:\/\/agora.xtec.cat\/iecastell\/wp-content\/uploads\/usu288\/2018\/06\/IMG_4559-e1529619495581-1024x768.jpg 1024w, https:\/\/agora.xtec.cat\/iecastell\/wp-content\/uploads\/usu288\/2018\/06\/IMG_4559-e1529619495581-200x150.jpg 200w\" sizes=\"auto, (max-width: 300px) 100vw, 300px\" \/><\/a> <a href=\"http:\/\/agora.xtec.cat\/iecastell\/wp-content\/uploads\/usu288\/2018\/06\/IMG_4558-e1529619519429.jpg\"><img loading=\"lazy\" decoding=\"async\" class=\"alignleft size-medium wp-image-2525\" src=\"http:\/\/agora.xtec.cat\/iecastell\/wp-content\/uploads\/usu288\/2018\/06\/IMG_4558-e1529619519429-300x225.jpg\" alt=\"\" width=\"300\" height=\"225\" srcset=\"https:\/\/agora.xtec.cat\/iecastell\/wp-content\/uploads\/usu288\/2018\/06\/IMG_4558-e1529619519429-300x225.jpg 300w, https:\/\/agora.xtec.cat\/iecastell\/wp-content\/uploads\/usu288\/2018\/06\/IMG_4558-e1529619519429-768x576.jpg 768w, https:\/\/agora.xtec.cat\/iecastell\/wp-content\/uploads\/usu288\/2018\/06\/IMG_4558-e1529619519429-1024x768.jpg 1024w, https:\/\/agora.xtec.cat\/iecastell\/wp-content\/uploads\/usu288\/2018\/06\/IMG_4558-e1529619519429-200x150.jpg 200w\" sizes=\"auto, (max-width: 300px) 100vw, 300px\" \/><\/a> <a href=\"http:\/\/agora.xtec.cat\/iecastell\/wp-content\/uploads\/usu288\/2018\/06\/FullSizeRender.jpg\"><img loading=\"lazy\" decoding=\"async\" class=\"alignleft size-medium wp-image-2524\" src=\"http:\/\/agora.xtec.cat\/iecastell\/wp-content\/uploads\/usu288\/2018\/06\/FullSizeRender-300x225.jpg\" alt=\"\" width=\"300\" height=\"225\" srcset=\"https:\/\/agora.xtec.cat\/iecastell\/wp-content\/uploads\/usu288\/2018\/06\/FullSizeRender-300x225.jpg 300w, https:\/\/agora.xtec.cat\/iecastell\/wp-content\/uploads\/usu288\/2018\/06\/FullSizeRender-768x576.jpg 768w, https:\/\/agora.xtec.cat\/iecastell\/wp-content\/uploads\/usu288\/2018\/06\/FullSizeRender-1024x768.jpg 1024w, https:\/\/agora.xtec.cat\/iecastell\/wp-content\/uploads\/usu288\/2018\/06\/FullSizeRender-200x150.jpg 200w\" sizes=\"auto, (max-width: 300px) 100vw, 300px\" \/><\/a><\/span><\/p>\n<p>&nbsp;<\/p>\n<p>&nbsp;<\/p>\n","protected":false},"excerpt":{"rendered":"<p>El dilluns 18 de juny del 2018 els alumnes de 3r d\u2019ESO hem anat a Roda de Ter, poble natal de Miquel Mart\u00ed i Pol, a fer la ruta liter\u00e0ria del poeta, en la qual hem passejat pels indrets que formaven part de la seva vida, cosa que ens ha perm\u00e8s con\u00e8ixer la seva obra a trav\u00e9s del seu paisatge vital, gr\u00e0cies al fet que Miquel Mart\u00ed i Pol va viure sempre a Roda.<\/p>\n","protected":false},"author":15,"featured_media":2528,"comment_status":"open","ping_status":"closed","sticky":false,"template":"","format":"standard","meta":{"_bbp_topic_count":0,"_bbp_reply_count":0,"_bbp_total_topic_count":0,"_bbp_total_reply_count":0,"_bbp_voice_count":0,"_bbp_anonymous_reply_count":0,"_bbp_topic_count_hidden":0,"_bbp_reply_count_hidden":0,"_bbp_forum_subforum_count":0,"site-sidebar-layout":"default","site-content-layout":"","ast-site-content-layout":"","site-content-style":"default","site-sidebar-style":"default","ast-global-header-display":"","ast-banner-title-visibility":"","ast-main-header-display":"","ast-hfb-above-header-display":"","ast-hfb-below-header-display":"","ast-hfb-mobile-header-display":"","site-post-title":"","ast-breadcrumbs-content":"","ast-featured-img":"","footer-sml-layout":"","theme-transparent-header-meta":"","adv-header-id-meta":"","stick-header-meta":"","header-above-stick-meta":"","header-main-stick-meta":"","header-below-stick-meta":"","astra-migrate-meta-layouts":"default","ast-page-background-enabled":"default","ast-page-background-meta":{"desktop":{"background-color":"var(--ast-global-color-4)","background-image":"","background-repeat":"repeat","background-position":"center center","background-size":"auto","background-attachment":"scroll","background-type":"","background-media":"","overlay-type":"","overlay-color":"","overlay-opacity":"","overlay-gradient":""},"tablet":{"background-color":"","background-image":"","background-repeat":"repeat","background-position":"center center","background-size":"auto","background-attachment":"scroll","background-type":"","background-media":"","overlay-type":"","overlay-color":"","overlay-opacity":"","overlay-gradient":""},"mobile":{"background-color":"","background-image":"","background-repeat":"repeat","background-position":"center center","background-size":"auto","background-attachment":"scroll","background-type":"","background-media":"","overlay-type":"","overlay-color":"","overlay-opacity":"","overlay-gradient":""}},"ast-content-background-meta":{"desktop":{"background-color":"var(--ast-global-color-5)","background-image":"","background-repeat":"repeat","background-position":"center center","background-size":"auto","background-attachment":"scroll","background-type":"","background-media":"","overlay-type":"","overlay-color":"","overlay-opacity":"","overlay-gradient":""},"tablet":{"background-color":"var(--ast-global-color-5)","background-image":"","background-repeat":"repeat","background-position":"center center","background-size":"auto","background-attachment":"scroll","background-type":"","background-media":"","overlay-type":"","overlay-color":"","overlay-opacity":"","overlay-gradient":""},"mobile":{"background-color":"var(--ast-global-color-5)","background-image":"","background-repeat":"repeat","background-position":"center center","background-size":"auto","background-attachment":"scroll","background-type":"","background-media":"","overlay-type":"","overlay-color":"","overlay-opacity":"","overlay-gradient":""}},"footnotes":""},"categories":[142,139,102,1,29],"tags":[140,145,144,116],"class_list":["post-2523","post","type-post","status-publish","format-standard","has-post-thumbnail","hentry","category-al","category-biblio","category-eso","category-general","category-portada","tag-eso","tag-llengua-i-literatura-catalana","tag-ruta-literaria","tag-secundaria"],"post_mailing_queue_ids":[],"_links":{"self":[{"href":"https:\/\/agora.xtec.cat\/iecastell\/wp-json\/wp\/v2\/posts\/2523","targetHints":{"allow":["GET"]}}],"collection":[{"href":"https:\/\/agora.xtec.cat\/iecastell\/wp-json\/wp\/v2\/posts"}],"about":[{"href":"https:\/\/agora.xtec.cat\/iecastell\/wp-json\/wp\/v2\/types\/post"}],"author":[{"embeddable":true,"href":"https:\/\/agora.xtec.cat\/iecastell\/wp-json\/wp\/v2\/users\/15"}],"replies":[{"embeddable":true,"href":"https:\/\/agora.xtec.cat\/iecastell\/wp-json\/wp\/v2\/comments?post=2523"}],"version-history":[{"count":2,"href":"https:\/\/agora.xtec.cat\/iecastell\/wp-json\/wp\/v2\/posts\/2523\/revisions"}],"predecessor-version":[{"id":2546,"href":"https:\/\/agora.xtec.cat\/iecastell\/wp-json\/wp\/v2\/posts\/2523\/revisions\/2546"}],"wp:featuredmedia":[{"embeddable":true,"href":"https:\/\/agora.xtec.cat\/iecastell\/wp-json\/wp\/v2\/media\/2528"}],"wp:attachment":[{"href":"https:\/\/agora.xtec.cat\/iecastell\/wp-json\/wp\/v2\/media?parent=2523"}],"wp:term":[{"taxonomy":"category","embeddable":true,"href":"https:\/\/agora.xtec.cat\/iecastell\/wp-json\/wp\/v2\/categories?post=2523"},{"taxonomy":"post_tag","embeddable":true,"href":"https:\/\/agora.xtec.cat\/iecastell\/wp-json\/wp\/v2\/tags?post=2523"}],"curies":[{"name":"wp","href":"https:\/\/api.w.org\/{rel}","templated":true}]}}