{"id":15286,"date":"2023-05-02T08:00:15","date_gmt":"2023-05-02T06:00:15","guid":{"rendered":"https:\/\/agora.xtec.cat\/iecastell\/?p=15286"},"modified":"2023-05-15T19:43:47","modified_gmt":"2023-05-15T17:43:47","slug":"2-de-maig-dia-internacional-contra-lassetjament-escolar","status":"publish","type":"post","link":"https:\/\/agora.xtec.cat\/iecastell\/portada\/2-de-maig-dia-internacional-contra-lassetjament-escolar\/","title":{"rendered":"2 de maig &#8211; Dia Internacional Contra l&#8217;Assetjament Escolar"},"content":{"rendered":"<p>Bon dia comunitat educativa!<\/p>\n<p>Avui, dia 2 de maig, \u00e9s el Dia Internacional Contra l&#8217;Assetjament Escolar i a l&#8217;IE Castellter\u00e7ol ho sabem prou b\u00e9! Per aquest motiu, al llarg d&#8217;aquesta setmana i la seg\u00fcent durem a terme activitats directament relacionades amb la prevenci\u00f3 de l&#8217;assetjament escolar relacionades sota l&#8217;esl\u00f2gan &#8220;Si tu fossis jo&#8221;. Els objectius que volem assolir s\u00f3n:<\/p>\n<ol>\n<li>Con\u00e8ixer qu\u00e8 \u00e9s l\u2019<span class=\"il\">assetjament<\/span>\u00a0i els diversos agents qui hi intervenen.<\/li>\n<li>Saber identificar els indicadors d\u2019<span class=\"il\">assetjament<\/span>.<\/li>\n<li>Saber com actuar davant d\u2019aquests indicadors.<\/li>\n<li>Sensibilitzar-se vers la tem\u00e0tica.<\/li>\n<li>Aconseguir col\u00b7laboradors i col\u00b7laboradores entre els espectadors (herois i hero\u00efnes).<\/li>\n<\/ol>\n<p>Tot i aix\u00f2, volem remarcar que el treball vers la prevenci\u00f3 de l&#8217;assetjament escolar \u00e9s una tasca que es porta a terme cada dia i que la col\u00b7laboraci\u00f3 de les fam\u00edlies resulta imprescindible.<\/p>\n<p><a href=\"https:\/\/photos.app.goo.gl\/U1nRNHBagZD9aC8s9\">Aqu\u00ed<\/a> algunes fotografies!<\/p>\n<p>Que tingueu un bon dia i respecteu-vos!<\/p>\n","protected":false},"excerpt":{"rendered":"<p>Bon dia comunitat educativa! Avui, dia 2 de maig, \u00e9s el Dia Internacional Contra l&#8217;Assetjament Escolar i a l&#8217;IE Castellter\u00e7ol ho sabem prou b\u00e9! Per aquest motiu, al llarg d&#8217;aquesta setmana i la seg\u00fcent durem a terme activitats directament relacionades amb la prevenci\u00f3 de l&#8217;assetjament escolar relacionades sota l&#8217;esl\u00f2gan &#8220;Si tu fossis jo&#8221;. Els objectius [&hellip;]<\/p>\n","protected":false},"author":3,"featured_media":15287,"comment_status":"open","ping_status":"closed","sticky":false,"template":"","format":"standard","meta":{"_bbp_topic_count":0,"_bbp_reply_count":0,"_bbp_total_topic_count":0,"_bbp_total_reply_count":0,"_bbp_voice_count":0,"_bbp_anonymous_reply_count":0,"_bbp_topic_count_hidden":0,"_bbp_reply_count_hidden":0,"_bbp_forum_subforum_count":0,"site-sidebar-layout":"default","site-content-layout":"","ast-site-content-layout":"","site-content-style":"default","site-sidebar-style":"default","ast-global-header-display":"","ast-banner-title-visibility":"","ast-main-header-display":"","ast-hfb-above-header-display":"","ast-hfb-below-header-display":"","ast-hfb-mobile-header-display":"","site-post-title":"","ast-breadcrumbs-content":"","ast-featured-img":"","footer-sml-layout":"","theme-transparent-header-meta":"","adv-header-id-meta":"","stick-header-meta":"","header-above-stick-meta":"","header-main-stick-meta":"","header-below-stick-meta":"","astra-migrate-meta-layouts":"default","ast-page-background-enabled":"default","ast-page-background-meta":{"desktop":{"background-color":"var(--ast-global-color-4)","background-image":"","background-repeat":"repeat","background-position":"center center","background-size":"auto","background-attachment":"scroll","background-type":"","background-media":"","overlay-type":"","overlay-color":"","overlay-opacity":"","overlay-gradient":""},"tablet":{"background-color":"","background-image":"","background-repeat":"repeat","background-position":"center center","background-size":"auto","background-attachment":"scroll","background-type":"","background-media":"","overlay-type":"","overlay-color":"","overlay-opacity":"","overlay-gradient":""},"mobile":{"background-color":"","background-image":"","background-repeat":"repeat","background-position":"center center","background-size":"auto","background-attachment":"scroll","background-type":"","background-media":"","overlay-type":"","overlay-color":"","overlay-opacity":"","overlay-gradient":""}},"ast-content-background-meta":{"desktop":{"background-color":"var(--ast-global-color-5)","background-image":"","background-repeat":"repeat","background-position":"center center","background-size":"auto","background-attachment":"scroll","background-type":"","background-media":"","overlay-type":"","overlay-color":"","overlay-opacity":"","overlay-gradient":""},"tablet":{"background-color":"var(--ast-global-color-5)","background-image":"","background-repeat":"repeat","background-position":"center center","background-size":"auto","background-attachment":"scroll","background-type":"","background-media":"","overlay-type":"","overlay-color":"","overlay-opacity":"","overlay-gradient":""},"mobile":{"background-color":"var(--ast-global-color-5)","background-image":"","background-repeat":"repeat","background-position":"center center","background-size":"auto","background-attachment":"scroll","background-type":"","background-media":"","overlay-type":"","overlay-color":"","overlay-opacity":"","overlay-gradient":""}},"footnotes":""},"categories":[99,147,135,100,102,29,105],"tags":[],"class_list":["post-15286","post","type-post","status-publish","format-standard","has-post-thumbnail","hentry","category-ci","category-cm","category-cs","category-ei","category-eso","category-portada","category-pc"],"post_mailing_queue_ids":[],"_links":{"self":[{"href":"https:\/\/agora.xtec.cat\/iecastell\/wp-json\/wp\/v2\/posts\/15286","targetHints":{"allow":["GET"]}}],"collection":[{"href":"https:\/\/agora.xtec.cat\/iecastell\/wp-json\/wp\/v2\/posts"}],"about":[{"href":"https:\/\/agora.xtec.cat\/iecastell\/wp-json\/wp\/v2\/types\/post"}],"author":[{"embeddable":true,"href":"https:\/\/agora.xtec.cat\/iecastell\/wp-json\/wp\/v2\/users\/3"}],"replies":[{"embeddable":true,"href":"https:\/\/agora.xtec.cat\/iecastell\/wp-json\/wp\/v2\/comments?post=15286"}],"version-history":[{"count":2,"href":"https:\/\/agora.xtec.cat\/iecastell\/wp-json\/wp\/v2\/posts\/15286\/revisions"}],"predecessor-version":[{"id":15335,"href":"https:\/\/agora.xtec.cat\/iecastell\/wp-json\/wp\/v2\/posts\/15286\/revisions\/15335"}],"wp:featuredmedia":[{"embeddable":true,"href":"https:\/\/agora.xtec.cat\/iecastell\/wp-json\/wp\/v2\/media\/15287"}],"wp:attachment":[{"href":"https:\/\/agora.xtec.cat\/iecastell\/wp-json\/wp\/v2\/media?parent=15286"}],"wp:term":[{"taxonomy":"category","embeddable":true,"href":"https:\/\/agora.xtec.cat\/iecastell\/wp-json\/wp\/v2\/categories?post=15286"},{"taxonomy":"post_tag","embeddable":true,"href":"https:\/\/agora.xtec.cat\/iecastell\/wp-json\/wp\/v2\/tags?post=15286"}],"curies":[{"name":"wp","href":"https:\/\/api.w.org\/{rel}","templated":true}]}}