{"id":15234,"date":"2023-04-24T13:21:37","date_gmt":"2023-04-24T11:21:37","guid":{"rendered":"https:\/\/agora.xtec.cat\/iecastell\/?p=15234"},"modified":"2023-04-24T13:21:37","modified_gmt":"2023-04-24T11:21:37","slug":"setmana-cultural-2023-el-moianes-molt-per-descobrir","status":"publish","type":"post","link":"https:\/\/agora.xtec.cat\/iecastell\/general\/setmana-cultural-2023-el-moianes-molt-per-descobrir\/","title":{"rendered":"Setmana Cultural 2023: El Moian\u00e8s, molt per descobrir!"},"content":{"rendered":"<p>Benvolguda comunitat educativa,<\/p>\n<p>La Setmana Cultural 2023 ha arribat al seu final deixant-nos un munt de bons moments, activitats, tallers i sortides que, sense cap mena de dubte, queden per al record. Entre totes les activitats que hem fet, destaquem algunes d&#8217;hist\u00f2riques per a l&#8217;Institut Escola Castellter\u00e7ol, com la Cursa Solid\u00e0ria o el Certamen Literari al Bosquet de Can Sed\u00f3. Aix\u00ed mateix, i gr\u00e0cies a la col\u00b7laboraci\u00f3 de R\u00e0dio Castellter\u00e7ol, les Lectures al carrer van ser emeses en directe per les ones del 107.0 FM!<\/p>\n<p>El tancament va ser d&#8217;excepci\u00f3, amb un mat\u00ed on els i les alumnes d&#8217;ESO van participar de &#8220;El Gran Joc del Moian\u00e8s&#8221; visitant Collsuspina, l&#8217;Estany, Santa Maria d&#8217;Ol\u00f3, Castellcir o Granera, entre d&#8217;altres, i amb una exhibici\u00f3 de les colles geganteres de Castellcir, Moi\u00e0 i Castellter\u00e7ol que va ser, literalment, espectacular.<\/p>\n<p>No ens podem oblidar que, la Setmana Cultural ha estat possible gr\u00e0cies a la implicaci\u00f3 de tota la comunitat educativa: l&#8217;equip docent, que ha preparat i elaborat les activitats i sortides (i fins i tot un scape room a la Casa Museu Prat de la Riba!). Aix\u00ed mateix, la col\u00b7laboraci\u00f3 de l&#8217;AFA ha estat vital perqu\u00e8 aquesta setmana continu\u00ef bategant amb la for\u00e7a que ho ha fet. Per acabar, volem agrair a aquelles empreses, entitats, fam\u00edlies, avis, \u00e0vies, etc. Que heu tingut un paper en algun moment o altre d&#8217;aquests dies. A tots i totes vosaltres, moltes gr\u00e0cies!<\/p>\n<p>Podreu veure el recull d&#8217;imatges de la Setmana Cultural 2023, tot accedint al seg\u00fcent <a href=\"https:\/\/drive.google.com\/drive\/folders\/1cBFdpyLuPqJT5r5qRkzurq-L1dEEHbBx?usp=share_link\">enlla\u00e7.<\/a><\/p>\n","protected":false},"excerpt":{"rendered":"<p>Benvolguda comunitat educativa, La Setmana Cultural 2023 ha arribat al seu final deixant-nos un munt de bons moments, activitats, tallers i sortides que, sense cap mena de dubte, queden per al record. Entre totes les activitats que hem fet, destaquem algunes d&#8217;hist\u00f2riques per a l&#8217;Institut Escola Castellter\u00e7ol, com la Cursa Solid\u00e0ria o el Certamen Literari [&hellip;]<\/p>\n","protected":false},"author":41,"featured_media":15235,"comment_status":"open","ping_status":"closed","sticky":false,"template":"","format":"standard","meta":{"_bbp_topic_count":0,"_bbp_reply_count":0,"_bbp_total_topic_count":0,"_bbp_total_reply_count":0,"_bbp_voice_count":0,"_bbp_anonymous_reply_count":0,"_bbp_topic_count_hidden":0,"_bbp_reply_count_hidden":0,"_bbp_forum_subforum_count":0,"site-sidebar-layout":"default","site-content-layout":"","ast-site-content-layout":"","site-content-style":"default","site-sidebar-style":"default","ast-global-header-display":"","ast-banner-title-visibility":"","ast-main-header-display":"","ast-hfb-above-header-display":"","ast-hfb-below-header-display":"","ast-hfb-mobile-header-display":"","site-post-title":"","ast-breadcrumbs-content":"","ast-featured-img":"","footer-sml-layout":"","theme-transparent-header-meta":"","adv-header-id-meta":"","stick-header-meta":"","header-above-stick-meta":"","header-main-stick-meta":"","header-below-stick-meta":"","astra-migrate-meta-layouts":"default","ast-page-background-enabled":"default","ast-page-background-meta":{"desktop":{"background-color":"var(--ast-global-color-4)","background-image":"","background-repeat":"repeat","background-position":"center center","background-size":"auto","background-attachment":"scroll","background-type":"","background-media":"","overlay-type":"","overlay-color":"","overlay-opacity":"","overlay-gradient":""},"tablet":{"background-color":"","background-image":"","background-repeat":"repeat","background-position":"center center","background-size":"auto","background-attachment":"scroll","background-type":"","background-media":"","overlay-type":"","overlay-color":"","overlay-opacity":"","overlay-gradient":""},"mobile":{"background-color":"","background-image":"","background-repeat":"repeat","background-position":"center center","background-size":"auto","background-attachment":"scroll","background-type":"","background-media":"","overlay-type":"","overlay-color":"","overlay-opacity":"","overlay-gradient":""}},"ast-content-background-meta":{"desktop":{"background-color":"var(--ast-global-color-5)","background-image":"","background-repeat":"repeat","background-position":"center center","background-size":"auto","background-attachment":"scroll","background-type":"","background-media":"","overlay-type":"","overlay-color":"","overlay-opacity":"","overlay-gradient":""},"tablet":{"background-color":"var(--ast-global-color-5)","background-image":"","background-repeat":"repeat","background-position":"center center","background-size":"auto","background-attachment":"scroll","background-type":"","background-media":"","overlay-type":"","overlay-color":"","overlay-opacity":"","overlay-gradient":""},"mobile":{"background-color":"var(--ast-global-color-5)","background-image":"","background-repeat":"repeat","background-position":"center center","background-size":"auto","background-attachment":"scroll","background-type":"","background-media":"","overlay-type":"","overlay-color":"","overlay-opacity":"","overlay-gradient":""}},"footnotes":""},"categories":[99,147,135,100,102,150,1,109,29,105],"tags":[],"class_list":["post-15234","post","type-post","status-publish","format-standard","has-post-thumbnail","hentry","category-ci","category-cm","category-cs","category-ei","category-eso","category-estelet","category-general","category-musica","category-portada","category-pc"],"post_mailing_queue_ids":[],"_links":{"self":[{"href":"https:\/\/agora.xtec.cat\/iecastell\/wp-json\/wp\/v2\/posts\/15234","targetHints":{"allow":["GET"]}}],"collection":[{"href":"https:\/\/agora.xtec.cat\/iecastell\/wp-json\/wp\/v2\/posts"}],"about":[{"href":"https:\/\/agora.xtec.cat\/iecastell\/wp-json\/wp\/v2\/types\/post"}],"author":[{"embeddable":true,"href":"https:\/\/agora.xtec.cat\/iecastell\/wp-json\/wp\/v2\/users\/41"}],"replies":[{"embeddable":true,"href":"https:\/\/agora.xtec.cat\/iecastell\/wp-json\/wp\/v2\/comments?post=15234"}],"version-history":[{"count":1,"href":"https:\/\/agora.xtec.cat\/iecastell\/wp-json\/wp\/v2\/posts\/15234\/revisions"}],"predecessor-version":[{"id":15236,"href":"https:\/\/agora.xtec.cat\/iecastell\/wp-json\/wp\/v2\/posts\/15234\/revisions\/15236"}],"wp:featuredmedia":[{"embeddable":true,"href":"https:\/\/agora.xtec.cat\/iecastell\/wp-json\/wp\/v2\/media\/15235"}],"wp:attachment":[{"href":"https:\/\/agora.xtec.cat\/iecastell\/wp-json\/wp\/v2\/media?parent=15234"}],"wp:term":[{"taxonomy":"category","embeddable":true,"href":"https:\/\/agora.xtec.cat\/iecastell\/wp-json\/wp\/v2\/categories?post=15234"},{"taxonomy":"post_tag","embeddable":true,"href":"https:\/\/agora.xtec.cat\/iecastell\/wp-json\/wp\/v2\/tags?post=15234"}],"curies":[{"name":"wp","href":"https:\/\/api.w.org\/{rel}","templated":true}]}}