{"id":14719,"date":"2022-11-21T16:26:43","date_gmt":"2022-11-21T15:26:43","guid":{"rendered":"https:\/\/agora.xtec.cat\/iecastell\/?p=14719"},"modified":"2022-11-21T16:27:55","modified_gmt":"2022-11-21T15:27:55","slug":"sortida-al-museu-de-la-ciencia-i-la-tecnica-de-manresa","status":"publish","type":"post","link":"https:\/\/agora.xtec.cat\/iecastell\/general\/sortida-al-museu-de-la-ciencia-i-la-tecnica-de-manresa\/","title":{"rendered":"Sortida al Museu de la Ci\u00e8ncia i la T\u00e8cnica de Manresa"},"content":{"rendered":"<h6>El dimecres 16 de novembre, l&#8217;alumnat de 4t d&#8217;ESO ens hem despla\u00e7at a Manresa per participar en una doble visita guiada-taller. D&#8217;una banda, ens hem endinsat en el sentit com\u00fa de les matem\u00e0tiques, i, de l&#8217;altra, a l&#8217;univers de la dona als inicis del m\u00f3n industrial; activitats dutes a terme al Museu de la Ci\u00e8ncia i la T\u00e8cnica de Manresa. <img loading=\"lazy\" decoding=\"async\" class=\"aligncenter size-full wp-image-14720\" src=\"https:\/\/agora.xtec.cat\/iecastell\/wp-content\/uploads\/usu288\/2022\/11\/Picture1.png\" alt=\"\" width=\"449\" height=\"252\" srcset=\"https:\/\/agora.xtec.cat\/iecastell\/wp-content\/uploads\/usu288\/2022\/11\/Picture1.png 449w, https:\/\/agora.xtec.cat\/iecastell\/wp-content\/uploads\/usu288\/2022\/11\/Picture1-300x168.png 300w\" sizes=\"auto, (max-width: 449px) 100vw, 449px\" \/><\/h6>\n<p>Tot seguit us deixem un tast de les activitats dutes a terme.<\/p>\n<h1>El sentit com\u00fa de les matem\u00e0tiques<\/h1>\n<p>Cada dia i a tothora, des que ens llevem fins que ens n\u2019anem a dormir, les matem\u00e0tiques s\u00f3n al nostre voltant. M\u00e9s enll\u00e0 de les f\u00f3rmules, la seva funci\u00f3 \u00e9s facilitar-nos la vida de cada dia.<\/p>\n<p>Durant el taller s\u2019han treballat diferents compet\u00e8ncies com:<\/p>\n<ul>\n<li>Fer preguntes i generar problemes de caire matem\u00e0tic.<\/li>\n<li>Fer conjectures matem\u00e0tiques adients en situacions quotidianes i comprovar-les.<\/li>\n<li>Identificar les matem\u00e0tiques implicades en situacions quotidianes i escolars i cercar situacions que es puguin relacionar amb idees matem\u00e0tiques concretes.<\/li>\n<\/ul>\n<p><img loading=\"lazy\" decoding=\"async\" class=\"aligncenter wp-image-14724\" src=\"https:\/\/agora.xtec.cat\/iecastell\/wp-content\/uploads\/usu288\/2022\/11\/Picture21.png\" alt=\"\" width=\"157\" height=\"280\" srcset=\"https:\/\/agora.xtec.cat\/iecastell\/wp-content\/uploads\/usu288\/2022\/11\/Picture21.png 260w, https:\/\/agora.xtec.cat\/iecastell\/wp-content\/uploads\/usu288\/2022\/11\/Picture21-168x300.png 168w\" sizes=\"auto, (max-width: 157px) 100vw, 157px\" \/><\/p>\n<h1>La dona al m\u00f3n industrial<\/h1>\n<p>Les dones sempre han treballat al m\u00f3n industrial, per\u00f2 durant molt de temps la seva important aportaci\u00f3 va ser invisibilitzada. Mitjan\u00e7ant la visita, ens hem endinsat en una s\u00e8rie d\u2019activitats, en clau de g\u00e8nere, per comprendre millor el treball de la dona a la ind\u00fastria, hist\u00f2ricament i a l\u2019actualitat.<\/p>\n<p>Durant el taller s\u2019han treballat diferents compet\u00e8ncies com:<\/p>\n<ul>\n<li>Interpretar que el present \u00e9s producte del passat, per comprendre que el futur \u00e9s fruit de les decisions i accions actuals.<\/li>\n<li>Identificar i valorar la identitat individual i col\u00b7lectiva per comprendre la seva intervenci\u00f3 en la construcci\u00f3 de subjectes hist\u00f2rics.<img loading=\"lazy\" decoding=\"async\" class=\"aligncenter wp-image-14723\" src=\"https:\/\/agora.xtec.cat\/iecastell\/wp-content\/uploads\/usu288\/2022\/11\/Captura-de-pantalla-2022-11-21-a-les-15.53.52.png\" alt=\"\" width=\"376\" height=\"302\" srcset=\"https:\/\/agora.xtec.cat\/iecastell\/wp-content\/uploads\/usu288\/2022\/11\/Captura-de-pantalla-2022-11-21-a-les-15.53.52.png 1102w, https:\/\/agora.xtec.cat\/iecastell\/wp-content\/uploads\/usu288\/2022\/11\/Captura-de-pantalla-2022-11-21-a-les-15.53.52-300x241.png 300w, https:\/\/agora.xtec.cat\/iecastell\/wp-content\/uploads\/usu288\/2022\/11\/Captura-de-pantalla-2022-11-21-a-les-15.53.52-1024x823.png 1024w, https:\/\/agora.xtec.cat\/iecastell\/wp-content\/uploads\/usu288\/2022\/11\/Captura-de-pantalla-2022-11-21-a-les-15.53.52-768x617.png 768w\" sizes=\"auto, (max-width: 376px) 100vw, 376px\" \/><\/li>\n<\/ul>\n<p><img loading=\"lazy\" decoding=\"async\" class=\"aligncenter wp-image-14721\" src=\"https:\/\/agora.xtec.cat\/iecastell\/wp-content\/uploads\/usu288\/2022\/11\/Captura-de-pantalla-2022-11-21-a-les-15.51.28.png\" alt=\"\" width=\"342\" height=\"501\" srcset=\"https:\/\/agora.xtec.cat\/iecastell\/wp-content\/uploads\/usu288\/2022\/11\/Captura-de-pantalla-2022-11-21-a-les-15.51.28.png 854w, https:\/\/agora.xtec.cat\/iecastell\/wp-content\/uploads\/usu288\/2022\/11\/Captura-de-pantalla-2022-11-21-a-les-15.51.28-205x300.png 205w, https:\/\/agora.xtec.cat\/iecastell\/wp-content\/uploads\/usu288\/2022\/11\/Captura-de-pantalla-2022-11-21-a-les-15.51.28-700x1024.png 700w, https:\/\/agora.xtec.cat\/iecastell\/wp-content\/uploads\/usu288\/2022\/11\/Captura-de-pantalla-2022-11-21-a-les-15.51.28-768x1124.png 768w\" sizes=\"auto, (max-width: 342px) 100vw, 342px\" \/><\/p>\n","protected":false},"excerpt":{"rendered":"<p>El dimecres 16 de novembre, l&#8217;alumnat de 4t d&#8217;ESO ens hem despla\u00e7at a Manresa per participar en una doble visita guiada-taller. D&#8217;una banda, ens hem endinsat en el sentit com\u00fa de les matem\u00e0tiques, i, de l&#8217;altra, a l&#8217;univers de la dona als inicis del m\u00f3n industrial; activitats dutes a terme al Museu de la Ci\u00e8ncia [&hellip;]<\/p>\n","protected":false},"author":15,"featured_media":14724,"comment_status":"open","ping_status":"closed","sticky":false,"template":"","format":"standard","meta":{"_bbp_topic_count":0,"_bbp_reply_count":0,"_bbp_total_topic_count":0,"_bbp_total_reply_count":0,"_bbp_voice_count":0,"_bbp_anonymous_reply_count":0,"_bbp_topic_count_hidden":0,"_bbp_reply_count_hidden":0,"_bbp_forum_subforum_count":0,"site-sidebar-layout":"default","site-content-layout":"","ast-site-content-layout":"","site-content-style":"default","site-sidebar-style":"default","ast-global-header-display":"","ast-banner-title-visibility":"","ast-main-header-display":"","ast-hfb-above-header-display":"","ast-hfb-below-header-display":"","ast-hfb-mobile-header-display":"","site-post-title":"","ast-breadcrumbs-content":"","ast-featured-img":"","footer-sml-layout":"","theme-transparent-header-meta":"","adv-header-id-meta":"","stick-header-meta":"","header-above-stick-meta":"","header-main-stick-meta":"","header-below-stick-meta":"","astra-migrate-meta-layouts":"default","ast-page-background-enabled":"default","ast-page-background-meta":{"desktop":{"background-color":"var(--ast-global-color-4)","background-image":"","background-repeat":"repeat","background-position":"center center","background-size":"auto","background-attachment":"scroll","background-type":"","background-media":"","overlay-type":"","overlay-color":"","overlay-opacity":"","overlay-gradient":""},"tablet":{"background-color":"","background-image":"","background-repeat":"repeat","background-position":"center center","background-size":"auto","background-attachment":"scroll","background-type":"","background-media":"","overlay-type":"","overlay-color":"","overlay-opacity":"","overlay-gradient":""},"mobile":{"background-color":"","background-image":"","background-repeat":"repeat","background-position":"center center","background-size":"auto","background-attachment":"scroll","background-type":"","background-media":"","overlay-type":"","overlay-color":"","overlay-opacity":"","overlay-gradient":""}},"ast-content-background-meta":{"desktop":{"background-color":"var(--ast-global-color-5)","background-image":"","background-repeat":"repeat","background-position":"center center","background-size":"auto","background-attachment":"scroll","background-type":"","background-media":"","overlay-type":"","overlay-color":"","overlay-opacity":"","overlay-gradient":""},"tablet":{"background-color":"var(--ast-global-color-5)","background-image":"","background-repeat":"repeat","background-position":"center center","background-size":"auto","background-attachment":"scroll","background-type":"","background-media":"","overlay-type":"","overlay-color":"","overlay-opacity":"","overlay-gradient":""},"mobile":{"background-color":"var(--ast-global-color-5)","background-image":"","background-repeat":"repeat","background-position":"center center","background-size":"auto","background-attachment":"scroll","background-type":"","background-media":"","overlay-type":"","overlay-color":"","overlay-opacity":"","overlay-gradient":""}},"footnotes":""},"categories":[102,1,29],"tags":[141,41],"class_list":["post-14719","post","type-post","status-publish","format-standard","has-post-thumbnail","hentry","category-eso","category-general","category-portada","tag-ciencies-socials","tag-matematiques"],"post_mailing_queue_ids":[],"_links":{"self":[{"href":"https:\/\/agora.xtec.cat\/iecastell\/wp-json\/wp\/v2\/posts\/14719","targetHints":{"allow":["GET"]}}],"collection":[{"href":"https:\/\/agora.xtec.cat\/iecastell\/wp-json\/wp\/v2\/posts"}],"about":[{"href":"https:\/\/agora.xtec.cat\/iecastell\/wp-json\/wp\/v2\/types\/post"}],"author":[{"embeddable":true,"href":"https:\/\/agora.xtec.cat\/iecastell\/wp-json\/wp\/v2\/users\/15"}],"replies":[{"embeddable":true,"href":"https:\/\/agora.xtec.cat\/iecastell\/wp-json\/wp\/v2\/comments?post=14719"}],"version-history":[{"count":1,"href":"https:\/\/agora.xtec.cat\/iecastell\/wp-json\/wp\/v2\/posts\/14719\/revisions"}],"predecessor-version":[{"id":14725,"href":"https:\/\/agora.xtec.cat\/iecastell\/wp-json\/wp\/v2\/posts\/14719\/revisions\/14725"}],"wp:featuredmedia":[{"embeddable":true,"href":"https:\/\/agora.xtec.cat\/iecastell\/wp-json\/wp\/v2\/media\/14724"}],"wp:attachment":[{"href":"https:\/\/agora.xtec.cat\/iecastell\/wp-json\/wp\/v2\/media?parent=14719"}],"wp:term":[{"taxonomy":"category","embeddable":true,"href":"https:\/\/agora.xtec.cat\/iecastell\/wp-json\/wp\/v2\/categories?post=14719"},{"taxonomy":"post_tag","embeddable":true,"href":"https:\/\/agora.xtec.cat\/iecastell\/wp-json\/wp\/v2\/tags?post=14719"}],"curies":[{"name":"wp","href":"https:\/\/api.w.org\/{rel}","templated":true}]}}