{"id":14371,"date":"2022-07-11T11:18:55","date_gmt":"2022-07-11T09:18:55","guid":{"rendered":"https:\/\/agora.xtec.cat\/iecastell\/?p=14371"},"modified":"2022-07-11T11:18:55","modified_gmt":"2022-07-11T09:18:55","slug":"vii-simposi-de-docents-de-la-xarxa-estatal-de-centres-sostenibles","status":"publish","type":"post","link":"https:\/\/agora.xtec.cat\/iecastell\/general\/vii-simposi-de-docents-de-la-xarxa-estatal-de-centres-sostenibles\/","title":{"rendered":"VII Simposi de docents de la xarxa estatal de centres sostenibles"},"content":{"rendered":"<div>La setmana passada, la docent d&#8217;ESO i coordinadora d&#8217;Escola Verda i sostenibilitat del centre, l&#8217;Elena Mart\u00ednez, va formar part de la delegaci\u00f3 catalana al VII Simposi de docents de la xarxa estatal de centres sostenibles al CENEAM, celebrat a Segovia, tot representant a l&#8217;IE Castellter\u00e7ol.<\/div>\n<div><\/div>\n<div>All\u00e0 va poder compartir experi\u00e8ncies i projectes, aix\u00ed com explicar com treballem la sostenibilitat a l&#8217;@iecastell. Amb les pil\u2022les carregades d&#8217;il\u00b7lusi\u00f3 i amb tot un cam\u00ed per rec\u00f3rrer com a claustre i comunitat educativa, aquest curs estem decidits a articular l&#8217;educaci\u00f3 ambiental i els ODS (Agenda 2030) al centre a partir del treball de la compet\u00e8ncia ecosocial.<\/div>\n<div><\/div>\n<div><\/div>\n<div><a href=\"https:\/\/agora.xtec.cat\/iecastell\/wp-content\/uploads\/usu288\/2022\/07\/image-11-07-22-10-43.jpeg\"><img loading=\"lazy\" decoding=\"async\" class=\"alignnone  wp-image-14372\" src=\"https:\/\/agora.xtec.cat\/iecastell\/wp-content\/uploads\/usu288\/2022\/07\/image-11-07-22-10-43.jpeg\" alt=\"\" width=\"645\" height=\"339\" srcset=\"https:\/\/agora.xtec.cat\/iecastell\/wp-content\/uploads\/usu288\/2022\/07\/image-11-07-22-10-43.jpeg 842w, https:\/\/agora.xtec.cat\/iecastell\/wp-content\/uploads\/usu288\/2022\/07\/image-11-07-22-10-43-300x158.jpeg 300w, https:\/\/agora.xtec.cat\/iecastell\/wp-content\/uploads\/usu288\/2022\/07\/image-11-07-22-10-43-768x404.jpeg 768w\" sizes=\"auto, (max-width: 645px) 100vw, 645px\" \/><\/a> <a href=\"https:\/\/agora.xtec.cat\/iecastell\/wp-content\/uploads\/usu288\/2022\/07\/image-11-07-22-10-43-1.jpeg\"><img loading=\"lazy\" decoding=\"async\" class=\"alignnone  wp-image-14373\" src=\"https:\/\/agora.xtec.cat\/iecastell\/wp-content\/uploads\/usu288\/2022\/07\/image-11-07-22-10-43-1.jpeg\" alt=\"\" width=\"647\" height=\"340\" srcset=\"https:\/\/agora.xtec.cat\/iecastell\/wp-content\/uploads\/usu288\/2022\/07\/image-11-07-22-10-43-1.jpeg 842w, https:\/\/agora.xtec.cat\/iecastell\/wp-content\/uploads\/usu288\/2022\/07\/image-11-07-22-10-43-1-300x158.jpeg 300w, https:\/\/agora.xtec.cat\/iecastell\/wp-content\/uploads\/usu288\/2022\/07\/image-11-07-22-10-43-1-768x404.jpeg 768w\" sizes=\"auto, (max-width: 647px) 100vw, 647px\" \/><\/a> <a href=\"https:\/\/agora.xtec.cat\/iecastell\/wp-content\/uploads\/usu288\/2022\/07\/image-11-07-22-10-43-2.jpeg\"><img loading=\"lazy\" decoding=\"async\" class=\"alignnone  wp-image-14374\" src=\"https:\/\/agora.xtec.cat\/iecastell\/wp-content\/uploads\/usu288\/2022\/07\/image-11-07-22-10-43-2.jpeg\" alt=\"\" width=\"664\" height=\"348\" srcset=\"https:\/\/agora.xtec.cat\/iecastell\/wp-content\/uploads\/usu288\/2022\/07\/image-11-07-22-10-43-2.jpeg 538w, https:\/\/agora.xtec.cat\/iecastell\/wp-content\/uploads\/usu288\/2022\/07\/image-11-07-22-10-43-2-300x157.jpeg 300w\" sizes=\"auto, (max-width: 664px) 100vw, 664px\" \/><\/a> <a href=\"https:\/\/agora.xtec.cat\/iecastell\/wp-content\/uploads\/usu288\/2022\/07\/image-11-07-22-10-43-3.jpeg\"><img loading=\"lazy\" decoding=\"async\" class=\"alignnone  wp-image-14375\" src=\"https:\/\/agora.xtec.cat\/iecastell\/wp-content\/uploads\/usu288\/2022\/07\/image-11-07-22-10-43-3.jpeg\" alt=\"\" width=\"677\" height=\"356\" srcset=\"https:\/\/agora.xtec.cat\/iecastell\/wp-content\/uploads\/usu288\/2022\/07\/image-11-07-22-10-43-3.jpeg 841w, https:\/\/agora.xtec.cat\/iecastell\/wp-content\/uploads\/usu288\/2022\/07\/image-11-07-22-10-43-3-300x158.jpeg 300w, https:\/\/agora.xtec.cat\/iecastell\/wp-content\/uploads\/usu288\/2022\/07\/image-11-07-22-10-43-3-768x404.jpeg 768w\" sizes=\"auto, (max-width: 677px) 100vw, 677px\" \/><\/a><\/div>\n","protected":false},"excerpt":{"rendered":"<p>La setmana passada, la docent d&#8217;ESO i coordinadora d&#8217;Escola Verda i sostenibilitat del centre, l&#8217;Elena Mart\u00ednez, va formar part de la delegaci\u00f3 catalana al VII Simposi de docents de la xarxa estatal de centres sostenibles al CENEAM, celebrat a Segovia, tot representant a l&#8217;IE Castellter\u00e7ol. All\u00e0 va poder compartir experi\u00e8ncies i projectes, aix\u00ed com explicar [&hellip;]<\/p>\n","protected":false},"author":41,"featured_media":14375,"comment_status":"open","ping_status":"closed","sticky":false,"template":"","format":"standard","meta":{"_bbp_topic_count":0,"_bbp_reply_count":0,"_bbp_total_topic_count":0,"_bbp_total_reply_count":0,"_bbp_voice_count":0,"_bbp_anonymous_reply_count":0,"_bbp_topic_count_hidden":0,"_bbp_reply_count_hidden":0,"_bbp_forum_subforum_count":0,"site-sidebar-layout":"default","site-content-layout":"","ast-site-content-layout":"","site-content-style":"default","site-sidebar-style":"default","ast-global-header-display":"","ast-banner-title-visibility":"","ast-main-header-display":"","ast-hfb-above-header-display":"","ast-hfb-below-header-display":"","ast-hfb-mobile-header-display":"","site-post-title":"","ast-breadcrumbs-content":"","ast-featured-img":"","footer-sml-layout":"","theme-transparent-header-meta":"","adv-header-id-meta":"","stick-header-meta":"","header-above-stick-meta":"","header-main-stick-meta":"","header-below-stick-meta":"","astra-migrate-meta-layouts":"default","ast-page-background-enabled":"default","ast-page-background-meta":{"desktop":{"background-color":"var(--ast-global-color-4)","background-image":"","background-repeat":"repeat","background-position":"center center","background-size":"auto","background-attachment":"scroll","background-type":"","background-media":"","overlay-type":"","overlay-color":"","overlay-opacity":"","overlay-gradient":""},"tablet":{"background-color":"","background-image":"","background-repeat":"repeat","background-position":"center center","background-size":"auto","background-attachment":"scroll","background-type":"","background-media":"","overlay-type":"","overlay-color":"","overlay-opacity":"","overlay-gradient":""},"mobile":{"background-color":"","background-image":"","background-repeat":"repeat","background-position":"center center","background-size":"auto","background-attachment":"scroll","background-type":"","background-media":"","overlay-type":"","overlay-color":"","overlay-opacity":"","overlay-gradient":""}},"ast-content-background-meta":{"desktop":{"background-color":"var(--ast-global-color-5)","background-image":"","background-repeat":"repeat","background-position":"center center","background-size":"auto","background-attachment":"scroll","background-type":"","background-media":"","overlay-type":"","overlay-color":"","overlay-opacity":"","overlay-gradient":""},"tablet":{"background-color":"var(--ast-global-color-5)","background-image":"","background-repeat":"repeat","background-position":"center center","background-size":"auto","background-attachment":"scroll","background-type":"","background-media":"","overlay-type":"","overlay-color":"","overlay-opacity":"","overlay-gradient":""},"mobile":{"background-color":"var(--ast-global-color-5)","background-image":"","background-repeat":"repeat","background-position":"center center","background-size":"auto","background-attachment":"scroll","background-type":"","background-media":"","overlay-type":"","overlay-color":"","overlay-opacity":"","overlay-gradient":""}},"footnotes":""},"categories":[1,29],"tags":[],"class_list":["post-14371","post","type-post","status-publish","format-standard","has-post-thumbnail","hentry","category-general","category-portada"],"post_mailing_queue_ids":[],"_links":{"self":[{"href":"https:\/\/agora.xtec.cat\/iecastell\/wp-json\/wp\/v2\/posts\/14371","targetHints":{"allow":["GET"]}}],"collection":[{"href":"https:\/\/agora.xtec.cat\/iecastell\/wp-json\/wp\/v2\/posts"}],"about":[{"href":"https:\/\/agora.xtec.cat\/iecastell\/wp-json\/wp\/v2\/types\/post"}],"author":[{"embeddable":true,"href":"https:\/\/agora.xtec.cat\/iecastell\/wp-json\/wp\/v2\/users\/41"}],"replies":[{"embeddable":true,"href":"https:\/\/agora.xtec.cat\/iecastell\/wp-json\/wp\/v2\/comments?post=14371"}],"version-history":[{"count":1,"href":"https:\/\/agora.xtec.cat\/iecastell\/wp-json\/wp\/v2\/posts\/14371\/revisions"}],"predecessor-version":[{"id":14376,"href":"https:\/\/agora.xtec.cat\/iecastell\/wp-json\/wp\/v2\/posts\/14371\/revisions\/14376"}],"wp:featuredmedia":[{"embeddable":true,"href":"https:\/\/agora.xtec.cat\/iecastell\/wp-json\/wp\/v2\/media\/14375"}],"wp:attachment":[{"href":"https:\/\/agora.xtec.cat\/iecastell\/wp-json\/wp\/v2\/media?parent=14371"}],"wp:term":[{"taxonomy":"category","embeddable":true,"href":"https:\/\/agora.xtec.cat\/iecastell\/wp-json\/wp\/v2\/categories?post=14371"},{"taxonomy":"post_tag","embeddable":true,"href":"https:\/\/agora.xtec.cat\/iecastell\/wp-json\/wp\/v2\/tags?post=14371"}],"curies":[{"name":"wp","href":"https:\/\/api.w.org\/{rel}","templated":true}]}}