{"id":13586,"date":"2022-02-20T21:57:46","date_gmt":"2022-02-20T20:57:46","guid":{"rendered":"https:\/\/agora.xtec.cat\/iecastell\/?p=13586"},"modified":"2022-02-20T21:57:46","modified_gmt":"2022-02-20T20:57:46","slug":"visita-al-parc-cultural-de-la-muntanya-de-sal","status":"publish","type":"post","link":"https:\/\/agora.xtec.cat\/iecastell\/general\/visita-al-parc-cultural-de-la-muntanya-de-sal\/","title":{"rendered":"Visita al Parc Cultural de la Muntanya de Sal"},"content":{"rendered":"<p>El passat divendres 17 de febrer, els i les alumnes de Cicle Mitj\u00e0 vam viatjar fins a Cardona. All\u00e0 s&#8217;hi troba el Parc Cultural de la Muntanya de Sal, un lloc m\u00e0gic on durant tot el dia vam poder viure diferents experi\u00e8ncies amb la sal, un condiment i\/o additiu alimentari molt quotidi\u00e0 i que desconeix\u00edem tot el ventall de recursos que \u00e9s capa\u00e7 de donar aquest condiment, que nosaltres nom\u00e9s cr\u00e8iem posar \u00fanicament en el menjar per donar-li millor sabor.<\/p>\n<p>Una vegada arribats i esmorzats, ja vam tenir el primer contacte amb la sal. Vam fer diferents experiments per con\u00e8ixer b\u00e9 la sal: observant-la, olorant-la, tocant-la, etc. i veient que hi ha diferents tipus de sal, i que t\u00e9 diferents utilitats.<\/p>\n<p>Despr\u00e9s d&#8217;aquests experiments, ens vam posar un casc i ens vam endinsar en un recorregut guiat per 500metres de galeries a 86 metres de profunditat a l&#8217;interior de la Muntanya de Sal, on vam poder observar tot el seu esplendor i espectacularitat dels diferents plegaments i vetes del jaciment i la diversitat de minerals. Durant aquest recorregut, ens van fer diferents explicacions de les mines, el seu rendiment i tot sobre els seus treballadors de l&#8217;\u00e8poca, un viatge en el temps que ens semblava molt lluny\u00e0 i alhora interessant.<\/p>\n<p>Encara ens queda algun experiment per fer&#8230; Per\u00f2 ja us podem anticipar que ens va encantar la visita i tamb\u00e9 vam aprendre molt!<\/p>\n<p>Aqu\u00ed podeu veure les fotografies de la nostra experi\u00e8ncia: <a href=\"https:\/\/photos.app.goo.gl\/f3JnXqbi2wSWcDZE9\">Fotografies Excursi\u00f3 Cardona<\/a><\/p>\n","protected":false},"excerpt":{"rendered":"<p>El passat divendres 17 de febrer, els i les alumnes de Cicle Mitj\u00e0 vam viatjar fins a Cardona. All\u00e0 s&#8217;hi troba el Parc Cultural de la Muntanya de Sal, un lloc m\u00e0gic on durant tot el dia vam poder viure diferents experi\u00e8ncies amb la sal, un condiment i\/o additiu alimentari molt quotidi\u00e0 i que desconeix\u00edem [&hellip;]<\/p>\n","protected":false},"author":13,"featured_media":13587,"comment_status":"open","ping_status":"closed","sticky":false,"template":"","format":"standard","meta":{"_bbp_topic_count":0,"_bbp_reply_count":0,"_bbp_total_topic_count":0,"_bbp_total_reply_count":0,"_bbp_voice_count":0,"_bbp_anonymous_reply_count":0,"_bbp_topic_count_hidden":0,"_bbp_reply_count_hidden":0,"_bbp_forum_subforum_count":0,"site-sidebar-layout":"default","site-content-layout":"","ast-site-content-layout":"","site-content-style":"default","site-sidebar-style":"default","ast-global-header-display":"","ast-banner-title-visibility":"","ast-main-header-display":"","ast-hfb-above-header-display":"","ast-hfb-below-header-display":"","ast-hfb-mobile-header-display":"","site-post-title":"","ast-breadcrumbs-content":"","ast-featured-img":"","footer-sml-layout":"","theme-transparent-header-meta":"","adv-header-id-meta":"","stick-header-meta":"","header-above-stick-meta":"","header-main-stick-meta":"","header-below-stick-meta":"","astra-migrate-meta-layouts":"default","ast-page-background-enabled":"default","ast-page-background-meta":{"desktop":{"background-color":"var(--ast-global-color-4)","background-image":"","background-repeat":"repeat","background-position":"center center","background-size":"auto","background-attachment":"scroll","background-type":"","background-media":"","overlay-type":"","overlay-color":"","overlay-opacity":"","overlay-gradient":""},"tablet":{"background-color":"","background-image":"","background-repeat":"repeat","background-position":"center center","background-size":"auto","background-attachment":"scroll","background-type":"","background-media":"","overlay-type":"","overlay-color":"","overlay-opacity":"","overlay-gradient":""},"mobile":{"background-color":"","background-image":"","background-repeat":"repeat","background-position":"center center","background-size":"auto","background-attachment":"scroll","background-type":"","background-media":"","overlay-type":"","overlay-color":"","overlay-opacity":"","overlay-gradient":""}},"ast-content-background-meta":{"desktop":{"background-color":"var(--ast-global-color-5)","background-image":"","background-repeat":"repeat","background-position":"center center","background-size":"auto","background-attachment":"scroll","background-type":"","background-media":"","overlay-type":"","overlay-color":"","overlay-opacity":"","overlay-gradient":""},"tablet":{"background-color":"var(--ast-global-color-5)","background-image":"","background-repeat":"repeat","background-position":"center center","background-size":"auto","background-attachment":"scroll","background-type":"","background-media":"","overlay-type":"","overlay-color":"","overlay-opacity":"","overlay-gradient":""},"mobile":{"background-color":"var(--ast-global-color-5)","background-image":"","background-repeat":"repeat","background-position":"center center","background-size":"auto","background-attachment":"scroll","background-type":"","background-media":"","overlay-type":"","overlay-color":"","overlay-opacity":"","overlay-gradient":""}},"footnotes":""},"categories":[147,1,29],"tags":[],"class_list":["post-13586","post","type-post","status-publish","format-standard","has-post-thumbnail","hentry","category-cm","category-general","category-portada"],"post_mailing_queue_ids":[],"_links":{"self":[{"href":"https:\/\/agora.xtec.cat\/iecastell\/wp-json\/wp\/v2\/posts\/13586","targetHints":{"allow":["GET"]}}],"collection":[{"href":"https:\/\/agora.xtec.cat\/iecastell\/wp-json\/wp\/v2\/posts"}],"about":[{"href":"https:\/\/agora.xtec.cat\/iecastell\/wp-json\/wp\/v2\/types\/post"}],"author":[{"embeddable":true,"href":"https:\/\/agora.xtec.cat\/iecastell\/wp-json\/wp\/v2\/users\/13"}],"replies":[{"embeddable":true,"href":"https:\/\/agora.xtec.cat\/iecastell\/wp-json\/wp\/v2\/comments?post=13586"}],"version-history":[{"count":1,"href":"https:\/\/agora.xtec.cat\/iecastell\/wp-json\/wp\/v2\/posts\/13586\/revisions"}],"predecessor-version":[{"id":13588,"href":"https:\/\/agora.xtec.cat\/iecastell\/wp-json\/wp\/v2\/posts\/13586\/revisions\/13588"}],"wp:featuredmedia":[{"embeddable":true,"href":"https:\/\/agora.xtec.cat\/iecastell\/wp-json\/wp\/v2\/media\/13587"}],"wp:attachment":[{"href":"https:\/\/agora.xtec.cat\/iecastell\/wp-json\/wp\/v2\/media?parent=13586"}],"wp:term":[{"taxonomy":"category","embeddable":true,"href":"https:\/\/agora.xtec.cat\/iecastell\/wp-json\/wp\/v2\/categories?post=13586"},{"taxonomy":"post_tag","embeddable":true,"href":"https:\/\/agora.xtec.cat\/iecastell\/wp-json\/wp\/v2\/tags?post=13586"}],"curies":[{"name":"wp","href":"https:\/\/api.w.org\/{rel}","templated":true}]}}