{"id":13577,"date":"2022-02-20T20:49:23","date_gmt":"2022-02-20T19:49:23","guid":{"rendered":"https:\/\/agora.xtec.cat\/iecastell\/?p=13577"},"modified":"2022-02-20T20:49:23","modified_gmt":"2022-02-20T19:49:23","slug":"treballem-la-dansa-de-castelltercol-i-el-ball-del-ciri","status":"publish","type":"post","link":"https:\/\/agora.xtec.cat\/iecastell\/general\/treballem-la-dansa-de-castelltercol-i-el-ball-del-ciri\/","title":{"rendered":"Treballem la Dansa de Castellter\u00e7ol i el Ball del Ciri"},"content":{"rendered":"<p>El proppassat dimarts, 15 de febrer, l\u2019alumnat de 3r d\u2019ESO v\u00e0rem fer una visita a l\u2019Espai de la Dansa, situat al vest\u00edbul de Can Recader. Aquesta activitat est\u00e0 emmarcada dins de l\u2019assignatura \u201cProjecte Itinerari\u201d, en la qual, durant aquest segon trimestre estem treballant la Dansa de Castellter\u00e7ol i el Ball del Ciri.<br \/>\nL\u2019activitat va progressar com tot seguit exposem: en un primer moment, la Juaqui, membre del Consell de la Dansa, i l\u2019Alba Bou, balladora, ens van fer una breu explicaci\u00f3 de l\u2019origen de la dansa, de la indument\u00e0ria, dels passos, dels objectes relacionats amb els balls, i fins i tot ens varen confiar algunes an\u00e8cdotes divertides. Despr\u00e9s, tant la Juaqui com l\u2019Alba ens varen ensenyar les diferents tirades, els 23 punts, les espolsadetes\u2026, passos que cal saber-se fil per randa, per tal de ballar b\u00e9 la Dansa. I per acabar, l\u2019Alba i la Juaqui ens varen preparar la seg\u00fcent sorpresa com a colof\u00f3 de la jornada: igual com al final de la Dansa es tiren les ampolles des de la pla\u00e7a Vella als jardins de Can Recader, nosaltres v\u00e0rem poder tirar uns globus plens d\u2019aigua, amb l\u2019objectiu de buscar el mateix efecte de les ampolles que es tiren al final de la dansa, ical dir que alguns de nosaltres v\u00e0rem superar la prova fent que els nostres globus arribessin als jardins.<br \/>\n<a href=\"https:\/\/drive.google.com\/drive\/folders\/11R0hfbgYVZOuhEoR4_BcVWOuioGfZTM5?usp=sharing\">Us en deixem un breu tast<\/a>.<\/p>\n<p><img loading=\"lazy\" decoding=\"async\" class=\"aligncenter size-thumbnail wp-image-13581\" src=\"https:\/\/agora.xtec.cat\/iecastell\/wp-content\/uploads\/usu288\/2022\/02\/IMG_9594-150x150.jpg\" alt=\"\" width=\"150\" height=\"150\" \/><\/p>\n<p>\u201cCantem, jovent, que va de bo,<br \/>\nDansem de punta i de tal\u00f3;<br \/>\nQui canta los seus mals espanta,<br \/>\nCantem, dansem de bo i millor\u201d.<\/p>\n","protected":false},"excerpt":{"rendered":"<p>El proppassat dimarts, 15 de febrer, l\u2019alumnat de 3r d\u2019ESO v\u00e0rem fer una visita a l\u2019Espai de la Dansa, situat al vest\u00edbul de Can Recader. Aquesta activitat est\u00e0 emmarcada dins de l\u2019assignatura \u201cProjecte Itinerari\u201d, en la qual, durant aquest segon trimestre estem treballant la Dansa de Castellter\u00e7ol i el Ball del Ciri. L\u2019activitat va progressar [&hellip;]<\/p>\n","protected":false},"author":15,"featured_media":13581,"comment_status":"open","ping_status":"closed","sticky":false,"template":"","format":"standard","meta":{"_bbp_topic_count":0,"_bbp_reply_count":0,"_bbp_total_topic_count":0,"_bbp_total_reply_count":0,"_bbp_voice_count":0,"_bbp_anonymous_reply_count":0,"_bbp_topic_count_hidden":0,"_bbp_reply_count_hidden":0,"_bbp_forum_subforum_count":0,"site-sidebar-layout":"default","site-content-layout":"","ast-site-content-layout":"","site-content-style":"default","site-sidebar-style":"default","ast-global-header-display":"","ast-banner-title-visibility":"","ast-main-header-display":"","ast-hfb-above-header-display":"","ast-hfb-below-header-display":"","ast-hfb-mobile-header-display":"","site-post-title":"","ast-breadcrumbs-content":"","ast-featured-img":"","footer-sml-layout":"","theme-transparent-header-meta":"","adv-header-id-meta":"","stick-header-meta":"","header-above-stick-meta":"","header-main-stick-meta":"","header-below-stick-meta":"","astra-migrate-meta-layouts":"default","ast-page-background-enabled":"default","ast-page-background-meta":{"desktop":{"background-color":"var(--ast-global-color-4)","background-image":"","background-repeat":"repeat","background-position":"center center","background-size":"auto","background-attachment":"scroll","background-type":"","background-media":"","overlay-type":"","overlay-color":"","overlay-opacity":"","overlay-gradient":""},"tablet":{"background-color":"","background-image":"","background-repeat":"repeat","background-position":"center center","background-size":"auto","background-attachment":"scroll","background-type":"","background-media":"","overlay-type":"","overlay-color":"","overlay-opacity":"","overlay-gradient":""},"mobile":{"background-color":"","background-image":"","background-repeat":"repeat","background-position":"center center","background-size":"auto","background-attachment":"scroll","background-type":"","background-media":"","overlay-type":"","overlay-color":"","overlay-opacity":"","overlay-gradient":""}},"ast-content-background-meta":{"desktop":{"background-color":"var(--ast-global-color-5)","background-image":"","background-repeat":"repeat","background-position":"center center","background-size":"auto","background-attachment":"scroll","background-type":"","background-media":"","overlay-type":"","overlay-color":"","overlay-opacity":"","overlay-gradient":""},"tablet":{"background-color":"var(--ast-global-color-5)","background-image":"","background-repeat":"repeat","background-position":"center center","background-size":"auto","background-attachment":"scroll","background-type":"","background-media":"","overlay-type":"","overlay-color":"","overlay-opacity":"","overlay-gradient":""},"mobile":{"background-color":"var(--ast-global-color-5)","background-image":"","background-repeat":"repeat","background-position":"center center","background-size":"auto","background-attachment":"scroll","background-type":"","background-media":"","overlay-type":"","overlay-color":"","overlay-opacity":"","overlay-gradient":""}},"footnotes":""},"categories":[137,102,1,29,149,105],"tags":[168,141,179,116],"class_list":["post-13577","post","type-post","status-publish","format-standard","has-post-thumbnail","hentry","category-humanistic","category-eso","category-general","category-portada","category-projecteitineraris","category-pc","tag-3r-deso","tag-ciencies-socials","tag-projecte-itineraris","tag-secundaria"],"post_mailing_queue_ids":[],"_links":{"self":[{"href":"https:\/\/agora.xtec.cat\/iecastell\/wp-json\/wp\/v2\/posts\/13577","targetHints":{"allow":["GET"]}}],"collection":[{"href":"https:\/\/agora.xtec.cat\/iecastell\/wp-json\/wp\/v2\/posts"}],"about":[{"href":"https:\/\/agora.xtec.cat\/iecastell\/wp-json\/wp\/v2\/types\/post"}],"author":[{"embeddable":true,"href":"https:\/\/agora.xtec.cat\/iecastell\/wp-json\/wp\/v2\/users\/15"}],"replies":[{"embeddable":true,"href":"https:\/\/agora.xtec.cat\/iecastell\/wp-json\/wp\/v2\/comments?post=13577"}],"version-history":[{"count":3,"href":"https:\/\/agora.xtec.cat\/iecastell\/wp-json\/wp\/v2\/posts\/13577\/revisions"}],"predecessor-version":[{"id":13585,"href":"https:\/\/agora.xtec.cat\/iecastell\/wp-json\/wp\/v2\/posts\/13577\/revisions\/13585"}],"wp:featuredmedia":[{"embeddable":true,"href":"https:\/\/agora.xtec.cat\/iecastell\/wp-json\/wp\/v2\/media\/13581"}],"wp:attachment":[{"href":"https:\/\/agora.xtec.cat\/iecastell\/wp-json\/wp\/v2\/media?parent=13577"}],"wp:term":[{"taxonomy":"category","embeddable":true,"href":"https:\/\/agora.xtec.cat\/iecastell\/wp-json\/wp\/v2\/categories?post=13577"},{"taxonomy":"post_tag","embeddable":true,"href":"https:\/\/agora.xtec.cat\/iecastell\/wp-json\/wp\/v2\/tags?post=13577"}],"curies":[{"name":"wp","href":"https:\/\/api.w.org\/{rel}","templated":true}]}}