{"id":13369,"date":"2022-01-20T08:16:11","date_gmt":"2022-01-20T07:16:11","guid":{"rendered":"https:\/\/agora.xtec.cat\/iecastell\/?p=13369"},"modified":"2022-01-25T16:39:50","modified_gmt":"2022-01-25T15:39:50","slug":"xerrada-orientacio-academica-per-families-de-4t-deso","status":"publish","type":"post","link":"https:\/\/agora.xtec.cat\/iecastell\/general\/xerrada-orientacio-academica-per-families-de-4t-deso\/","title":{"rendered":"Xerrada orientaci\u00f3 acad\u00e8mica per fam\u00edlies de 4t d\u2019ESO"},"content":{"rendered":"<p>Benvolgudes fam\u00edlies de 4t d\u2019ESO.<\/p>\n<p>El proper dimarts dia 1 de febrer a les 18h es dur\u00e0 a terme una xerrada telem\u00e0tica via Meet sobre el proc\u00e9s d&#8217;orientaci\u00f3 de l&#8217;alumnat de 4t d&#8217;ESO. Estimem que aquesta xerrada pot durar entre una hora i una hora i dos quarts, segons els dubtes que hi puguin haver.<\/p>\n<p>Aquesta sessi\u00f3 ser\u00e0 la segona part de la que es va realitzar el curs passat, quan l&#8217;alumnat feia 3r d&#8217;ESO. Us recomanem assistir a aquesta reuni\u00f3 donat que es tractaran temes importants com l&#8217;acompanyament en el proc\u00e9s de presa de decisions, el proc\u00e9s de preinscripci\u00f3 als estudis post obligatoris, els criteris d&#8217;acc\u00e9s als diversos estudis, etc.<\/p>\n<p>Aprofito l\u2019avinentesa per indicar que, tot i que el proc\u00e9s de preinscripci\u00f3 a batxillerat i cicles formatius encara no ha estat publicat de manera oficial, l&#8217;alumnat de 4t d&#8217;ESO est\u00e0 a la recta final de la seva presa de decisions i ens agradaria explicar-vos el proc\u00e9s i en quin punt ens trobem.<\/p>\n<p>A hores En els propers dies, totes les fam\u00edlies de 4t d\u2019ESO rebreu un correu electr\u00f2nic amb tota la informaci\u00f3 detallada. Si no \u00e9s aix\u00ed, o teniu algun dubte, escriviu a ismael.algaba@iecastell.cat.<\/p>\n<p>Salutacions.<\/p>\n","protected":false},"excerpt":{"rendered":"<p>Benvolgudes fam\u00edlies de 4t d\u2019ESO. El proper dimarts dia 1 de febrer a les 18h es dur\u00e0 a terme una xerrada telem\u00e0tica via Meet sobre el proc\u00e9s d&#8217;orientaci\u00f3 de l&#8217;alumnat de 4t d&#8217;ESO. Estimem que aquesta xerrada pot durar entre una hora i una hora i dos quarts, segons els dubtes que hi puguin haver. [&hellip;]<\/p>\n","protected":false},"author":3,"featured_media":7328,"comment_status":"open","ping_status":"closed","sticky":false,"template":"","format":"standard","meta":{"_bbp_topic_count":0,"_bbp_reply_count":0,"_bbp_total_topic_count":0,"_bbp_total_reply_count":0,"_bbp_voice_count":0,"_bbp_anonymous_reply_count":0,"_bbp_topic_count_hidden":0,"_bbp_reply_count_hidden":0,"_bbp_forum_subforum_count":0,"site-sidebar-layout":"default","site-content-layout":"","ast-site-content-layout":"","site-content-style":"default","site-sidebar-style":"default","ast-global-header-display":"","ast-banner-title-visibility":"","ast-main-header-display":"","ast-hfb-above-header-display":"","ast-hfb-below-header-display":"","ast-hfb-mobile-header-display":"","site-post-title":"","ast-breadcrumbs-content":"","ast-featured-img":"","footer-sml-layout":"","theme-transparent-header-meta":"","adv-header-id-meta":"","stick-header-meta":"","header-above-stick-meta":"","header-main-stick-meta":"","header-below-stick-meta":"","astra-migrate-meta-layouts":"default","ast-page-background-enabled":"default","ast-page-background-meta":{"desktop":{"background-color":"var(--ast-global-color-4)","background-image":"","background-repeat":"repeat","background-position":"center center","background-size":"auto","background-attachment":"scroll","background-type":"","background-media":"","overlay-type":"","overlay-color":"","overlay-opacity":"","overlay-gradient":""},"tablet":{"background-color":"","background-image":"","background-repeat":"repeat","background-position":"center center","background-size":"auto","background-attachment":"scroll","background-type":"","background-media":"","overlay-type":"","overlay-color":"","overlay-opacity":"","overlay-gradient":""},"mobile":{"background-color":"","background-image":"","background-repeat":"repeat","background-position":"center center","background-size":"auto","background-attachment":"scroll","background-type":"","background-media":"","overlay-type":"","overlay-color":"","overlay-opacity":"","overlay-gradient":""}},"ast-content-background-meta":{"desktop":{"background-color":"var(--ast-global-color-5)","background-image":"","background-repeat":"repeat","background-position":"center center","background-size":"auto","background-attachment":"scroll","background-type":"","background-media":"","overlay-type":"","overlay-color":"","overlay-opacity":"","overlay-gradient":""},"tablet":{"background-color":"var(--ast-global-color-5)","background-image":"","background-repeat":"repeat","background-position":"center center","background-size":"auto","background-attachment":"scroll","background-type":"","background-media":"","overlay-type":"","overlay-color":"","overlay-opacity":"","overlay-gradient":""},"mobile":{"background-color":"var(--ast-global-color-5)","background-image":"","background-repeat":"repeat","background-position":"center center","background-size":"auto","background-attachment":"scroll","background-type":"","background-media":"","overlay-type":"","overlay-color":"","overlay-opacity":"","overlay-gradient":""}},"footnotes":""},"categories":[102,1,29,105],"tags":[],"class_list":["post-13369","post","type-post","status-publish","format-standard","has-post-thumbnail","hentry","category-eso","category-general","category-portada","category-pc"],"post_mailing_queue_ids":[],"_links":{"self":[{"href":"https:\/\/agora.xtec.cat\/iecastell\/wp-json\/wp\/v2\/posts\/13369","targetHints":{"allow":["GET"]}}],"collection":[{"href":"https:\/\/agora.xtec.cat\/iecastell\/wp-json\/wp\/v2\/posts"}],"about":[{"href":"https:\/\/agora.xtec.cat\/iecastell\/wp-json\/wp\/v2\/types\/post"}],"author":[{"embeddable":true,"href":"https:\/\/agora.xtec.cat\/iecastell\/wp-json\/wp\/v2\/users\/3"}],"replies":[{"embeddable":true,"href":"https:\/\/agora.xtec.cat\/iecastell\/wp-json\/wp\/v2\/comments?post=13369"}],"version-history":[{"count":3,"href":"https:\/\/agora.xtec.cat\/iecastell\/wp-json\/wp\/v2\/posts\/13369\/revisions"}],"predecessor-version":[{"id":13381,"href":"https:\/\/agora.xtec.cat\/iecastell\/wp-json\/wp\/v2\/posts\/13369\/revisions\/13381"}],"wp:featuredmedia":[{"embeddable":true,"href":"https:\/\/agora.xtec.cat\/iecastell\/wp-json\/wp\/v2\/media\/7328"}],"wp:attachment":[{"href":"https:\/\/agora.xtec.cat\/iecastell\/wp-json\/wp\/v2\/media?parent=13369"}],"wp:term":[{"taxonomy":"category","embeddable":true,"href":"https:\/\/agora.xtec.cat\/iecastell\/wp-json\/wp\/v2\/categories?post=13369"},{"taxonomy":"post_tag","embeddable":true,"href":"https:\/\/agora.xtec.cat\/iecastell\/wp-json\/wp\/v2\/tags?post=13369"}],"curies":[{"name":"wp","href":"https:\/\/api.w.org\/{rel}","templated":true}]}}