{"id":13356,"date":"2022-01-18T20:20:19","date_gmt":"2022-01-18T19:20:19","guid":{"rendered":"https:\/\/agora.xtec.cat\/iecastell\/?p=13356"},"modified":"2022-01-20T08:13:31","modified_gmt":"2022-01-20T07:13:31","slug":"visita-institucional-del-departament-deducacio","status":"publish","type":"post","link":"https:\/\/agora.xtec.cat\/iecastell\/general\/visita-institucional-del-departament-deducacio\/","title":{"rendered":"VISITA INSTITUCIONAL DEL DEPARTAMENT D&#8217;EDUCACI\u00d3"},"content":{"rendered":"<p>Avui hem rebut la <strong>visita institucional del Departament d&#8217;Educaci\u00f3<\/strong> de la m\u00e0 de la <strong>N\u00faria Mora Lorente<\/strong>, secret\u00e0ria de Transformaci\u00f3 Educativa, la <strong>Laura Alegre<\/strong>, secret\u00e0ria de Funci\u00f3 directiva i Lideratge i la <strong>Gemma Jarque<\/strong>, coordinadora de Projectes de la Secretaria de Transformaci\u00f3 Educativa, aix\u00ed com de la inspecci\u00f3 educativa de la Catalunya Central.<\/p>\n<p><a href=\"https:\/\/agora.xtec.cat\/iecastell\/wp-content\/uploads\/usu288\/2022\/01\/TOTS.jpg\"><img loading=\"lazy\" decoding=\"async\" class=\"wp-image-13360 alignnone\" src=\"https:\/\/agora.xtec.cat\/iecastell\/wp-content\/uploads\/usu288\/2022\/01\/TOTS-1024x705.jpg\" alt=\"\" width=\"474\" height=\"326\" srcset=\"https:\/\/agora.xtec.cat\/iecastell\/wp-content\/uploads\/usu288\/2022\/01\/TOTS-1024x705.jpg 1024w, https:\/\/agora.xtec.cat\/iecastell\/wp-content\/uploads\/usu288\/2022\/01\/TOTS-300x206.jpg 300w, https:\/\/agora.xtec.cat\/iecastell\/wp-content\/uploads\/usu288\/2022\/01\/TOTS-768x528.jpg 768w, https:\/\/agora.xtec.cat\/iecastell\/wp-content\/uploads\/usu288\/2022\/01\/TOTS-1536x1057.jpg 1536w, https:\/\/agora.xtec.cat\/iecastell\/wp-content\/uploads\/usu288\/2022\/01\/TOTS.jpg 2048w\" sizes=\"auto, (max-width: 474px) 100vw, 474px\" \/><\/a><a href=\"https:\/\/agora.xtec.cat\/iecastell\/wp-content\/uploads\/usu288\/2022\/01\/FJYtZySWUAgrKq0.jpg\"><img loading=\"lazy\" decoding=\"async\" class=\"alignnone wp-image-13358\" src=\"https:\/\/agora.xtec.cat\/iecastell\/wp-content\/uploads\/usu288\/2022\/01\/FJYtZySWUAgrKq0-769x1024.jpg\" alt=\"\" width=\"245\" height=\"326\" srcset=\"https:\/\/agora.xtec.cat\/iecastell\/wp-content\/uploads\/usu288\/2022\/01\/FJYtZySWUAgrKq0-769x1024.jpg 769w, https:\/\/agora.xtec.cat\/iecastell\/wp-content\/uploads\/usu288\/2022\/01\/FJYtZySWUAgrKq0-225x300.jpg 225w, https:\/\/agora.xtec.cat\/iecastell\/wp-content\/uploads\/usu288\/2022\/01\/FJYtZySWUAgrKq0-768x1023.jpg 768w, https:\/\/agora.xtec.cat\/iecastell\/wp-content\/uploads\/usu288\/2022\/01\/FJYtZySWUAgrKq0-1153x1536.jpg 1153w, https:\/\/agora.xtec.cat\/iecastell\/wp-content\/uploads\/usu288\/2022\/01\/FJYtZySWUAgrKq0.jpg 1201w\" sizes=\"auto, (max-width: 245px) 100vw, 245px\" \/><\/a><\/p>\n<p>Des de l&#8217;<a class=\"notranslate\" tabindex=\"0\" href=\"https:\/\/www.instagram.com\/iecastell\/\">@iecastell<\/a>\u00a0hem pogut mostrar com \u00e9s el dia a dia del nostre centre i tots els projectes que tenim en marxa. A m\u00e9s de l&#8217;edifici d&#8217;Educaci\u00f3 Infantil i Prim\u00e0ria i el d&#8217;Educaci\u00f3 Secund\u00e0ria Obligat\u00f2ria, hem pogut visitar les instal\u00b7lacions de\u00a0<a class=\"notranslate\" tabindex=\"0\" href=\"https:\/\/www.instagram.com\/radiocastelltersol\/\">@radiocastelltersol<\/a>\u00a0on s&#8217;estava desenvolupant el projecte com\u00fa.<a href=\"https:\/\/agora.xtec.cat\/iecastell\/wp-content\/uploads\/usu288\/2022\/01\/WhatsApp-Image-2022-01-18-at-13.28.30-1.jpeg\"><img loading=\"lazy\" decoding=\"async\" class=\"wp-image-13364 alignleft\" src=\"https:\/\/agora.xtec.cat\/iecastell\/wp-content\/uploads\/usu288\/2022\/01\/WhatsApp-Image-2022-01-18-at-13.28.30-1-1024x768.jpeg\" alt=\"\" width=\"384\" height=\"288\" srcset=\"https:\/\/agora.xtec.cat\/iecastell\/wp-content\/uploads\/usu288\/2022\/01\/WhatsApp-Image-2022-01-18-at-13.28.30-1-1024x768.jpeg 1024w, https:\/\/agora.xtec.cat\/iecastell\/wp-content\/uploads\/usu288\/2022\/01\/WhatsApp-Image-2022-01-18-at-13.28.30-1-300x225.jpeg 300w, https:\/\/agora.xtec.cat\/iecastell\/wp-content\/uploads\/usu288\/2022\/01\/WhatsApp-Image-2022-01-18-at-13.28.30-1-768x576.jpeg 768w, https:\/\/agora.xtec.cat\/iecastell\/wp-content\/uploads\/usu288\/2022\/01\/WhatsApp-Image-2022-01-18-at-13.28.30-1-1536x1152.jpeg 1536w, https:\/\/agora.xtec.cat\/iecastell\/wp-content\/uploads\/usu288\/2022\/01\/WhatsApp-Image-2022-01-18-at-13.28.30-1-200x150.jpeg 200w, https:\/\/agora.xtec.cat\/iecastell\/wp-content\/uploads\/usu288\/2022\/01\/WhatsApp-Image-2022-01-18-at-13.28.30-1.jpeg 2048w\" sizes=\"auto, (max-width: 384px) 100vw, 384px\" \/><\/a><a href=\"https:\/\/agora.xtec.cat\/iecastell\/wp-content\/uploads\/usu288\/2022\/01\/foto-cole-780x350-1.jpeg\"><img loading=\"lazy\" decoding=\"async\" class=\"wp-image-13359 alignleft\" src=\"https:\/\/agora.xtec.cat\/iecastell\/wp-content\/uploads\/usu288\/2022\/01\/foto-cole-780x350-1.jpeg\" alt=\"\" width=\"400\" height=\"179\" srcset=\"https:\/\/agora.xtec.cat\/iecastell\/wp-content\/uploads\/usu288\/2022\/01\/foto-cole-780x350-1.jpeg 780w, https:\/\/agora.xtec.cat\/iecastell\/wp-content\/uploads\/usu288\/2022\/01\/foto-cole-780x350-1-300x135.jpeg 300w, https:\/\/agora.xtec.cat\/iecastell\/wp-content\/uploads\/usu288\/2022\/01\/foto-cole-780x350-1-768x345.jpeg 768w\" sizes=\"auto, (max-width: 400px) 100vw, 400px\" \/><\/a><\/p>\n<p>&nbsp;<\/p>\n<p>&nbsp;<\/p>\n<p>&nbsp;<\/p>\n<p>&nbsp;<\/p>\n<p>&nbsp;<\/p>\n<p>&nbsp;<\/p>\n<p>Podeu visualitzar en aquest enlla\u00e7 la <a href=\"https:\/\/agora.xtec.cat\/iecastell\/wp-content\/uploads\/usu288\/2022\/01\/projectesdecentreIECASTELL-PDF-estandar.pdf\" target=\"_blank\" rel=\"noopener\">Infografia dels projectes de centre de l&#8217;IE CASTELL<\/a><\/p>\n","protected":false},"excerpt":{"rendered":"<p>Avui hem rebut la visita institucional del Departament d&#8217;Educaci\u00f3 de la m\u00e0 de la N\u00faria Mora Lorente, secret\u00e0ria de Transformaci\u00f3 Educativa, la Laura Alegre, secret\u00e0ria de Funci\u00f3 directiva i Lideratge i la Gemma Jarque, coordinadora de Projectes de la Secretaria de Transformaci\u00f3 Educativa, aix\u00ed com de la inspecci\u00f3 educativa de la Catalunya Central. Des de [&hellip;]<\/p>\n","protected":false},"author":41,"featured_media":13360,"comment_status":"open","ping_status":"closed","sticky":false,"template":"","format":"standard","meta":{"_bbp_topic_count":0,"_bbp_reply_count":0,"_bbp_total_topic_count":0,"_bbp_total_reply_count":0,"_bbp_voice_count":0,"_bbp_anonymous_reply_count":0,"_bbp_topic_count_hidden":0,"_bbp_reply_count_hidden":0,"_bbp_forum_subforum_count":0,"site-sidebar-layout":"default","site-content-layout":"","ast-site-content-layout":"","site-content-style":"default","site-sidebar-style":"default","ast-global-header-display":"","ast-banner-title-visibility":"","ast-main-header-display":"","ast-hfb-above-header-display":"","ast-hfb-below-header-display":"","ast-hfb-mobile-header-display":"","site-post-title":"","ast-breadcrumbs-content":"","ast-featured-img":"","footer-sml-layout":"","theme-transparent-header-meta":"","adv-header-id-meta":"","stick-header-meta":"","header-above-stick-meta":"","header-main-stick-meta":"","header-below-stick-meta":"","astra-migrate-meta-layouts":"default","ast-page-background-enabled":"default","ast-page-background-meta":{"desktop":{"background-color":"var(--ast-global-color-4)","background-image":"","background-repeat":"repeat","background-position":"center center","background-size":"auto","background-attachment":"scroll","background-type":"","background-media":"","overlay-type":"","overlay-color":"","overlay-opacity":"","overlay-gradient":""},"tablet":{"background-color":"","background-image":"","background-repeat":"repeat","background-position":"center center","background-size":"auto","background-attachment":"scroll","background-type":"","background-media":"","overlay-type":"","overlay-color":"","overlay-opacity":"","overlay-gradient":""},"mobile":{"background-color":"","background-image":"","background-repeat":"repeat","background-position":"center center","background-size":"auto","background-attachment":"scroll","background-type":"","background-media":"","overlay-type":"","overlay-color":"","overlay-opacity":"","overlay-gradient":""}},"ast-content-background-meta":{"desktop":{"background-color":"var(--ast-global-color-5)","background-image":"","background-repeat":"repeat","background-position":"center center","background-size":"auto","background-attachment":"scroll","background-type":"","background-media":"","overlay-type":"","overlay-color":"","overlay-opacity":"","overlay-gradient":""},"tablet":{"background-color":"var(--ast-global-color-5)","background-image":"","background-repeat":"repeat","background-position":"center center","background-size":"auto","background-attachment":"scroll","background-type":"","background-media":"","overlay-type":"","overlay-color":"","overlay-opacity":"","overlay-gradient":""},"mobile":{"background-color":"var(--ast-global-color-5)","background-image":"","background-repeat":"repeat","background-position":"center center","background-size":"auto","background-attachment":"scroll","background-type":"","background-media":"","overlay-type":"","overlay-color":"","overlay-opacity":"","overlay-gradient":""}},"footnotes":""},"categories":[1,29,154,105],"tags":[],"class_list":["post-13356","post","type-post","status-publish","format-standard","has-post-thumbnail","hentry","category-general","category-portada","category-projecte-optativa-de-radio","category-pc"],"post_mailing_queue_ids":[],"_links":{"self":[{"href":"https:\/\/agora.xtec.cat\/iecastell\/wp-json\/wp\/v2\/posts\/13356","targetHints":{"allow":["GET"]}}],"collection":[{"href":"https:\/\/agora.xtec.cat\/iecastell\/wp-json\/wp\/v2\/posts"}],"about":[{"href":"https:\/\/agora.xtec.cat\/iecastell\/wp-json\/wp\/v2\/types\/post"}],"author":[{"embeddable":true,"href":"https:\/\/agora.xtec.cat\/iecastell\/wp-json\/wp\/v2\/users\/41"}],"replies":[{"embeddable":true,"href":"https:\/\/agora.xtec.cat\/iecastell\/wp-json\/wp\/v2\/comments?post=13356"}],"version-history":[{"count":3,"href":"https:\/\/agora.xtec.cat\/iecastell\/wp-json\/wp\/v2\/posts\/13356\/revisions"}],"predecessor-version":[{"id":13368,"href":"https:\/\/agora.xtec.cat\/iecastell\/wp-json\/wp\/v2\/posts\/13356\/revisions\/13368"}],"wp:featuredmedia":[{"embeddable":true,"href":"https:\/\/agora.xtec.cat\/iecastell\/wp-json\/wp\/v2\/media\/13360"}],"wp:attachment":[{"href":"https:\/\/agora.xtec.cat\/iecastell\/wp-json\/wp\/v2\/media?parent=13356"}],"wp:term":[{"taxonomy":"category","embeddable":true,"href":"https:\/\/agora.xtec.cat\/iecastell\/wp-json\/wp\/v2\/categories?post=13356"},{"taxonomy":"post_tag","embeddable":true,"href":"https:\/\/agora.xtec.cat\/iecastell\/wp-json\/wp\/v2\/tags?post=13356"}],"curies":[{"name":"wp","href":"https:\/\/api.w.org\/{rel}","templated":true}]}}