{"id":12577,"date":"2021-06-14T20:27:31","date_gmt":"2021-06-14T18:27:31","guid":{"rendered":"https:\/\/agora.xtec.cat\/iecastell\/?p=12577"},"modified":"2021-06-14T20:27:31","modified_gmt":"2021-06-14T18:27:31","slug":"mes-enlla-del-cami-projecte-de-fotografia-de-3r-deso","status":"publish","type":"post","link":"https:\/\/agora.xtec.cat\/iecastell\/general\/mes-enlla-del-cami-projecte-de-fotografia-de-3r-deso\/","title":{"rendered":"M\u00c9S ENLL\u00c0 DEL CAM\u00cd, PROJECTE DE FOTOGRAFIA DE 3R D&#8217;ESO"},"content":{"rendered":"<p><span style=\"font-weight: 400;\">Hola, som la Farners, la N\u00faria, l\u2019Ariadna, la J\u00falia, en Pere i en Harman, alumnes de 3r d\u2019ESO de l\u2019IE Castellter\u00e7ol que aquest curs hem participat en el projecte de fotografia al castell.\u00a0<\/span><\/p>\n<p><span style=\"font-weight: 400;\">Per comen\u00e7ar, hem de dir que a conseq\u00fc\u00e8ncia de la pand\u00e8mia, els nostres companys que el curs passat van participar en aquest projecte, tot i que finalment varen poder veure exposat el resultat acabat, a la sala de lectura, a principis del 2021, varen tenir el h\u00e0ndicap de no poder veure publicat el seu treball.<\/span><\/p>\n<p><span style=\"font-weight: 400;\">A conseq\u00fc\u00e8ncia d\u2019aquest fet, els alumnes que aquest any hem cursat fotografia hem hagut de supeditar m\u00ednimament la nostra aventura al treball dut a terme el curs passat, amb l\u2019objectiu que la publicaci\u00f3 resultant, que inclou la feina feta durant el curs 2019-2020 i la nostra, desenvolupada durant el curs 2020-2021, qued\u00e9s com m\u00e9s cohesionada millor, perqu\u00e8 el llibre tingu\u00e9s m\u00e9s sentit.\u00a0\u00a0<\/span><\/p>\n<p><span style=\"font-weight: 400;\">Aquest enc\u00e0rrec en un principi va ser un repte prou complicat per a nosaltres, ja que haver d\u2019enfortir els lligams entre el projecte dels nostres companys, molt arrodonit, i el nostre, que encara estava per comen\u00e7ar, era un punt de fuga que va suposar un esfor\u00e7 extra, comparat amb tenir una p\u00e0gina en blanc al davant.\u00a0\u00a0<\/span><\/p>\n<p><span style=\"font-weight: 400;\">A <\/span><b><i>M\u00e9s enll\u00e0 del cam\u00ed,<\/i><\/b><span style=\"font-weight: 400;\"> que aix\u00ed \u00e9s com hem titulat el nostre projecte, hem trobat la manera de donar continu\u00eftat a <\/span><b><i>Relats arrelats<\/i><\/b><span style=\"font-weight: 400;\">, el del curs passat, a trav\u00e9s de les imatges del nostre llibre, que donen m\u00e9s protagonisme als marges, que sovint ens passen desapercebuts, per\u00f2 que hi s\u00f3n permanentment, i que en la l\u00ednia del pensament del fil\u00f2sof Her\u00e0clit, cada dia canvien.\u00a0<\/span><\/p>\n<p><span style=\"font-weight: 400;\">Segons el fil\u00f2sof grec, &#8220;<\/span><i><span style=\"font-weight: 400;\">No podem banyar-nos dues vegades en el mateix riu<\/span><\/i><span style=\"font-weight: 400;\">&#8220;, perqu\u00e8 ni el riu ni nosaltres som els mateixos quan tornem a banyar-nos-hi, cosa que tamb\u00e9 succeeix amb el recorregut fotogr\u00e0fic de <\/span><b><i>M\u00e9s enll\u00e0 del cam\u00ed<\/i><\/b><span style=\"font-weight: 400;\">, en el qual la realitat captada \u00e9s tot all\u00f2 que succeeix, que s&#8217;esdev\u00e9, que passa i que alhora canvia al comp\u00e0s del transcurs del temps, que tot ho varia, en qu\u00e8 tot es mou i en qu\u00e8 alhora mor i neix, tamb\u00e9, amb nosaltres.<\/span><\/p>\n<p><span style=\"font-weight: 400;\">Tot plegat \u00e9s una met\u00e0fora de la nostra vida, en qu\u00e8 ens haur\u00edem de parar i observar, gaudir i, fins i tot, superar marges que ens posa al nostre cam\u00ed vital.\u00a0<\/span><\/p>\n<p><span style=\"font-weight: 400;\">Amb la nostra tasca, creiem que hem encaixat amb prou habilitat el treball dut a terme el curs passat pels nostres companys, amb el nostre.\u00a0<\/span><\/p>\n<p><span style=\"font-weight: 400;\">Per anar acabant, volem agrair al fot\u00f2graf Joan Vilaplana la paci\u00e8ncia i la comprensi\u00f3 que ha tingut amb nosaltres els dilluns que hem assistit a les sessions de fotografia; de la mateixa manera, volem fer extensiu l\u2019agra\u00efment a la Fundaci\u00f3 Josep Maria Anzizu, per donar-nos l\u2019oportunitat de veure materialitzat, amb la publicaci\u00f3 que presentem avui, el resultat dels nostres projectes; donem les gr\u00e0cies, tamb\u00e9, a l\u2019Ajuntament el fet de cedir-nos un espai p\u00fablic on poder-lo exposar, i a la nostra professora de l\u2019Institut, la Mar, per ser-hi cada dia.\u00a0\u00a0<\/span><\/p>\n<p><span style=\"font-weight: 400;\">Esperem que les nostres imatges us agradin, que us transmetin el missatge que hi volem expressar, i que arran d\u2019aquesta presentaci\u00f3 tingueu m\u00e9s ganes de fixar-vos en els petits detalls que tenim <\/span><a href=\"https:\/\/photos.app.goo.gl\/SLxeiVXXrkQyKHVs9\"><b><i>M\u00e9s enll\u00e0 del cam\u00ed<\/i><\/b><\/a><span style=\"font-weight: 400;\">.\u00a0<\/span><\/p>\n<p><a href=\"https:\/\/photos.app.goo.gl\/SLxeiVXXrkQyKHVs9\">https:\/\/photos.app.goo.gl\/SLxeiVXXrkQyKHVs9<\/a><\/p>\n<p style=\"text-align: center;\">\u00a0<img loading=\"lazy\" decoding=\"async\" class=\"aligncenter size-medium wp-image-12586\" src=\"https:\/\/agora.xtec.cat\/iecastell\/wp-content\/uploads\/usu288\/2021\/06\/5d4aa7b0-7a9d-4bf2-9511-d5793838c663-300x146.jpg\" alt=\"\" width=\"300\" height=\"146\" srcset=\"https:\/\/agora.xtec.cat\/iecastell\/wp-content\/uploads\/usu288\/2021\/06\/5d4aa7b0-7a9d-4bf2-9511-d5793838c663-300x146.jpg 300w, https:\/\/agora.xtec.cat\/iecastell\/wp-content\/uploads\/usu288\/2021\/06\/5d4aa7b0-7a9d-4bf2-9511-d5793838c663-768x373.jpg 768w, https:\/\/agora.xtec.cat\/iecastell\/wp-content\/uploads\/usu288\/2021\/06\/5d4aa7b0-7a9d-4bf2-9511-d5793838c663-1024x497.jpg 1024w, https:\/\/agora.xtec.cat\/iecastell\/wp-content\/uploads\/usu288\/2021\/06\/5d4aa7b0-7a9d-4bf2-9511-d5793838c663.jpg 1600w\" sizes=\"auto, (max-width: 300px) 100vw, 300px\" \/><\/p>\n<p style=\"text-align: center;\">\n","protected":false},"excerpt":{"rendered":"<p>Segons el fil\u00f2sof grec, &#8220;No podem banyar-nos dues vegades en el mateix riu&#8221;, perqu\u00e8 ni el riu ni nosaltres som els mateixos quan tornem a banyar-nos-hi, cosa que tamb\u00e9 succeeix amb el recorregut fotogr\u00e0fic de M\u00e9s enll\u00e0 del cam\u00ed, en el qual la realitat captada \u00e9s tot all\u00f2 que succeeix, que s&#8217;esdev\u00e9, que passa i que alhora canvia al comp\u00e0s del transcurs del temps, que tot ho varia, en qu\u00e8 tot es mou i en qu\u00e8 alhora mor i neix, tamb\u00e9, amb nosaltres.<\/p>\n","protected":false},"author":15,"featured_media":12586,"comment_status":"open","ping_status":"closed","sticky":false,"template":"","format":"standard","meta":{"_bbp_topic_count":0,"_bbp_reply_count":0,"_bbp_total_topic_count":0,"_bbp_total_reply_count":0,"_bbp_voice_count":0,"_bbp_anonymous_reply_count":0,"_bbp_topic_count_hidden":0,"_bbp_reply_count_hidden":0,"_bbp_forum_subforum_count":0,"site-sidebar-layout":"default","site-content-layout":"","ast-site-content-layout":"","site-content-style":"default","site-sidebar-style":"default","ast-global-header-display":"","ast-banner-title-visibility":"","ast-main-header-display":"","ast-hfb-above-header-display":"","ast-hfb-below-header-display":"","ast-hfb-mobile-header-display":"","site-post-title":"","ast-breadcrumbs-content":"","ast-featured-img":"","footer-sml-layout":"","theme-transparent-header-meta":"","adv-header-id-meta":"","stick-header-meta":"","header-above-stick-meta":"","header-main-stick-meta":"","header-below-stick-meta":"","astra-migrate-meta-layouts":"default","ast-page-background-enabled":"default","ast-page-background-meta":{"desktop":{"background-color":"var(--ast-global-color-4)","background-image":"","background-repeat":"repeat","background-position":"center center","background-size":"auto","background-attachment":"scroll","background-type":"","background-media":"","overlay-type":"","overlay-color":"","overlay-opacity":"","overlay-gradient":""},"tablet":{"background-color":"","background-image":"","background-repeat":"repeat","background-position":"center center","background-size":"auto","background-attachment":"scroll","background-type":"","background-media":"","overlay-type":"","overlay-color":"","overlay-opacity":"","overlay-gradient":""},"mobile":{"background-color":"","background-image":"","background-repeat":"repeat","background-position":"center center","background-size":"auto","background-attachment":"scroll","background-type":"","background-media":"","overlay-type":"","overlay-color":"","overlay-opacity":"","overlay-gradient":""}},"ast-content-background-meta":{"desktop":{"background-color":"var(--ast-global-color-5)","background-image":"","background-repeat":"repeat","background-position":"center center","background-size":"auto","background-attachment":"scroll","background-type":"","background-media":"","overlay-type":"","overlay-color":"","overlay-opacity":"","overlay-gradient":""},"tablet":{"background-color":"var(--ast-global-color-5)","background-image":"","background-repeat":"repeat","background-position":"center center","background-size":"auto","background-attachment":"scroll","background-type":"","background-media":"","overlay-type":"","overlay-color":"","overlay-opacity":"","overlay-gradient":""},"mobile":{"background-color":"var(--ast-global-color-5)","background-image":"","background-repeat":"repeat","background-position":"center center","background-size":"auto","background-attachment":"scroll","background-type":"","background-media":"","overlay-type":"","overlay-color":"","overlay-opacity":"","overlay-gradient":""}},"footnotes":""},"categories":[137,102,1,29,105],"tags":[140,166,116],"class_list":["post-12577","post","type-post","status-publish","format-standard","has-post-thumbnail","hentry","category-humanistic","category-eso","category-general","category-portada","category-pc","tag-eso","tag-projecte-de-fotografia-en-curs","tag-secundaria"],"post_mailing_queue_ids":[],"_links":{"self":[{"href":"https:\/\/agora.xtec.cat\/iecastell\/wp-json\/wp\/v2\/posts\/12577","targetHints":{"allow":["GET"]}}],"collection":[{"href":"https:\/\/agora.xtec.cat\/iecastell\/wp-json\/wp\/v2\/posts"}],"about":[{"href":"https:\/\/agora.xtec.cat\/iecastell\/wp-json\/wp\/v2\/types\/post"}],"author":[{"embeddable":true,"href":"https:\/\/agora.xtec.cat\/iecastell\/wp-json\/wp\/v2\/users\/15"}],"replies":[{"embeddable":true,"href":"https:\/\/agora.xtec.cat\/iecastell\/wp-json\/wp\/v2\/comments?post=12577"}],"version-history":[{"count":3,"href":"https:\/\/agora.xtec.cat\/iecastell\/wp-json\/wp\/v2\/posts\/12577\/revisions"}],"predecessor-version":[{"id":12588,"href":"https:\/\/agora.xtec.cat\/iecastell\/wp-json\/wp\/v2\/posts\/12577\/revisions\/12588"}],"wp:featuredmedia":[{"embeddable":true,"href":"https:\/\/agora.xtec.cat\/iecastell\/wp-json\/wp\/v2\/media\/12586"}],"wp:attachment":[{"href":"https:\/\/agora.xtec.cat\/iecastell\/wp-json\/wp\/v2\/media?parent=12577"}],"wp:term":[{"taxonomy":"category","embeddable":true,"href":"https:\/\/agora.xtec.cat\/iecastell\/wp-json\/wp\/v2\/categories?post=12577"},{"taxonomy":"post_tag","embeddable":true,"href":"https:\/\/agora.xtec.cat\/iecastell\/wp-json\/wp\/v2\/tags?post=12577"}],"curies":[{"name":"wp","href":"https:\/\/api.w.org\/{rel}","templated":true}]}}