{"id":12323,"date":"2021-04-28T13:27:02","date_gmt":"2021-04-28T11:27:02","guid":{"rendered":"https:\/\/agora.xtec.cat\/iecastell\/?p=12323"},"modified":"2021-04-28T13:27:02","modified_gmt":"2021-04-28T11:27:02","slug":"visita-a-lhorta-3sols-masia-la-vall","status":"publish","type":"post","link":"https:\/\/agora.xtec.cat\/iecastell\/general\/visita-a-lhorta-3sols-masia-la-vall\/","title":{"rendered":"Visita a l\u2019Horta 3Sols (Masia La Vall)"},"content":{"rendered":"<p><span style=\"font-weight: 400;\">El divendres 23 d\u2019abril del 2021 els alumnes de 5\u00e8 i 6\u00e8 hem anat a visitar l\u2019Horta 3Sols a la masia agroecol\u00f2gica de La Vall.\u00a0<\/span><\/p>\n<p><span style=\"font-weight: 400;\">Ens ha rebut l\u2019Enric, un pag\u00e8s de la masia. Nom\u00e9s arribar, ens ha explicat que aquest negoci \u00e9s familiar, aix\u00ed doncs, nom\u00e9s el porta la fam\u00edlia i els ajuda un treballador a mitja jornada.\u00a0<\/span><\/p>\n<p><span style=\"font-weight: 400;\">L\u2019Enric ens ha explicat els avantatges de comprar els productes directament al pag\u00e8s, ja que el que guanya \u00e9s m\u00e9s just (hi ha menys intermediaris).\u00a0<\/span><\/p>\n<p><span style=\"font-weight: 400;\">Ens ha explicat que hi ha altres pa\u00efsos que comercialitzen les \u201cmales herbes\u201d i les utilitzen a la cuina, i ara ells tamb\u00e9 ho estan comen\u00e7ant a fer.\u00a0<\/span><\/p>\n<p><span style=\"font-weight: 400;\">A La Vall utilitzen aigua d\u2019un pou tant per regar l\u2019hort com per beure. Una vegada l\u2019any, fan anal\u00edtiques de l\u2019aigua per saber si est\u00e0 en bones condicions.\u00a0<\/span><\/p>\n<p><span style=\"font-weight: 400;\">Ens han ensenyat les eines que utilitzen per treballar a l\u2019hort. Les seves eines s\u00f3n ergon\u00f2miques (per evitar tenir mal d&#8217;esquena, per exemple) i tenen en compte la cura de la terra: no tenen motor, s\u00f3n manuals, per tant, no contaminen. <\/span><\/p>\n<p><span style=\"font-weight: 400;\">L&#8217;Enric ens ha dit que quan volen evitar les plagues <\/span>sempre intenten prevenir abans i que <span style=\"font-family: inherit; font-size: 1em;\">en comptes d\u2019utilitzar pesticides qu\u00edmics utilitzen altres m\u00e8todes com la llet, la sorra, el suc del iogurt, etc. Aix\u00ed doncs, el seu producte \u00e9s ecol\u00f2gic.<\/span><\/p>\n<p><span style=\"font-weight: 400;\">A continuaci\u00f3, ens han fet una visita guiada pels seus horts i ens han ensenyat quines plantes i hortalisses tenien. Tamb\u00e9 hem vist l\u2019hivernacle i ens ha dit que l\u2019havien constru\u00eft ells.<\/span><\/p>\n<p><span style=\"font-weight: 400;\">Finalment, ens han ensenyat la seva botiga de compra directa, on venen els productes que conreen.<\/span><\/p>\n<p><span style=\"font-weight: 400;\">Despr\u00e9s, hem anat a la Quintana a esmorzar i jugar.\u00a0<\/span><\/p>\n<p><span style=\"font-weight: 400;\">Aquesta visita ens ha servit per acabar d\u2019aclarir alguns temes, ja que els noms de les nostres classes estan relacionats (&#8220;Fes-t\u2019ho tu mateix&#8221;, &#8220;Ecologistes en acci\u00f3&#8221;, &#8220;Km 0&#8221; i &#8220;24\/7&#8221; (explotaci\u00f3 laboral)) i vam fer un projecte relacionat amb aix\u00f2. Ens ha agradat molt con\u00e8ixer uns productors locals del nostre poble!<\/span><\/p>\n<p><span style=\"font-weight: 400;\"><a href=\"https:\/\/photos.app.goo.gl\/UfYgTmNVjXrjjiaZA\" target=\"_blank\" rel=\"noopener noreferrer\">Fotos de la visit<\/a><a href=\"https:\/\/photos.app.goo.gl\/UfYgTmNVjXrjjiaZA\" target=\"_blank\" rel=\"noopener noreferrer\">a<\/a><\/span><\/p>\n<p><span style=\"font-weight: 400;\">6\u00e8 A (classe de Km 0)<\/span><\/p>\n<p><span style=\"font-weight: 400;\"><a href=\"https:\/\/agora.xtec.cat\/iecastell\/wp-content\/uploads\/usu288\/2021\/04\/1619545684875.jpg\"><img loading=\"lazy\" decoding=\"async\" class=\"wp-image-12324 aligncenter\" src=\"https:\/\/agora.xtec.cat\/iecastell\/wp-content\/uploads\/usu288\/2021\/04\/1619545684875-1024x759.jpg\" alt=\"\" width=\"512\" height=\"380\" srcset=\"https:\/\/agora.xtec.cat\/iecastell\/wp-content\/uploads\/usu288\/2021\/04\/1619545684875-1024x759.jpg 1024w, https:\/\/agora.xtec.cat\/iecastell\/wp-content\/uploads\/usu288\/2021\/04\/1619545684875-300x222.jpg 300w, https:\/\/agora.xtec.cat\/iecastell\/wp-content\/uploads\/usu288\/2021\/04\/1619545684875-768x569.jpg 768w\" sizes=\"auto, (max-width: 512px) 100vw, 512px\" \/><\/a><\/span><\/p>\n","protected":false},"excerpt":{"rendered":"<p>El divendres 23 d\u2019abril del 2021 els alumnes de 5\u00e8 i 6\u00e8 hem anat a visitar l\u2019Horta 3Sols a la masia agroecol\u00f2gica de La Vall.\u00a0 Ens ha rebut l\u2019Enric, un pag\u00e8s de la masia. Nom\u00e9s arribar, ens ha explicat que aquest negoci \u00e9s familiar, aix\u00ed doncs, nom\u00e9s el porta la fam\u00edlia i els ajuda un [&hellip;]<\/p>\n","protected":false},"author":14,"featured_media":12324,"comment_status":"open","ping_status":"closed","sticky":false,"template":"","format":"standard","meta":{"_bbp_topic_count":0,"_bbp_reply_count":0,"_bbp_total_topic_count":0,"_bbp_total_reply_count":0,"_bbp_voice_count":0,"_bbp_anonymous_reply_count":0,"_bbp_topic_count_hidden":0,"_bbp_reply_count_hidden":0,"_bbp_forum_subforum_count":0,"site-sidebar-layout":"default","site-content-layout":"","ast-site-content-layout":"","site-content-style":"default","site-sidebar-style":"default","ast-global-header-display":"","ast-banner-title-visibility":"","ast-main-header-display":"","ast-hfb-above-header-display":"","ast-hfb-below-header-display":"","ast-hfb-mobile-header-display":"","site-post-title":"","ast-breadcrumbs-content":"","ast-featured-img":"","footer-sml-layout":"","theme-transparent-header-meta":"","adv-header-id-meta":"","stick-header-meta":"","header-above-stick-meta":"","header-main-stick-meta":"","header-below-stick-meta":"","astra-migrate-meta-layouts":"default","ast-page-background-enabled":"default","ast-page-background-meta":{"desktop":{"background-color":"var(--ast-global-color-4)","background-image":"","background-repeat":"repeat","background-position":"center center","background-size":"auto","background-attachment":"scroll","background-type":"","background-media":"","overlay-type":"","overlay-color":"","overlay-opacity":"","overlay-gradient":""},"tablet":{"background-color":"","background-image":"","background-repeat":"repeat","background-position":"center center","background-size":"auto","background-attachment":"scroll","background-type":"","background-media":"","overlay-type":"","overlay-color":"","overlay-opacity":"","overlay-gradient":""},"mobile":{"background-color":"","background-image":"","background-repeat":"repeat","background-position":"center center","background-size":"auto","background-attachment":"scroll","background-type":"","background-media":"","overlay-type":"","overlay-color":"","overlay-opacity":"","overlay-gradient":""}},"ast-content-background-meta":{"desktop":{"background-color":"var(--ast-global-color-5)","background-image":"","background-repeat":"repeat","background-position":"center center","background-size":"auto","background-attachment":"scroll","background-type":"","background-media":"","overlay-type":"","overlay-color":"","overlay-opacity":"","overlay-gradient":""},"tablet":{"background-color":"var(--ast-global-color-5)","background-image":"","background-repeat":"repeat","background-position":"center center","background-size":"auto","background-attachment":"scroll","background-type":"","background-media":"","overlay-type":"","overlay-color":"","overlay-opacity":"","overlay-gradient":""},"mobile":{"background-color":"var(--ast-global-color-5)","background-image":"","background-repeat":"repeat","background-position":"center center","background-size":"auto","background-attachment":"scroll","background-type":"","background-media":"","overlay-type":"","overlay-color":"","overlay-opacity":"","overlay-gradient":""}},"footnotes":""},"categories":[135,1,29,181],"tags":[],"class_list":["post-12323","post","type-post","status-publish","format-standard","has-post-thumbnail","hentry","category-cs","category-general","category-portada","category-revista"],"post_mailing_queue_ids":[],"_links":{"self":[{"href":"https:\/\/agora.xtec.cat\/iecastell\/wp-json\/wp\/v2\/posts\/12323","targetHints":{"allow":["GET"]}}],"collection":[{"href":"https:\/\/agora.xtec.cat\/iecastell\/wp-json\/wp\/v2\/posts"}],"about":[{"href":"https:\/\/agora.xtec.cat\/iecastell\/wp-json\/wp\/v2\/types\/post"}],"author":[{"embeddable":true,"href":"https:\/\/agora.xtec.cat\/iecastell\/wp-json\/wp\/v2\/users\/14"}],"replies":[{"embeddable":true,"href":"https:\/\/agora.xtec.cat\/iecastell\/wp-json\/wp\/v2\/comments?post=12323"}],"version-history":[{"count":2,"href":"https:\/\/agora.xtec.cat\/iecastell\/wp-json\/wp\/v2\/posts\/12323\/revisions"}],"predecessor-version":[{"id":12327,"href":"https:\/\/agora.xtec.cat\/iecastell\/wp-json\/wp\/v2\/posts\/12323\/revisions\/12327"}],"wp:featuredmedia":[{"embeddable":true,"href":"https:\/\/agora.xtec.cat\/iecastell\/wp-json\/wp\/v2\/media\/12324"}],"wp:attachment":[{"href":"https:\/\/agora.xtec.cat\/iecastell\/wp-json\/wp\/v2\/media?parent=12323"}],"wp:term":[{"taxonomy":"category","embeddable":true,"href":"https:\/\/agora.xtec.cat\/iecastell\/wp-json\/wp\/v2\/categories?post=12323"},{"taxonomy":"post_tag","embeddable":true,"href":"https:\/\/agora.xtec.cat\/iecastell\/wp-json\/wp\/v2\/tags?post=12323"}],"curies":[{"name":"wp","href":"https:\/\/api.w.org\/{rel}","templated":true}]}}