{"id":12316,"date":"2021-04-28T13:26:44","date_gmt":"2021-04-28T11:26:44","guid":{"rendered":"https:\/\/agora.xtec.cat\/iecastell\/?p=12316"},"modified":"2021-04-28T13:26:44","modified_gmt":"2021-04-28T11:26:44","slug":"descobrim-els-amfibis-i-reptils","status":"publish","type":"post","link":"https:\/\/agora.xtec.cat\/iecastell\/general\/descobrim-els-amfibis-i-reptils\/","title":{"rendered":"Descobrim els amfibis i r\u00e8ptils."},"content":{"rendered":"<p>Comencem la setmana cultural amb el descobriment dels amfibis i els r\u00e8ptils de la m\u00e0 dels experts del CRARC (Centre de Recuperaci\u00f3 d\u2019Amfibis i R\u00e8ptils de Catalunya). TOT UN M\u00d3N PER DESCOBRIR!!<\/p>\n<p><img loading=\"lazy\" decoding=\"async\" class=\"wp-image-12317 alignright\" src=\"https:\/\/agora.xtec.cat\/iecastell\/wp-content\/uploads\/usu288\/2021\/04\/camaleon-1.png\" alt=\"\" width=\"199\" height=\"199\" srcset=\"https:\/\/agora.xtec.cat\/iecastell\/wp-content\/uploads\/usu288\/2021\/04\/camaleon-1.png 512w, https:\/\/agora.xtec.cat\/iecastell\/wp-content\/uploads\/usu288\/2021\/04\/camaleon-1-150x150.png 150w, https:\/\/agora.xtec.cat\/iecastell\/wp-content\/uploads\/usu288\/2021\/04\/camaleon-1-300x300.png 300w\" sizes=\"auto, (max-width: 199px) 100vw, 199px\" \/><\/p>\n<p><span style=\"font-family: inherit; font-size: 1em;\">Els alumnes de cicle inicial i mitj\u00e0 hem apr\u00e8s moltes coses, entre elles: s\u00f3n animals de sang freda, alguns d\u2019ells fan la metamorfosi, respire<\/span><span style=\"font-family: inherit; font-size: 1em;\">n per pulmons o br\u00e0nquies, s\u00f3n ov\u00edpars o<\/span>\u00a0ovoviv\u00edpars i , sobretot, molts d\u2019ells estan en perill d\u2019extinci\u00f3&#8230; Per aix\u00f2 es tan important conservar, cuidar i protegir el nostre entorn.<\/p>\n<p>A m\u00e9s a m\u00e9s, els vam poder veure de molt a prop i tamb\u00e9 els vam poder acariciar. Aaaaah! Per cert, ens can regalar una pell de serp i unes dents de cocodril.<\/p>\n<p>Com vam disfrutar!!!! Aqu\u00ed us deixem un link per veure les fotos \ud83d\ude1b\u00a0<a href=\"https:\/\/photos.app.goo.gl\/JYLurUHtY2aNvoo86\">Descobrim amfibis i r\u00e8ptils<\/a><\/p>\n","protected":false},"excerpt":{"rendered":"<p>Comencem la setmana cultural amb el descobriment dels amfibis i els r\u00e8ptils de la m\u00e0 dels experts del CRARC (Centre de Recuperaci\u00f3 d\u2019Amfibis i R\u00e8ptils de Catalunya). TOT UN M\u00d3N PER DESCOBRIR!! Els alumnes de cicle inicial i mitj\u00e0 hem apr\u00e8s moltes coses, entre elles: s\u00f3n animals de sang freda, alguns d\u2019ells fan la metamorfosi, [&hellip;]<\/p>\n","protected":false},"author":12,"featured_media":12320,"comment_status":"open","ping_status":"closed","sticky":false,"template":"","format":"standard","meta":{"_bbp_topic_count":0,"_bbp_reply_count":0,"_bbp_total_topic_count":0,"_bbp_total_reply_count":0,"_bbp_voice_count":0,"_bbp_anonymous_reply_count":0,"_bbp_topic_count_hidden":0,"_bbp_reply_count_hidden":0,"_bbp_forum_subforum_count":0,"site-sidebar-layout":"default","site-content-layout":"","ast-site-content-layout":"","site-content-style":"default","site-sidebar-style":"default","ast-global-header-display":"","ast-banner-title-visibility":"","ast-main-header-display":"","ast-hfb-above-header-display":"","ast-hfb-below-header-display":"","ast-hfb-mobile-header-display":"","site-post-title":"","ast-breadcrumbs-content":"","ast-featured-img":"","footer-sml-layout":"","theme-transparent-header-meta":"","adv-header-id-meta":"","stick-header-meta":"","header-above-stick-meta":"","header-main-stick-meta":"","header-below-stick-meta":"","astra-migrate-meta-layouts":"default","ast-page-background-enabled":"default","ast-page-background-meta":{"desktop":{"background-color":"var(--ast-global-color-4)","background-image":"","background-repeat":"repeat","background-position":"center center","background-size":"auto","background-attachment":"scroll","background-type":"","background-media":"","overlay-type":"","overlay-color":"","overlay-opacity":"","overlay-gradient":""},"tablet":{"background-color":"","background-image":"","background-repeat":"repeat","background-position":"center center","background-size":"auto","background-attachment":"scroll","background-type":"","background-media":"","overlay-type":"","overlay-color":"","overlay-opacity":"","overlay-gradient":""},"mobile":{"background-color":"","background-image":"","background-repeat":"repeat","background-position":"center center","background-size":"auto","background-attachment":"scroll","background-type":"","background-media":"","overlay-type":"","overlay-color":"","overlay-opacity":"","overlay-gradient":""}},"ast-content-background-meta":{"desktop":{"background-color":"var(--ast-global-color-5)","background-image":"","background-repeat":"repeat","background-position":"center center","background-size":"auto","background-attachment":"scroll","background-type":"","background-media":"","overlay-type":"","overlay-color":"","overlay-opacity":"","overlay-gradient":""},"tablet":{"background-color":"var(--ast-global-color-5)","background-image":"","background-repeat":"repeat","background-position":"center center","background-size":"auto","background-attachment":"scroll","background-type":"","background-media":"","overlay-type":"","overlay-color":"","overlay-opacity":"","overlay-gradient":""},"mobile":{"background-color":"var(--ast-global-color-5)","background-image":"","background-repeat":"repeat","background-position":"center center","background-size":"auto","background-attachment":"scroll","background-type":"","background-media":"","overlay-type":"","overlay-color":"","overlay-opacity":"","overlay-gradient":""}},"footnotes":""},"categories":[99,1,29,181,104],"tags":[],"class_list":["post-12316","post","type-post","status-publish","format-standard","has-post-thumbnail","hentry","category-ci","category-general","category-portada","category-revista","category-sc"],"post_mailing_queue_ids":[],"_links":{"self":[{"href":"https:\/\/agora.xtec.cat\/iecastell\/wp-json\/wp\/v2\/posts\/12316","targetHints":{"allow":["GET"]}}],"collection":[{"href":"https:\/\/agora.xtec.cat\/iecastell\/wp-json\/wp\/v2\/posts"}],"about":[{"href":"https:\/\/agora.xtec.cat\/iecastell\/wp-json\/wp\/v2\/types\/post"}],"author":[{"embeddable":true,"href":"https:\/\/agora.xtec.cat\/iecastell\/wp-json\/wp\/v2\/users\/12"}],"replies":[{"embeddable":true,"href":"https:\/\/agora.xtec.cat\/iecastell\/wp-json\/wp\/v2\/comments?post=12316"}],"version-history":[{"count":3,"href":"https:\/\/agora.xtec.cat\/iecastell\/wp-json\/wp\/v2\/posts\/12316\/revisions"}],"predecessor-version":[{"id":12326,"href":"https:\/\/agora.xtec.cat\/iecastell\/wp-json\/wp\/v2\/posts\/12316\/revisions\/12326"}],"wp:featuredmedia":[{"embeddable":true,"href":"https:\/\/agora.xtec.cat\/iecastell\/wp-json\/wp\/v2\/media\/12320"}],"wp:attachment":[{"href":"https:\/\/agora.xtec.cat\/iecastell\/wp-json\/wp\/v2\/media?parent=12316"}],"wp:term":[{"taxonomy":"category","embeddable":true,"href":"https:\/\/agora.xtec.cat\/iecastell\/wp-json\/wp\/v2\/categories?post=12316"},{"taxonomy":"post_tag","embeddable":true,"href":"https:\/\/agora.xtec.cat\/iecastell\/wp-json\/wp\/v2\/tags?post=12316"}],"curies":[{"name":"wp","href":"https:\/\/api.w.org\/{rel}","templated":true}]}}