{"id":12106,"date":"2021-03-05T16:26:37","date_gmt":"2021-03-05T15:26:37","guid":{"rendered":"https:\/\/agora.xtec.cat\/iecastell\/?p=12106"},"modified":"2021-03-18T09:09:20","modified_gmt":"2021-03-18T08:09:20","slug":"portes-obertes-ie-castelltercol","status":"publish","type":"post","link":"https:\/\/agora.xtec.cat\/iecastell\/general\/portes-obertes-ie-castelltercol\/","title":{"rendered":"Portes obertes IE Castellter\u00e7ol"},"content":{"rendered":"<p>El <strong>dimarts 2 i el dijous 4 de mar\u00e7<\/strong> s&#8217;han fet les dues sessions de portes obertes al nostre Institut Escola. Mitjan\u00e7ant cita pr\u00e8via, fam\u00edlies i alumnat han pogut venir al centre presencialment i veure,<em> in situ<\/em>, els diferents espais d&#8217;aules, aix\u00ed com el nostre projecte educatiu. Al no poder fer una sessi\u00f3 m\u00e9s participativa i vivencial per l&#8217;\u00e8poca de pand\u00e8mia que estem vivint, no v\u00e0rem poder fer la mostra de projectes juntament amb el nostre equip docent i alumnat. <a style=\"color: #2795b6;\" href=\"https:\/\/agora.xtec.cat\/iecastell\/wp-content\/uploads\/usu288\/2021\/03\/IMG-20210304-WA0008.jpg\"><img loading=\"lazy\" decoding=\"async\" class=\"wp-image-12108 alignright\" src=\"https:\/\/agora.xtec.cat\/iecastell\/wp-content\/uploads\/usu288\/2021\/03\/IMG-20210304-WA0008-300x225.jpg\" alt=\"\" width=\"407\" height=\"305\" srcset=\"https:\/\/agora.xtec.cat\/iecastell\/wp-content\/uploads\/usu288\/2021\/03\/IMG-20210304-WA0008-300x225.jpg 300w, https:\/\/agora.xtec.cat\/iecastell\/wp-content\/uploads\/usu288\/2021\/03\/IMG-20210304-WA0008-768x576.jpg 768w, https:\/\/agora.xtec.cat\/iecastell\/wp-content\/uploads\/usu288\/2021\/03\/IMG-20210304-WA0008-1024x769.jpg 1024w, https:\/\/agora.xtec.cat\/iecastell\/wp-content\/uploads\/usu288\/2021\/03\/IMG-20210304-WA0008-200x150.jpg 200w, https:\/\/agora.xtec.cat\/iecastell\/wp-content\/uploads\/usu288\/2021\/03\/IMG-20210304-WA0008.jpg 1600w\" sizes=\"auto, (max-width: 407px) 100vw, 407px\" \/><\/a><\/p>\n<p>Des de tot l&#8217;equip docent, per cicles i etapes educatives, hem editat un rec<span style=\"font-family: inherit; font-size: 1em;\">ull de v\u00eddeos i <\/span><span style=\"font-family: inherit; font-size: 1em;\">d&#8217;imatges on podeu visualitzar els tallers que s&#8217;han portat a terme en els darrers cursos, sortides i excursions, col\u00f2nies i tota l&#8217;oferta d&#8217;optatives d&#8217;ESO aix\u00ed com els projectes propis de centre:<\/span><\/p>\n<ul>\n<li>la <em>setmana cultural<\/em> que va lligada a l&#8217;eix tem\u00e0tic del curs,<\/li>\n<li>els ambients d&#8217;aprenentatge a infantil i espais d&#8217;aprenentatge a prim\u00e0ria,<\/li>\n<li>el projecte pati,<\/li>\n<li>la cooperativa de 5\u00e8,<\/li>\n<li>projecte hort<\/li>\n<li>educant en democr\u00e0cia<\/li>\n<li>el projecte<em> E-Twinning<\/em> (internacionalitzaci\u00f3 en angl\u00e8s de centre) a 6\u00e8 i 3r ESO,<\/li>\n<li>el <em>concert de Nadal<\/em>, i la participaci\u00f3 a la <em>Cantata<\/em> (Moian\u00e8s)<\/li>\n<li>la <em>cursa solid\u00e0ria de Nadal<\/em> associada al banc d&#8217;aliments i altres.<\/li>\n<li>projecte de digitalitzaci\u00f3 de centre\u00a0 amb la implantaci\u00f3 de l&#8217;assignatura d&#8217;ofim\u00e0tica a 1r ESO:<\/li>\n<li>el <em>projecte cient\u00edfic<\/em> de sostenibilitat propi de centre a 2n ESO<\/li>\n<li>el projecte propi de centre de la creaci\u00f3 dels <em>Itineraris social i natural<\/em> a 3r ESO<\/li>\n<li>\u00e0mplia oferta d&#8217;optatives a l&#8217;ESO: des d&#8217;assignatures obligat\u00f2ries curriculars, com franc\u00e8s (2a llengua estrangera), llat\u00ed,\u00a0 a d&#8217;altres m\u00e9s pr\u00f2pies de centre com serien: escacs, millora de lectura i escriptura, projecte R\u00e0dio (anant als estudis de r\u00e0dio del poble a enregistrar els nostres programes), sobre rodes (bicicleta), terra (entorn i recursos a la natura). Optatives a 3r ESO com: emprenedoria, fotografia en curs (Fundaci\u00f3 al Castell de Castellter\u00e7ol), e-Twinning project (intercanvi cultural amb escoles estrangeres) i club de lectura, i les optatives de 4t com Dibuix t\u00e8cnic, TIC, tecnologia i esports a la natura.<\/li>\n<li>Participaci\u00f3 en el projecte de <em>Manresada i Barcelonada<\/em> (1r i 3r ESO respectivament, es treballa la GEO localitzaci\u00f3 i noves tecnologies)<\/li>\n<li>I d&#8217; altres que anem incorporant segons la tem\u00e0tica de l&#8217;Eix del curs, ja sigui per anar avan\u00e7ant o per necessitats educatives espec\u00edfiques que es donen en cada moment.<\/li>\n<\/ul>\n<p>Aqu\u00ed podeu veure un recull de diferents v\u00eddeos sobre diverses tem\u00e0tiques, igualment us convidem a <b>navegar pel nostre bloc, on podreu trobar, per etapes, cicles, projectes espec\u00edfics, totes les activitats que s&#8217;estan duent a terme al nostre Institut escola.<\/b><\/p>\n<p>Salutacions i esperem que el proper curs ja podem fer les portes obertes presencials per tothom.<\/p>\n<ul>\n<li><em><a href=\"https:\/\/drive.google.com\/file\/d\/1VgZcBEK8hjGt6JU9SQAM9An-sklfIYta\/view?usp=sharing\" target=\"_blank\" rel=\"noopener noreferrer\">Recull d&#8217;imatges d&#8217;infantil<\/a><\/em><\/li>\n<li><em><a href=\"https:\/\/photos.app.goo.gl\/CY8PoCvYqnEj1Wi27\" target=\"_blank\" rel=\"noopener noreferrer\">Recull de v\u00eddeos i imatges prim\u00e0ria<\/a><\/em><\/li>\n<li><a href=\"https:\/\/photos.app.goo.gl\/zKB3p3veogkyqxbGA\"><em>Portes obertes a Secund\u00e0ria, recull de v\u00eddeos i imatges.<\/em><\/a><\/li>\n<\/ul>\n<p>&nbsp;<\/p>\n","protected":false},"excerpt":{"rendered":"<p>El dimarts 2 i el dijous 4 de mar\u00e7 s&#8217;han fet les dues sessions de portes obertes al nostre Institut Escola. Mitjan\u00e7ant cita pr\u00e8via, fam\u00edlies i alumnat han pogut venir al centre presencialment i veure, in situ, els diferents espais d&#8217;aules, aix\u00ed com el nostre projecte educatiu. Al no poder fer una sessi\u00f3 m\u00e9s participativa [&hellip;]<\/p>\n","protected":false},"author":3,"featured_media":12109,"comment_status":"open","ping_status":"closed","sticky":false,"template":"","format":"standard","meta":{"_bbp_topic_count":0,"_bbp_reply_count":0,"_bbp_total_topic_count":0,"_bbp_total_reply_count":0,"_bbp_voice_count":0,"_bbp_anonymous_reply_count":0,"_bbp_topic_count_hidden":0,"_bbp_reply_count_hidden":0,"_bbp_forum_subforum_count":0,"site-sidebar-layout":"default","site-content-layout":"","ast-site-content-layout":"","site-content-style":"default","site-sidebar-style":"default","ast-global-header-display":"","ast-banner-title-visibility":"","ast-main-header-display":"","ast-hfb-above-header-display":"","ast-hfb-below-header-display":"","ast-hfb-mobile-header-display":"","site-post-title":"","ast-breadcrumbs-content":"","ast-featured-img":"","footer-sml-layout":"","theme-transparent-header-meta":"","adv-header-id-meta":"","stick-header-meta":"","header-above-stick-meta":"","header-main-stick-meta":"","header-below-stick-meta":"","astra-migrate-meta-layouts":"default","ast-page-background-enabled":"default","ast-page-background-meta":{"desktop":{"background-color":"var(--ast-global-color-4)","background-image":"","background-repeat":"repeat","background-position":"center center","background-size":"auto","background-attachment":"scroll","background-type":"","background-media":"","overlay-type":"","overlay-color":"","overlay-opacity":"","overlay-gradient":""},"tablet":{"background-color":"","background-image":"","background-repeat":"repeat","background-position":"center center","background-size":"auto","background-attachment":"scroll","background-type":"","background-media":"","overlay-type":"","overlay-color":"","overlay-opacity":"","overlay-gradient":""},"mobile":{"background-color":"","background-image":"","background-repeat":"repeat","background-position":"center center","background-size":"auto","background-attachment":"scroll","background-type":"","background-media":"","overlay-type":"","overlay-color":"","overlay-opacity":"","overlay-gradient":""}},"ast-content-background-meta":{"desktop":{"background-color":"var(--ast-global-color-5)","background-image":"","background-repeat":"repeat","background-position":"center center","background-size":"auto","background-attachment":"scroll","background-type":"","background-media":"","overlay-type":"","overlay-color":"","overlay-opacity":"","overlay-gradient":""},"tablet":{"background-color":"var(--ast-global-color-5)","background-image":"","background-repeat":"repeat","background-position":"center center","background-size":"auto","background-attachment":"scroll","background-type":"","background-media":"","overlay-type":"","overlay-color":"","overlay-opacity":"","overlay-gradient":""},"mobile":{"background-color":"var(--ast-global-color-5)","background-image":"","background-repeat":"repeat","background-position":"center center","background-size":"auto","background-attachment":"scroll","background-type":"","background-media":"","overlay-type":"","overlay-color":"","overlay-opacity":"","overlay-gradient":""}},"footnotes":""},"categories":[1,29],"tags":[],"class_list":["post-12106","post","type-post","status-publish","format-standard","has-post-thumbnail","hentry","category-general","category-portada"],"post_mailing_queue_ids":[],"_links":{"self":[{"href":"https:\/\/agora.xtec.cat\/iecastell\/wp-json\/wp\/v2\/posts\/12106","targetHints":{"allow":["GET"]}}],"collection":[{"href":"https:\/\/agora.xtec.cat\/iecastell\/wp-json\/wp\/v2\/posts"}],"about":[{"href":"https:\/\/agora.xtec.cat\/iecastell\/wp-json\/wp\/v2\/types\/post"}],"author":[{"embeddable":true,"href":"https:\/\/agora.xtec.cat\/iecastell\/wp-json\/wp\/v2\/users\/3"}],"replies":[{"embeddable":true,"href":"https:\/\/agora.xtec.cat\/iecastell\/wp-json\/wp\/v2\/comments?post=12106"}],"version-history":[{"count":3,"href":"https:\/\/agora.xtec.cat\/iecastell\/wp-json\/wp\/v2\/posts\/12106\/revisions"}],"predecessor-version":[{"id":12127,"href":"https:\/\/agora.xtec.cat\/iecastell\/wp-json\/wp\/v2\/posts\/12106\/revisions\/12127"}],"wp:featuredmedia":[{"embeddable":true,"href":"https:\/\/agora.xtec.cat\/iecastell\/wp-json\/wp\/v2\/media\/12109"}],"wp:attachment":[{"href":"https:\/\/agora.xtec.cat\/iecastell\/wp-json\/wp\/v2\/media?parent=12106"}],"wp:term":[{"taxonomy":"category","embeddable":true,"href":"https:\/\/agora.xtec.cat\/iecastell\/wp-json\/wp\/v2\/categories?post=12106"},{"taxonomy":"post_tag","embeddable":true,"href":"https:\/\/agora.xtec.cat\/iecastell\/wp-json\/wp\/v2\/tags?post=12106"}],"curies":[{"name":"wp","href":"https:\/\/api.w.org\/{rel}","templated":true}]}}