{"id":11937,"date":"2021-01-25T07:55:25","date_gmt":"2021-01-25T06:55:25","guid":{"rendered":"https:\/\/agora.xtec.cat\/iecastell\/?p=11937"},"modified":"2021-01-25T07:57:06","modified_gmt":"2021-01-25T06:57:06","slug":"presentacio-del-projecte-de-fotografia-curs-19-20-relats-arrelats","status":"publish","type":"post","link":"https:\/\/agora.xtec.cat\/iecastell\/general\/presentacio-del-projecte-de-fotografia-curs-19-20-relats-arrelats\/","title":{"rendered":"PRESENTACI\u00d3 DEL PROJECTE DE FOTOGRAFIA CURS 19-20, RELATS ARRELATS"},"content":{"rendered":"<p>Dissabte 23 de gener, l\u2019alumnat que durant el curs 2019-2020 van cursar el projecte de Fotografia, finalment han pogut presentar la seva obra, a la sala de lectura de Castellter\u00e7ol.<\/p>\n<p>Just abans del confinament, en Jordi Ballester, en Guillem Franch, la Judit G\u00f3mez, la Brittany Machicela, en Jordi Masllorens, l\u2019Alba Pad\u00edn, en Derek Quevedo, la Queralt Roger, en Bernat Soler i la Uma Tuxuera, van realitzar les fotografies, que finalment han pogut veure convertides en una magn\u00edfica exposici\u00f3, que ells mateixos han titulat RELATS ARRELATS, i que es pot veure a la sala de lectura de Castellter\u00e7ol durant un parell de mesos, aproximadament.<\/p>\n<p>La mostra fotogr\u00e0fica ens interpel\u00b7la sobre els camins que porten al castell, l\u2019eix vertebrador d\u2019aquests espais per rec\u00f3rrer del nostre entorn.<\/p>\n<p>Els alumnes han pensat aquest t\u00edtol que, a part de ser un joc ling\u00fc\u00edstic, fa refer\u00e8ncia a les arrels dels arbres, esbarzers, didortes&#8230; que dibuixen aquest paisatge i que contemplen el pas del temps, uns instants del qual ha estat amb la c\u00e0mera.<\/p>\n<p>\u201cCercar el nom de l\u2019exposici\u00f3 ens va costar molt, tots ten\u00edem clar que vol\u00edem titular-la amb quelcom relacionat amb el castell i amb els camins que hi menen, i la pluja d\u2019idees va ser llarga, fins que vam veure clar que RELATS ARRELATS encaixava perfectament amb l\u2019ess\u00e8ncia del missatge que vol\u00edem transmetre amb la nostra feina feta\u201d.<\/p>\n<p>Aquestes son algunes de les paraules amb qu\u00e8 s\u2019han expressat els alumnes en l\u2019acte d\u2019inauguraci\u00f3 de l&#8217;exposici\u00f3, en la qual, entre els assistents, a part d\u2019algunes de les fam\u00edlies i de professorat de l\u2019IE Castellter\u00e7ol, tamb\u00e9 hi han participat representants del consistori, de l\u2019associaci\u00f3 cultural A Bao A Qu que, a trav\u00e9s de la Fundaci\u00f3 Josep Maria de Anzizu dona suport a aquest projecte que vincula creaci\u00f3 art\u00edstica i educaci\u00f3, i Joan Vilaplana, el fot\u00f2graf d\u2019aquest any de l\u2019associaci\u00f3 que juntament amb la professora de l\u2019optativa de fotografia de l\u2019institut, Maria del Mar Sayol, han acompanyat els alumnes en aquest passeig que relata els camins arrelats de la vila de Castellter\u00e7ol captats.<\/p>\n<p>\u201cPerqu\u00e8 vam voler simbolitzar com els arbres i les plantes, que acostumen a estar als marges dels camins, han pogut percebre durant anys i m\u00e9s anys els corriols que ens guien cap al castell, i alhora, com ells, arrelats a la terra com estan, s\u00f3n testimonis de les inevitables transformacions que el temps ens regala\u201d, s\u00f3n algunes m\u00e9s de les paraules que han adre\u00e7at els alumnes als assistents a l\u2019acte.<\/p>\n<p>&nbsp;<\/p>\n<div id='gallery-1' class='gallery galleryid-11937 gallery-columns-3 gallery-size-medium'><figure class='gallery-item'>\n\t\t\t<div class='gallery-icon landscape'>\n\t\t\t\t<a href='https:\/\/agora.xtec.cat\/iecastell\/general\/presentacio-del-projecte-de-fotografia-curs-19-20-relats-arrelats\/attachment\/photo-2021-01-23-20-31-403\/'><img loading=\"lazy\" decoding=\"async\" width=\"300\" height=\"225\" src=\"https:\/\/agora.xtec.cat\/iecastell\/wp-content\/uploads\/usu288\/2021\/01\/PHOTO-2021-01-23-20-31-403-300x225.jpg\" class=\"attachment-medium size-medium\" alt=\"\" srcset=\"https:\/\/agora.xtec.cat\/iecastell\/wp-content\/uploads\/usu288\/2021\/01\/PHOTO-2021-01-23-20-31-403-300x225.jpg 300w, https:\/\/agora.xtec.cat\/iecastell\/wp-content\/uploads\/usu288\/2021\/01\/PHOTO-2021-01-23-20-31-403-768x576.jpg 768w, https:\/\/agora.xtec.cat\/iecastell\/wp-content\/uploads\/usu288\/2021\/01\/PHOTO-2021-01-23-20-31-403-1024x769.jpg 1024w, https:\/\/agora.xtec.cat\/iecastell\/wp-content\/uploads\/usu288\/2021\/01\/PHOTO-2021-01-23-20-31-403-200x150.jpg 200w, https:\/\/agora.xtec.cat\/iecastell\/wp-content\/uploads\/usu288\/2021\/01\/PHOTO-2021-01-23-20-31-403.jpg 1600w\" sizes=\"auto, (max-width: 300px) 100vw, 300px\" \/><\/a>\n\t\t\t<\/div><\/figure><figure class='gallery-item'>\n\t\t\t<div class='gallery-icon landscape'>\n\t\t\t\t<a href='https:\/\/agora.xtec.cat\/iecastell\/general\/presentacio-del-projecte-de-fotografia-curs-19-20-relats-arrelats\/attachment\/photo-2021-01-23-20-31-402\/'><img loading=\"lazy\" decoding=\"async\" width=\"300\" height=\"225\" src=\"https:\/\/agora.xtec.cat\/iecastell\/wp-content\/uploads\/usu288\/2021\/01\/PHOTO-2021-01-23-20-31-402-300x225.jpg\" class=\"attachment-medium size-medium\" alt=\"\" srcset=\"https:\/\/agora.xtec.cat\/iecastell\/wp-content\/uploads\/usu288\/2021\/01\/PHOTO-2021-01-23-20-31-402-300x225.jpg 300w, https:\/\/agora.xtec.cat\/iecastell\/wp-content\/uploads\/usu288\/2021\/01\/PHOTO-2021-01-23-20-31-402-768x576.jpg 768w, https:\/\/agora.xtec.cat\/iecastell\/wp-content\/uploads\/usu288\/2021\/01\/PHOTO-2021-01-23-20-31-402-1024x769.jpg 1024w, https:\/\/agora.xtec.cat\/iecastell\/wp-content\/uploads\/usu288\/2021\/01\/PHOTO-2021-01-23-20-31-402-200x150.jpg 200w, https:\/\/agora.xtec.cat\/iecastell\/wp-content\/uploads\/usu288\/2021\/01\/PHOTO-2021-01-23-20-31-402.jpg 1600w\" sizes=\"auto, (max-width: 300px) 100vw, 300px\" \/><\/a>\n\t\t\t<\/div><\/figure><figure class='gallery-item'>\n\t\t\t<div class='gallery-icon landscape'>\n\t\t\t\t<a href='https:\/\/agora.xtec.cat\/iecastell\/general\/presentacio-del-projecte-de-fotografia-curs-19-20-relats-arrelats\/attachment\/photo-2021-01-23-20-31-411\/'><img loading=\"lazy\" decoding=\"async\" width=\"300\" height=\"225\" src=\"https:\/\/agora.xtec.cat\/iecastell\/wp-content\/uploads\/usu288\/2021\/01\/PHOTO-2021-01-23-20-31-411-300x225.jpg\" class=\"attachment-medium size-medium\" alt=\"\" srcset=\"https:\/\/agora.xtec.cat\/iecastell\/wp-content\/uploads\/usu288\/2021\/01\/PHOTO-2021-01-23-20-31-411-300x225.jpg 300w, https:\/\/agora.xtec.cat\/iecastell\/wp-content\/uploads\/usu288\/2021\/01\/PHOTO-2021-01-23-20-31-411-768x576.jpg 768w, https:\/\/agora.xtec.cat\/iecastell\/wp-content\/uploads\/usu288\/2021\/01\/PHOTO-2021-01-23-20-31-411-1024x769.jpg 1024w, https:\/\/agora.xtec.cat\/iecastell\/wp-content\/uploads\/usu288\/2021\/01\/PHOTO-2021-01-23-20-31-411-200x150.jpg 200w, https:\/\/agora.xtec.cat\/iecastell\/wp-content\/uploads\/usu288\/2021\/01\/PHOTO-2021-01-23-20-31-411.jpg 1600w\" sizes=\"auto, (max-width: 300px) 100vw, 300px\" \/><\/a>\n\t\t\t<\/div><\/figure><figure class='gallery-item'>\n\t\t\t<div class='gallery-icon landscape'>\n\t\t\t\t<a href='https:\/\/agora.xtec.cat\/iecastell\/general\/presentacio-del-projecte-de-fotografia-curs-19-20-relats-arrelats\/attachment\/photo-2021-01-23-20-31-401\/'><img loading=\"lazy\" decoding=\"async\" width=\"300\" height=\"225\" src=\"https:\/\/agora.xtec.cat\/iecastell\/wp-content\/uploads\/usu288\/2021\/01\/PHOTO-2021-01-23-20-31-401-300x225.jpg\" class=\"attachment-medium size-medium\" alt=\"\" srcset=\"https:\/\/agora.xtec.cat\/iecastell\/wp-content\/uploads\/usu288\/2021\/01\/PHOTO-2021-01-23-20-31-401-300x225.jpg 300w, https:\/\/agora.xtec.cat\/iecastell\/wp-content\/uploads\/usu288\/2021\/01\/PHOTO-2021-01-23-20-31-401-768x576.jpg 768w, https:\/\/agora.xtec.cat\/iecastell\/wp-content\/uploads\/usu288\/2021\/01\/PHOTO-2021-01-23-20-31-401-1024x769.jpg 1024w, https:\/\/agora.xtec.cat\/iecastell\/wp-content\/uploads\/usu288\/2021\/01\/PHOTO-2021-01-23-20-31-401-200x150.jpg 200w, https:\/\/agora.xtec.cat\/iecastell\/wp-content\/uploads\/usu288\/2021\/01\/PHOTO-2021-01-23-20-31-401.jpg 1600w\" sizes=\"auto, (max-width: 300px) 100vw, 300px\" \/><\/a>\n\t\t\t<\/div><\/figure><figure class='gallery-item'>\n\t\t\t<div class='gallery-icon landscape'>\n\t\t\t\t<a href='https:\/\/agora.xtec.cat\/iecastell\/general\/presentacio-del-projecte-de-fotografia-curs-19-20-relats-arrelats\/attachment\/photo-2021-01-23-20-31-39\/'><img loading=\"lazy\" decoding=\"async\" width=\"300\" height=\"225\" src=\"https:\/\/agora.xtec.cat\/iecastell\/wp-content\/uploads\/usu288\/2021\/01\/PHOTO-2021-01-23-20-31-39-300x225.jpg\" class=\"attachment-medium size-medium\" alt=\"\" srcset=\"https:\/\/agora.xtec.cat\/iecastell\/wp-content\/uploads\/usu288\/2021\/01\/PHOTO-2021-01-23-20-31-39-300x225.jpg 300w, https:\/\/agora.xtec.cat\/iecastell\/wp-content\/uploads\/usu288\/2021\/01\/PHOTO-2021-01-23-20-31-39-768x576.jpg 768w, https:\/\/agora.xtec.cat\/iecastell\/wp-content\/uploads\/usu288\/2021\/01\/PHOTO-2021-01-23-20-31-39-1024x769.jpg 1024w, https:\/\/agora.xtec.cat\/iecastell\/wp-content\/uploads\/usu288\/2021\/01\/PHOTO-2021-01-23-20-31-39-200x150.jpg 200w, https:\/\/agora.xtec.cat\/iecastell\/wp-content\/uploads\/usu288\/2021\/01\/PHOTO-2021-01-23-20-31-39.jpg 1600w\" sizes=\"auto, (max-width: 300px) 100vw, 300px\" \/><\/a>\n\t\t\t<\/div><\/figure><figure class='gallery-item'>\n\t\t\t<div class='gallery-icon landscape'>\n\t\t\t\t<a href='https:\/\/agora.xtec.cat\/iecastell\/general\/presentacio-del-projecte-de-fotografia-curs-19-20-relats-arrelats\/attachment\/invitacio_castelltercol_23gen21\/'><img loading=\"lazy\" decoding=\"async\" width=\"300\" height=\"265\" src=\"https:\/\/agora.xtec.cat\/iecastell\/wp-content\/uploads\/usu288\/2021\/01\/INVITACIO_Castelltercol_23gen21-300x265.jpg\" class=\"attachment-medium size-medium\" alt=\"\" srcset=\"https:\/\/agora.xtec.cat\/iecastell\/wp-content\/uploads\/usu288\/2021\/01\/INVITACIO_Castelltercol_23gen21-300x265.jpg 300w, https:\/\/agora.xtec.cat\/iecastell\/wp-content\/uploads\/usu288\/2021\/01\/INVITACIO_Castelltercol_23gen21-768x679.jpg 768w, https:\/\/agora.xtec.cat\/iecastell\/wp-content\/uploads\/usu288\/2021\/01\/INVITACIO_Castelltercol_23gen21-1024x905.jpg 1024w, https:\/\/agora.xtec.cat\/iecastell\/wp-content\/uploads\/usu288\/2021\/01\/INVITACIO_Castelltercol_23gen21.jpg 1181w\" sizes=\"auto, (max-width: 300px) 100vw, 300px\" \/><\/a>\n\t\t\t<\/div><\/figure>\n\t\t<\/div>\n\n<p>&nbsp;<\/p>\n","protected":false},"excerpt":{"rendered":"<p>Dissabte 23 de gener, l\u2019alumnat que durant el curs 2019-2020 van cursar el projecte de Fotografia, finalment han pogut presentar la seva obra, a la sala de lectura de Castellter\u00e7ol. Just abans del confinament, en Jordi Ballester, en Guillem Franch, la Judit G\u00f3mez, la Brittany Machicela, en Jordi Masllorens, l\u2019Alba Pad\u00edn, en Derek Quevedo, la [&hellip;]<\/p>\n","protected":false},"author":15,"featured_media":11941,"comment_status":"open","ping_status":"closed","sticky":false,"template":"","format":"standard","meta":{"_bbp_topic_count":0,"_bbp_reply_count":0,"_bbp_total_topic_count":0,"_bbp_total_reply_count":0,"_bbp_voice_count":0,"_bbp_anonymous_reply_count":0,"_bbp_topic_count_hidden":0,"_bbp_reply_count_hidden":0,"_bbp_forum_subforum_count":0,"site-sidebar-layout":"default","site-content-layout":"","ast-site-content-layout":"","site-content-style":"default","site-sidebar-style":"default","ast-global-header-display":"","ast-banner-title-visibility":"","ast-main-header-display":"","ast-hfb-above-header-display":"","ast-hfb-below-header-display":"","ast-hfb-mobile-header-display":"","site-post-title":"","ast-breadcrumbs-content":"","ast-featured-img":"","footer-sml-layout":"","theme-transparent-header-meta":"","adv-header-id-meta":"","stick-header-meta":"","header-above-stick-meta":"","header-main-stick-meta":"","header-below-stick-meta":"","astra-migrate-meta-layouts":"default","ast-page-background-enabled":"default","ast-page-background-meta":{"desktop":{"background-color":"var(--ast-global-color-4)","background-image":"","background-repeat":"repeat","background-position":"center center","background-size":"auto","background-attachment":"scroll","background-type":"","background-media":"","overlay-type":"","overlay-color":"","overlay-opacity":"","overlay-gradient":""},"tablet":{"background-color":"","background-image":"","background-repeat":"repeat","background-position":"center center","background-size":"auto","background-attachment":"scroll","background-type":"","background-media":"","overlay-type":"","overlay-color":"","overlay-opacity":"","overlay-gradient":""},"mobile":{"background-color":"","background-image":"","background-repeat":"repeat","background-position":"center center","background-size":"auto","background-attachment":"scroll","background-type":"","background-media":"","overlay-type":"","overlay-color":"","overlay-opacity":"","overlay-gradient":""}},"ast-content-background-meta":{"desktop":{"background-color":"var(--ast-global-color-5)","background-image":"","background-repeat":"repeat","background-position":"center center","background-size":"auto","background-attachment":"scroll","background-type":"","background-media":"","overlay-type":"","overlay-color":"","overlay-opacity":"","overlay-gradient":""},"tablet":{"background-color":"var(--ast-global-color-5)","background-image":"","background-repeat":"repeat","background-position":"center center","background-size":"auto","background-attachment":"scroll","background-type":"","background-media":"","overlay-type":"","overlay-color":"","overlay-opacity":"","overlay-gradient":""},"mobile":{"background-color":"var(--ast-global-color-5)","background-image":"","background-repeat":"repeat","background-position":"center center","background-size":"auto","background-attachment":"scroll","background-type":"","background-media":"","overlay-type":"","overlay-color":"","overlay-opacity":"","overlay-gradient":""}},"footnotes":""},"categories":[151,102,1,29,105],"tags":[],"class_list":["post-11937","post","type-post","status-publish","format-standard","has-post-thumbnail","hentry","category-ambitartistic","category-eso","category-general","category-portada","category-pc"],"post_mailing_queue_ids":[],"_links":{"self":[{"href":"https:\/\/agora.xtec.cat\/iecastell\/wp-json\/wp\/v2\/posts\/11937","targetHints":{"allow":["GET"]}}],"collection":[{"href":"https:\/\/agora.xtec.cat\/iecastell\/wp-json\/wp\/v2\/posts"}],"about":[{"href":"https:\/\/agora.xtec.cat\/iecastell\/wp-json\/wp\/v2\/types\/post"}],"author":[{"embeddable":true,"href":"https:\/\/agora.xtec.cat\/iecastell\/wp-json\/wp\/v2\/users\/15"}],"replies":[{"embeddable":true,"href":"https:\/\/agora.xtec.cat\/iecastell\/wp-json\/wp\/v2\/comments?post=11937"}],"version-history":[{"count":3,"href":"https:\/\/agora.xtec.cat\/iecastell\/wp-json\/wp\/v2\/posts\/11937\/revisions"}],"predecessor-version":[{"id":11952,"href":"https:\/\/agora.xtec.cat\/iecastell\/wp-json\/wp\/v2\/posts\/11937\/revisions\/11952"}],"wp:featuredmedia":[{"embeddable":true,"href":"https:\/\/agora.xtec.cat\/iecastell\/wp-json\/wp\/v2\/media\/11941"}],"wp:attachment":[{"href":"https:\/\/agora.xtec.cat\/iecastell\/wp-json\/wp\/v2\/media?parent=11937"}],"wp:term":[{"taxonomy":"category","embeddable":true,"href":"https:\/\/agora.xtec.cat\/iecastell\/wp-json\/wp\/v2\/categories?post=11937"},{"taxonomy":"post_tag","embeddable":true,"href":"https:\/\/agora.xtec.cat\/iecastell\/wp-json\/wp\/v2\/tags?post=11937"}],"curies":[{"name":"wp","href":"https:\/\/api.w.org\/{rel}","templated":true}]}}